{"id":88770,"date":"2018-10-18T07:40:33","date_gmt":"2018-10-18T11:40:33","guid":{"rendered":"http:\/\/www.eltrabajo.cl\/2017\/?p=88770"},"modified":"2018-10-18T07:40:33","modified_gmt":"2018-10-18T11:40:33","slug":"subsecretario-redes-compromete-centro-mediana-complejidad-para-el-cancer","status":"publish","type":"post","link":"https:\/\/eltrabajo.cl\/portal\/subsecretario-redes-compromete-centro-mediana-complejidad-para-el-cancer\/","title":{"rendered":"Subsecretario Redes compromete centro mediana complejidad para el c\u00e1ncer"},"content":{"rendered":"<figure id=\"attachment_88771\" aria-describedby=\"caption-attachment-88771\" style=\"width: 578px\" class=\"wp-caption alignnone\"><img data-recalc-dims=\"1\" loading=\"lazy\" decoding=\"async\" class=\"size-full wp-image-88771\" src=\"https:\/\/i0.wp.com\/www.eltrabajo.cl\/2017\/wp-content\/uploads\/2018\/10\/camila-flores-con-subsec-redes.jpg?resize=578%2C331\" alt=\"Autoridades de Aconcagua se reunieron con el Subsecretario de Redes para pedir un centro de quimioterapia que funcione en San Felipe, consiguiendo el compromiso de la autoridad de instalar al menos uno de mediana complejidad para que un porcentaje de pacientes pueda tratarse en el hospital San Camilo.\" width=\"578\" height=\"331\" srcset=\"https:\/\/i0.wp.com\/eltrabajo.cl\/portal\/wp-content\/uploads\/2018\/10\/camila-flores-con-subsec-redes.jpg?w=578&amp;ssl=1 578w, https:\/\/i0.wp.com\/eltrabajo.cl\/portal\/wp-content\/uploads\/2018\/10\/camila-flores-con-subsec-redes.jpg?resize=200%2C115&amp;ssl=1 200w, https:\/\/i0.wp.com\/eltrabajo.cl\/portal\/wp-content\/uploads\/2018\/10\/camila-flores-con-subsec-redes.jpg?resize=300%2C172&amp;ssl=1 300w, https:\/\/i0.wp.com\/eltrabajo.cl\/portal\/wp-content\/uploads\/2018\/10\/camila-flores-con-subsec-redes.jpg?resize=262%2C150&amp;ssl=1 262w, https:\/\/i0.wp.com\/eltrabajo.cl\/portal\/wp-content\/uploads\/2018\/10\/camila-flores-con-subsec-redes.jpg?resize=400%2C229&amp;ssl=1 400w\" sizes=\"auto, (max-width: 578px) 100vw, 578px\" \/><figcaption id=\"caption-attachment-88771\" class=\"wp-caption-text\">Autoridades de Aconcagua se reunieron con el Subsecretario de Redes para pedir un centro de quimioterapia que funcione en San Felipe, consiguiendo el compromiso de la autoridad de instalar al menos uno de mediana complejidad para que un porcentaje de pacientes pueda tratarse en el hospital San Camilo.<\/figcaption><\/figure>\n<p><span style=\"color: #ff0000;\"><strong>Un porcentaje de pacientes ya no deber\u00e1 viajar a Valpara\u00edso:<\/strong><\/span><\/p>\n<ul>\n<li><strong>Diputada Camila Flores junto a directora de Salud y dirigentes sociales de Aconcagua, se reunieron con el personero para plantearle la necesidad de contar con un centro de quimioterapias en la zona.<\/strong><\/li>\n<\/ul>\n<p>La diputada Camila Flores junto a la Directora del Servicio de Salud Aconcagua, Susan Porras, el alcalde de Putaendo Guillermo Reyes, el concejal de Santa Mar\u00eda Jos\u00e9 Grbic y dirigentes de juntas de vecinos de la provincia de San Felipe, se reunieron con al Subsecretario de Redes Asistenciales Luis Castillo, para exponer los impedimentos que genera la falta de un centro asistencial que realice quimioterapias en la zona.<br \/>\nEl eje de la reuni\u00f3n fue la necesidad de contar con instalaciones de salud que permitan realizar las terapias indicadas a pacientes con c\u00e1ncer en San Felipe, ya que, en las condiciones actuales, la \u00fanica posibilidad de atenci\u00f3n en esta enfermedad se encuentra en el Hospital Van Buren en Valpara\u00edso, provocando que los pacientes deban trasladarse hasta dicho establecimiento m\u00e9dico para recibir este tratamiento.<br \/>\nPara la diputada Camila Flores, \u201ces de suma importancia que se pueda habilitar una instalaci\u00f3n m\u00e9dica que permita tratar a todos los habitantes del Valle. No es razonable convivir con este centralismo, incluso regional, que obliga a los pacientes que sufren de esta enfermedad desplazarse grandes distancias para recibir sus tratamientos en Valpara\u00edso. Se trata de un requerimiento de primera necesidad, porque buscamos contar tambi\u00e9n con m\u00e9dicos especializados en oncolog\u00eda, que ayude a que las personas que sufren de c\u00e1ncer y sus familias puedan tener una mejor calidad de vida\u201d.<br \/>\nEl Subsecretario de Redes Asistenciales, doctor Luis Castillo, mencion\u00f3 que \u201cdada la incidencia y frecuencia de las enfermedades neopl\u00e1sicas, de acuerdo al plan oncol\u00f3gico nacional, y de acuerdo al propio desarrollo de la provincia de San Felipe, vamos a desarrollar ah\u00ed (\u2026) un centro de complejidad b\u00e1sica y media, que va a significar que (el tratamiento de) quimioterapia se haga en el hospital de San Felipe para un porcentaje de enfermos portadores de esta enfermedad, que va a permitir que no se muevan de la provincia hacia a Valpara\u00edso, si no que se solucionen y se traten ah\u00ed mismo. Esto es, sin duda, un avance porque va a significar un desarrollo para el hospital y para la ciudad, estamos muy contentos, voy a visitar prontamente la ciudad para poder discutir, analizar esta informaci\u00f3n con mucho m\u00e1s detalle\u201d.<br \/>\nPara la presidenta de la Uni\u00f3n Comunal de Juntas de Vecinos de San Felipe, Ruth Delgado, \u201cla reuni\u00f3n fue muy provechosa, logramos que el subsecretario se comprometiera a venir a San Felipe a una reuni\u00f3n donde ser\u00e1n invitados todos los dirigentes vecinales de la provincia de Aconcagua (\u2026) y la diputada, quien se comprometi\u00f3 con nosotros, ella ha sido un pilar fundamental le doy mil gracias por todo el aporte y por acompa\u00f1arnos\u201d.<\/p>\n","protected":false},"excerpt":{"rendered":"<p>Un porcentaje de pacientes ya no deber\u00e1 viajar a Valpara\u00edso: Diputada Camila Flores junto a directora de Salud y dirigentes sociales de Aconcagua, se reunieron con el personero para plantearle la necesidad&#8230;<\/p>\n","protected":false},"author":1,"featured_media":88771,"comment_status":"open","ping_status":"open","sticky":false,"template":"","format":"standard","meta":{"advanced_seo_description":"","jetpack_seo_html_title":"","jetpack_seo_noindex":false,"_jetpack_memberships_contains_paid_content":false,"footnotes":""},"categories":[1],"tags":[],"class_list":["post-88770","post","type-post","status-publish","format-standard","has-post-thumbnail","hentry","category-cronica"],"jetpack_featured_media_url":"https:\/\/i0.wp.com\/eltrabajo.cl\/portal\/wp-content\/uploads\/2018\/10\/camila-flores-con-subsec-redes.jpg?fit=578%2C331&ssl=1","jetpack_sharing_enabled":true,"jetpack_likes_enabled":true,"jetpack-related-posts":[],"_links":{"self":[{"href":"https:\/\/eltrabajo.cl\/portal\/wp-json\/wp\/v2\/posts\/88770","targetHints":{"allow":["GET"]}}],"collection":[{"href":"https:\/\/eltrabajo.cl\/portal\/wp-json\/wp\/v2\/posts"}],"about":[{"href":"https:\/\/eltrabajo.cl\/portal\/wp-json\/wp\/v2\/types\/post"}],"author":[{"embeddable":true,"href":"https:\/\/eltrabajo.cl\/portal\/wp-json\/wp\/v2\/users\/1"}],"replies":[{"embeddable":true,"href":"https:\/\/eltrabajo.cl\/portal\/wp-json\/wp\/v2\/comments?post=88770"}],"version-history":[{"count":0,"href":"https:\/\/eltrabajo.cl\/portal\/wp-json\/wp\/v2\/posts\/88770\/revisions"}],"wp:featuredmedia":[{"embeddable":true,"href":"https:\/\/eltrabajo.cl\/portal\/wp-json\/wp\/v2\/media\/88771"}],"wp:attachment":[{"href":"https:\/\/eltrabajo.cl\/portal\/wp-json\/wp\/v2\/media?parent=88770"}],"wp:term":[{"taxonomy":"category","embeddable":true,"href":"https:\/\/eltrabajo.cl\/portal\/wp-json\/wp\/v2\/categories?post=88770"},{"taxonomy":"post_tag","embeddable":true,"href":"https:\/\/eltrabajo.cl\/portal\/wp-json\/wp\/v2\/tags?post=88770"}],"curies":[{"name":"wp","href":"https:\/\/api.w.org\/{rel}","templated":true}]}}