{"id":88781,"date":"2018-10-22T05:02:09","date_gmt":"2018-10-22T09:02:09","guid":{"rendered":"http:\/\/www.eltrabajo.cl\/2017\/?p=88781"},"modified":"2018-10-22T05:02:09","modified_gmt":"2018-10-22T09:02:09","slug":"defienden-las-ciclovias-pero-piden-fomentar-mas-la-cultura-vial","status":"publish","type":"post","link":"https:\/\/eltrabajo.cl\/portal\/defienden-las-ciclovias-pero-piden-fomentar-mas-la-cultura-vial\/","title":{"rendered":"Defienden las ciclov\u00edas pero piden fomentar m\u00e1s la cultura vial"},"content":{"rendered":"<figure id=\"attachment_88782\" aria-describedby=\"caption-attachment-88782\" style=\"width: 580px\" class=\"wp-caption alignnone\"><img data-recalc-dims=\"1\" loading=\"lazy\" decoding=\"async\" class=\"size-full wp-image-88782\" src=\"https:\/\/i0.wp.com\/www.eltrabajo.cl\/2017\/wp-content\/uploads\/2018\/10\/Ciclista.jpg?resize=580%2C379\" alt=\"Las c\u00e1maras de Diario El Trabajo nos muestran a un ciclista ocupando la ciclov\u00eda de Calle Coimas.\" width=\"580\" height=\"379\" srcset=\"https:\/\/i0.wp.com\/eltrabajo.cl\/portal\/wp-content\/uploads\/2018\/10\/Ciclista.jpg?w=580&amp;ssl=1 580w, https:\/\/i0.wp.com\/eltrabajo.cl\/portal\/wp-content\/uploads\/2018\/10\/Ciclista.jpg?resize=200%2C131&amp;ssl=1 200w, https:\/\/i0.wp.com\/eltrabajo.cl\/portal\/wp-content\/uploads\/2018\/10\/Ciclista.jpg?resize=300%2C196&amp;ssl=1 300w, https:\/\/i0.wp.com\/eltrabajo.cl\/portal\/wp-content\/uploads\/2018\/10\/Ciclista.jpg?resize=230%2C150&amp;ssl=1 230w, https:\/\/i0.wp.com\/eltrabajo.cl\/portal\/wp-content\/uploads\/2018\/10\/Ciclista.jpg?resize=400%2C261&amp;ssl=1 400w\" sizes=\"auto, (max-width: 580px) 100vw, 580px\" \/><figcaption id=\"caption-attachment-88782\" class=\"wp-caption-text\">Las c\u00e1maras de Diario El Trabajo nos muestran a un ciclista ocupando la ciclov\u00eda de Calle Coimas.<\/figcaption><\/figure>\n<p><span style=\"color: #ff0000;\"><strong>Agrupaci\u00f3n de ciclistas San Felipe Bike:<\/strong> <\/span><\/p>\n<p>El vocero de la Agrupaci\u00f3n de ciclistas San Felipe Bike, en conversaci\u00f3n con nuestro medio admiti\u00f3 estar de acuerdo como se est\u00e1n construyendo las ciclov\u00edas, eso s\u00ed con algunos reparos, especialmente en lo que tiene que ver con fomentar la cultura vial, que hay una buena convivencia entre el peat\u00f3n, el ciclista y el automovilista, algo que resulta esencial para el buen vivir. Junto con ello plantean que es necesario construir m\u00e1s ciclov\u00edas fuera de las cuatro alamedas hacia lugares como La Troya. Cree que falta conectar algunas partes de San Felipe con ese sector.<br \/>\nReconocer que hay harto por mejorar, especialmente respecto al orden, porque falta m\u00e1s cultura ciclista y tambi\u00e9n de los conductores, o sea de ambas partes, para que se respeten en las v\u00edas.<br \/>\n<strong>&#8211; \u00bfUstedes est\u00e1n a favor de c\u00f3mo est\u00e1n construidas las ciclov\u00edas en San Felipe, la ubicaci\u00f3n y como se han ejecutado?<\/strong><br \/>\n&#8211; En realidad yo creo que falta, falta un poco m\u00e1s de cultura, en realidad hay muchos Ceda el paso, no se sabe qu\u00e9 respetar, si pasa el ciclista o pasa el conductor, creo que en algunos lados falta m\u00e1s cultura vial, o sea, colocar algunos afiches donde se pueda ver donde tiene que esperar tambi\u00e9n el ciclista, donde tiene que parar el peat\u00f3n, porque muchas veces hay gente que desconoce el tema.<br \/>\n<strong>&#8211; \u00bfPero est\u00e1 a favor de las ciclov\u00edas as\u00ed como est\u00e1n? <\/strong><br \/>\n&#8211; O sea, nosotros estamos a favor de las ciclov\u00edas, as\u00ed como igual nos sirven pero quiz\u00e1s si se planteara de otra manera como entenderlas m\u00e1s, pienso que hace falta, hay lugares que est\u00e1n muy peligrosos en se\u00f1al\u00e9tica.<br \/>\n<strong>&#8211; Cuando dices extenderla, \u00bfqu\u00e9 significa, \u00bfsacarlas de las cuatro alamedas hacia Putaendo y La Troya, por ejemplo?<\/strong><br \/>\n&#8211; Claro, sacarlas de las cuatro alamedas, que no solamente sea en el centro de San Felipe sino que tirarlas hacia afuera, hay tantos lugares en San Felipe que deber\u00edan potenciar, como el cerro, La Troya, El Almendral, hay lugares muy bonitos como para seguir extendiendo las ciclov\u00edas, pero siempre que sea con una se\u00f1al\u00e9tica adecuada.<br \/>\n<strong>&#8211; \u00bfHoy en d\u00eda ustedes est\u00e1n de acuerdo con las ciclov\u00edas en las cuatro alamedas y en el centro de la ciudad?<\/strong><br \/>\n&#8211; Si claro.<br \/>\n<strong>&#8211; \u00bfEs positivo para el ciclista en general?<\/strong><br \/>\n&#8211; S\u00ed, exactamente.<br \/>\n<strong>&#8211; De todas maneras, \u00bfprofundizar m\u00e1s la se\u00f1aletica?<\/strong><br \/>\n&#8211; S\u00ed, la se\u00f1al\u00e9tica y m\u00e1s, la cultura vial.<br \/>\n<strong>&#8211; \u00bfHan percibido ustedes que hay poco ciclista que usa las ciclov\u00edas? <\/strong><br \/>\n&#8211; Bueno, se utiliza m\u00e1s los fines de semana por lo que yo he visto, pero tambi\u00e9n hay mucha gente que veo caminar por la ciclov\u00edas, en eso yo encuentro que hace falta cultura, se supone que es una ciclov\u00eda por donde transitan ciclistas, se ve gente pasar en coche, no s\u00e9, la gente no tiene cultura.<br \/>\n<strong>&#8211; \u00bfCu\u00e1l es el llamado que haces a la comunidad como representante de un movimiento de ciclistas? <\/strong><br \/>\n&#8211; Que utilicemos m\u00e1s las ciclov\u00edas ahora que se est\u00e1 dando a conocer m\u00e1s el tema de la bicicleta, que ocupemos esos espacios, que se hagan m\u00e1s encuentros, que se formen grupos, eso pienso.<\/p>\n","protected":false},"excerpt":{"rendered":"<p>Agrupaci\u00f3n de ciclistas San Felipe Bike: El vocero de la Agrupaci\u00f3n de ciclistas San Felipe Bike, en conversaci\u00f3n con nuestro medio admiti\u00f3 estar de acuerdo como se est\u00e1n construyendo las ciclov\u00edas, eso&#8230;<\/p>\n","protected":false},"author":1,"featured_media":88782,"comment_status":"open","ping_status":"open","sticky":false,"template":"","format":"standard","meta":{"advanced_seo_description":"","jetpack_seo_html_title":"","jetpack_seo_noindex":false,"_jetpack_memberships_contains_paid_content":false,"footnotes":""},"categories":[15],"tags":[],"class_list":["post-88781","post","type-post","status-publish","format-standard","has-post-thumbnail","hentry","category-comunidad"],"jetpack_featured_media_url":"https:\/\/i0.wp.com\/eltrabajo.cl\/portal\/wp-content\/uploads\/2018\/10\/Ciclista.jpg?fit=580%2C379&ssl=1","jetpack_sharing_enabled":true,"jetpack_likes_enabled":true,"jetpack-related-posts":[],"_links":{"self":[{"href":"https:\/\/eltrabajo.cl\/portal\/wp-json\/wp\/v2\/posts\/88781","targetHints":{"allow":["GET"]}}],"collection":[{"href":"https:\/\/eltrabajo.cl\/portal\/wp-json\/wp\/v2\/posts"}],"about":[{"href":"https:\/\/eltrabajo.cl\/portal\/wp-json\/wp\/v2\/types\/post"}],"author":[{"embeddable":true,"href":"https:\/\/eltrabajo.cl\/portal\/wp-json\/wp\/v2\/users\/1"}],"replies":[{"embeddable":true,"href":"https:\/\/eltrabajo.cl\/portal\/wp-json\/wp\/v2\/comments?post=88781"}],"version-history":[{"count":0,"href":"https:\/\/eltrabajo.cl\/portal\/wp-json\/wp\/v2\/posts\/88781\/revisions"}],"wp:featuredmedia":[{"embeddable":true,"href":"https:\/\/eltrabajo.cl\/portal\/wp-json\/wp\/v2\/media\/88782"}],"wp:attachment":[{"href":"https:\/\/eltrabajo.cl\/portal\/wp-json\/wp\/v2\/media?parent=88781"}],"wp:term":[{"taxonomy":"category","embeddable":true,"href":"https:\/\/eltrabajo.cl\/portal\/wp-json\/wp\/v2\/categories?post=88781"},{"taxonomy":"post_tag","embeddable":true,"href":"https:\/\/eltrabajo.cl\/portal\/wp-json\/wp\/v2\/tags?post=88781"}],"curies":[{"name":"wp","href":"https:\/\/api.w.org\/{rel}","templated":true}]}}