{"id":88806,"date":"2018-10-23T05:03:20","date_gmt":"2018-10-23T09:03:20","guid":{"rendered":"http:\/\/www.eltrabajo.cl\/2017\/?p=88806"},"modified":"2018-10-23T05:03:20","modified_gmt":"2018-10-23T09:03:20","slug":"operacion-retorno-cinco-ciudadanos-haitianos-solicitaron-volver-a-su-pais","status":"publish","type":"post","link":"https:\/\/eltrabajo.cl\/portal\/operacion-retorno-cinco-ciudadanos-haitianos-solicitaron-volver-a-su-pais\/","title":{"rendered":"Operaci\u00f3n Retorno: Cinco ciudadanos Haitianos solicitaron volver a su pa\u00eds"},"content":{"rendered":"<figure id=\"attachment_88807\" aria-describedby=\"caption-attachment-88807\" style=\"width: 580px\" class=\"wp-caption alignnone\"><img data-recalc-dims=\"1\" loading=\"lazy\" decoding=\"async\" class=\"size-full wp-image-88807\" src=\"https:\/\/i0.wp.com\/www.eltrabajo.cl\/2017\/wp-content\/uploads\/2018\/10\/Haitianos.jpg?resize=580%2C359\" alt=\"Ciudadanos haitianos en el frontis de la Gobernaci\u00f3n de San Felipe, donde cinco de ellos se regresan a Haiti y otros 20 pidieron los formularios para la eventualidad de tener que regresar.\" width=\"580\" height=\"359\" srcset=\"https:\/\/i0.wp.com\/eltrabajo.cl\/portal\/wp-content\/uploads\/2018\/10\/Haitianos.jpg?w=580&amp;ssl=1 580w, https:\/\/i0.wp.com\/eltrabajo.cl\/portal\/wp-content\/uploads\/2018\/10\/Haitianos.jpg?resize=200%2C124&amp;ssl=1 200w, https:\/\/i0.wp.com\/eltrabajo.cl\/portal\/wp-content\/uploads\/2018\/10\/Haitianos.jpg?resize=300%2C186&amp;ssl=1 300w, https:\/\/i0.wp.com\/eltrabajo.cl\/portal\/wp-content\/uploads\/2018\/10\/Haitianos.jpg?resize=242%2C150&amp;ssl=1 242w, https:\/\/i0.wp.com\/eltrabajo.cl\/portal\/wp-content\/uploads\/2018\/10\/Haitianos.jpg?resize=400%2C248&amp;ssl=1 400w\" sizes=\"auto, (max-width: 580px) 100vw, 580px\" \/><figcaption id=\"caption-attachment-88807\" class=\"wp-caption-text\">Ciudadanos haitianos en el frontis de la Gobernaci\u00f3n de San Felipe, donde cinco de ellos se regresan a Haiti y otros 20 pidieron los formularios para la eventualidad de tener que regresar.<\/figcaption><\/figure>\n<p>El gobernador Claudio Rodr\u00edguez inform\u00f3 que cinco ciudadanos haitianos pidieron regresar a su pa\u00eds. En tanto, otros veinte pidieron formularios para llenarlos y de esa forma, eventualmente, poder optar a la posibilidad que da el gobierno de irse voluntariamente de Chile.<br \/>\nEl gobernador recalc\u00f3 que esta es una operaci\u00f3n de car\u00e1cter humanitaria, eso es lo primero que quiere enfatizar. Luego coment\u00f3 el origen de toda esta Operaci\u00f3n Retorno: \u201cEsto nace porque un grupo de ciudadanos haitianos concurre hasta la c\u00e1mara de diputados, hace ver la situaci\u00f3n por la que est\u00e1n atravesando algunos de sus connacionales que est\u00e1n ac\u00e1 en Chile, algunos de los cuales llegaron enga\u00f1ados hasta nuestro pa\u00eds, donde se les ofreci\u00f3 poco menos que Chile era un para\u00edso, se les ofreci\u00f3 trabajo, casa y obviamente cuando se enfrentaron a la realidad, se dieron cuenta que no ten\u00edan nada que ver con lo que se les hab\u00eda ofrecido a ellos, y producto de eso es que hicieron ver esta situaci\u00f3n a la c\u00e1mara de diputados y esta a su vez en el mes de agosto se lo hizo saber al Ministerio del Interior, quien se comprometi\u00f3 a analizar y dentro del mismo mes de agosto resuelve buscar una f\u00f3rmula que facilite el retorno de esos ciudadanos que quieren regresar a su pa\u00eds de origen en este caso Hait\u00ed\u201d, indic\u00f3 Rodr\u00edguez.<br \/>\nDe todas maneras el gobernador Rodr\u00edguez Cataldo reconoci\u00f3 que no fue f\u00e1cil buscar la soluci\u00f3n, porque hay costos involucrados, y sobre todo hay que asegurarse que la decisi\u00f3n sea absolutamente voluntaria, es decir libre y voluntaria; \u201caqu\u00ed a nadie se le est\u00e1 obligando, por eso part\u00ed se\u00f1alando que es m\u00e1s bien una decisi\u00f3n de car\u00e1cter humanitaria, porque son personas que como est\u00e1n sin trabajo y si lo tienen es precario, por lo tanto no pueden reunir el dinero para poder comprarse un ticket de avi\u00f3n y regresar a su pa\u00eds, de ah\u00ed entonces que se le est\u00e1 facilitando el retorno a trav\u00e9s de aviones de la FACh para que dejen de estar \u2018prisioneros\u2019 en nuestro territorio\u201d, indic\u00f3.<br \/>\n<strong>&#8211; \u00bfSe sabe de alg\u00fan n\u00famero de ciudadanos que quieran regresar a su pa\u00eds?<\/strong><br \/>\n&#8211; S\u00ed, hay cinco solicitudes realizadas (viernes) ac\u00e1 en la provincia y veinte solicitudes formularios hechas entre extranjer\u00eda, gobernaci\u00f3n y el IPS que los atiende espec\u00edficamente, y estamos atentos a orientar y a acoger naturalmente a aquellos ciudadanos extranjeros que quieran retornar a su pa\u00eds de origen, de alguna manera yo dir\u00eda sacarlos de la situaci\u00f3n de obligaci\u00f3n de permanecer en nuestro pa\u00eds.<br \/>\n<strong>&#8211; Es decir, las cinco personas que quieren volver a su pa\u00eds est\u00e1n listas para abordar el avi\u00f3n.<\/strong><br \/>\n&#8211; Claro, ya hicieron la solicitud, ahora viene toda la etapa de verificaci\u00f3n de los antecedentes, porque aquellas personas que tengan deuda con nuestra justicia, que hayan cometido alg\u00fan il\u00edcito en nuestro pa\u00eds, esas personas digamos no se les va a facilitar el retorno, sino que tendr\u00e1n que cumplir sus penas en nuestro pa\u00eds.<br \/>\n<strong>&#8211; \u00bfSon hombres y mujeres?<\/strong><br \/>\n&#8211; Hombres, mujeres y ni\u00f1os, tambi\u00e9n pudiera ocurrir, porque en el fondo uno de los requisitos es que si hay un grupo familiar, el que retorna es el grupo familiar completo, no uno s\u00f3lo miembro del grupo familiar, por eso es importante que la decisi\u00f3n sea libre y voluntaria, y eso queda ratificado a trav\u00e9s de una declaraci\u00f3n notarial, donde se le explica con detalles en qu\u00e9 consiste esta operaci\u00f3n de retorno humanitario que est\u00e1 facilitando nuestro pa\u00eds, de forma que nadie se sienta enga\u00f1ado para tomar el vuelo de regreso hasta su pa\u00eds, adem\u00e1s es s\u00faper importante que entiendan que no podr\u00e1n retornar a nuestro pa\u00eds hasta un periodo de nueve a\u00f1os, porque la idea que est\u00e1 detr\u00e1s es que Chile est\u00e1 incurriendo en gastos para poder hacer esta facilitaci\u00f3n y por lo mismo no puede transformarse en una suerte de agencia de viajes.<\/p>\n<p><span style=\"color: #ff0000;\"><strong>NO ES UNA DEPORTACI\u00d3N CAMUFLADA<\/strong><\/span><br \/>\n<strong>&#8211; \u00bfQu\u00e9 opini\u00f3n le merece que algunos digan que esto es una deportaci\u00f3n \u2018camuflada\u2019?<\/strong><br \/>\n&#8211; Es muy lamentable, yo veo o falta de informaci\u00f3n o mala intenci\u00f3n, porque esto responde a una decisi\u00f3n de car\u00e1cter humanitario, insisto en la idea que esta inquietud ingresa por organizaciones de ciudadanos haitianos en la c\u00e1mara de diputados, y es la c\u00e1mara que en definitiva hace ver esta situaci\u00f3n y el gobierno se hace eco, porque obviamente no se puede retener a una persona en el territorio nacional porque simplemente se equivoc\u00f3 o porque lo enga\u00f1aron, as\u00ed es que lo que buscamos como gobierno es facilitar el retorno a aquellos que libre y voluntariamente deseen hacerlo. Yo hago mucho hincapi\u00e9 en eso de libre y voluntariamente, porque precisamente para evitar que alguien nuevamente enga\u00f1ado o desinformado tome la decisi\u00f3n de retornar pensando en que puede ir a su pa\u00eds y despu\u00e9s regresar, esa no es la idea, as\u00ed es que aqu\u00ed no hay una deportaci\u00f3n \u2018camuflada\u2019 c\u00f3mo alguien pudiera estar se\u00f1al\u00e1ndolo.<\/p>\n","protected":false},"excerpt":{"rendered":"<p>El gobernador Claudio Rodr\u00edguez inform\u00f3 que cinco ciudadanos haitianos pidieron regresar a su pa\u00eds. En tanto, otros veinte pidieron formularios para llenarlos y de esa forma, eventualmente, poder optar a la posibilidad&#8230;<\/p>\n","protected":false},"author":1,"featured_media":88807,"comment_status":"open","ping_status":"open","sticky":false,"template":"","format":"standard","meta":{"advanced_seo_description":"","jetpack_seo_html_title":"","jetpack_seo_noindex":false,"_jetpack_memberships_contains_paid_content":false,"footnotes":""},"categories":[1],"tags":[],"class_list":["post-88806","post","type-post","status-publish","format-standard","has-post-thumbnail","hentry","category-cronica"],"jetpack_featured_media_url":"https:\/\/i0.wp.com\/eltrabajo.cl\/portal\/wp-content\/uploads\/2018\/10\/Haitianos.jpg?fit=580%2C359&ssl=1","jetpack_sharing_enabled":true,"jetpack_likes_enabled":true,"jetpack-related-posts":[],"_links":{"self":[{"href":"https:\/\/eltrabajo.cl\/portal\/wp-json\/wp\/v2\/posts\/88806","targetHints":{"allow":["GET"]}}],"collection":[{"href":"https:\/\/eltrabajo.cl\/portal\/wp-json\/wp\/v2\/posts"}],"about":[{"href":"https:\/\/eltrabajo.cl\/portal\/wp-json\/wp\/v2\/types\/post"}],"author":[{"embeddable":true,"href":"https:\/\/eltrabajo.cl\/portal\/wp-json\/wp\/v2\/users\/1"}],"replies":[{"embeddable":true,"href":"https:\/\/eltrabajo.cl\/portal\/wp-json\/wp\/v2\/comments?post=88806"}],"version-history":[{"count":0,"href":"https:\/\/eltrabajo.cl\/portal\/wp-json\/wp\/v2\/posts\/88806\/revisions"}],"wp:featuredmedia":[{"embeddable":true,"href":"https:\/\/eltrabajo.cl\/portal\/wp-json\/wp\/v2\/media\/88807"}],"wp:attachment":[{"href":"https:\/\/eltrabajo.cl\/portal\/wp-json\/wp\/v2\/media?parent=88806"}],"wp:term":[{"taxonomy":"category","embeddable":true,"href":"https:\/\/eltrabajo.cl\/portal\/wp-json\/wp\/v2\/categories?post=88806"},{"taxonomy":"post_tag","embeddable":true,"href":"https:\/\/eltrabajo.cl\/portal\/wp-json\/wp\/v2\/tags?post=88806"}],"curies":[{"name":"wp","href":"https:\/\/api.w.org\/{rel}","templated":true}]}}