{"id":88816,"date":"2018-10-24T05:01:56","date_gmt":"2018-10-24T09:01:56","guid":{"rendered":"http:\/\/www.eltrabajo.cl\/2017\/?p=88816"},"modified":"2018-10-24T05:01:56","modified_gmt":"2018-10-24T09:01:56","slug":"roban-medidor-de-agua-y-cuatro-panos-del-cierre-perimetral-de-las-tres-canchas","status":"publish","type":"post","link":"https:\/\/eltrabajo.cl\/portal\/roban-medidor-de-agua-y-cuatro-panos-del-cierre-perimetral-de-las-tres-canchas\/","title":{"rendered":"Roban medidor de agua y cuatro pa\u00f1os del cierre perimetral de las \u2018Tres Canchas\u2019"},"content":{"rendered":"<figure id=\"attachment_88817\" aria-describedby=\"caption-attachment-88817\" style=\"width: 580px\" class=\"wp-caption alignnone\"><img data-recalc-dims=\"1\" loading=\"lazy\" decoding=\"async\" class=\"size-full wp-image-88817\" src=\"https:\/\/i0.wp.com\/www.eltrabajo.cl\/2017\/wp-content\/uploads\/2018\/10\/complejo.jpg?resize=580%2C360\" alt=\"La madruga del lunes el complejo Anfa fue objeto del robo de cuatro rejas externas y un medidor de agua \" width=\"580\" height=\"360\" srcset=\"https:\/\/i0.wp.com\/eltrabajo.cl\/portal\/wp-content\/uploads\/2018\/10\/complejo.jpg?w=580&amp;ssl=1 580w, https:\/\/i0.wp.com\/eltrabajo.cl\/portal\/wp-content\/uploads\/2018\/10\/complejo.jpg?resize=200%2C124&amp;ssl=1 200w, https:\/\/i0.wp.com\/eltrabajo.cl\/portal\/wp-content\/uploads\/2018\/10\/complejo.jpg?resize=300%2C186&amp;ssl=1 300w, https:\/\/i0.wp.com\/eltrabajo.cl\/portal\/wp-content\/uploads\/2018\/10\/complejo.jpg?resize=242%2C150&amp;ssl=1 242w, https:\/\/i0.wp.com\/eltrabajo.cl\/portal\/wp-content\/uploads\/2018\/10\/complejo.jpg?resize=400%2C248&amp;ssl=1 400w\" sizes=\"auto, (max-width: 580px) 100vw, 580px\" \/><figcaption id=\"caption-attachment-88817\" class=\"wp-caption-text\">La madruga del lunes el complejo Anfa fue objeto del robo de cuatro rejas externas y un medidor de agua<\/figcaption><\/figure>\n<p>La delincuencia nunca deja de sorprender, y es que cuando se cree haberlo visto todo respecto a los robos, aparecen situaciones como la que la madruga del lunes reci\u00e9n pasado le ocurri\u00f3 al Complejo Anfa o \u2018Tres Canchas\u2019, en el sector Parras\u00eda Bajo, al ser \u00e9ste objeto de la sustracci\u00f3n de un medidor de agua y cuatro pa\u00f1os de su cierre perimetral externo.<br \/>\nNo hay que ser adivino o experto en seguridad para anticipar que este es el primer paso para un \u2018bot\u00edn\u2019 de mayor cuant\u00eda, como lo son las nuevas rejas del cierre interno que hace poco tiempo mejoraron en algo el deteriorado aspecto de ese recinto deportivo.<br \/>\nEl presidente de la Asociaci\u00f3n de F\u00fatbol Amateur de San Felipe, Ra\u00fal Reinoso, no escondi\u00f3 su desaz\u00f3n por la sustracci\u00f3n de los pa\u00f1os met\u00e1licos: \u201cEl lunes en la tarde vine y me encontr\u00e9 con esto; todos somos responsables al no tomar los resguardos suficientes para que esta situaci\u00f3n no hubiera sucedido; ahora no s\u00e9 cu\u00e1l ser\u00e1 la soluci\u00f3n inmediata, porque el complejo est\u00e1 expuesto ahora a un robo mayor\u201d, dijo el timonel.<br \/>\nFrontal, como es su caracter\u00edstica habitual, Ra\u00fal Reinoso no descart\u00f3 que este hecho vand\u00e1lico haya tenido como objetivo central \u2018sacarlo del medio\u2019, ya que cree que \u00e9l es un obst\u00e1culo para que algunos personajes asuman la conducci\u00f3n del recinto y la asociaci\u00f3n. \u201cHe recibido muchas amenazas, porque todos saben que hay gente a la que les molesta que yo administre esto; hay algunos que incluso han llegado a decir que yo lucro con esto, as\u00ed que no me extra\u00f1ar\u00eda que ese sea el motivo de este robo\u201d, afirm\u00f3 el m\u00e1ximo directivo del balompi\u00e9 aficionado sanfelipe\u00f1o.<br \/>\n<strong>Jorge Vega Oses<\/strong><\/p>\n<figure id=\"attachment_88818\" aria-describedby=\"caption-attachment-88818\" style=\"width: 580px\" class=\"wp-caption alignnone\"><img data-recalc-dims=\"1\" loading=\"lazy\" decoding=\"async\" class=\"size-full wp-image-88818\" src=\"https:\/\/i0.wp.com\/www.eltrabajo.cl\/2017\/wp-content\/uploads\/2018\/10\/complejo-invita.jpg?resize=580%2C359\" alt=\"Sin los pa\u00f1os de cierre, el complejo Anfa est\u00e1 expuesto a un robo de mayor cuant\u00eda.\" width=\"580\" height=\"359\" srcset=\"https:\/\/i0.wp.com\/eltrabajo.cl\/portal\/wp-content\/uploads\/2018\/10\/complejo-invita.jpg?w=580&amp;ssl=1 580w, https:\/\/i0.wp.com\/eltrabajo.cl\/portal\/wp-content\/uploads\/2018\/10\/complejo-invita.jpg?resize=200%2C124&amp;ssl=1 200w, https:\/\/i0.wp.com\/eltrabajo.cl\/portal\/wp-content\/uploads\/2018\/10\/complejo-invita.jpg?resize=300%2C186&amp;ssl=1 300w, https:\/\/i0.wp.com\/eltrabajo.cl\/portal\/wp-content\/uploads\/2018\/10\/complejo-invita.jpg?resize=242%2C150&amp;ssl=1 242w, https:\/\/i0.wp.com\/eltrabajo.cl\/portal\/wp-content\/uploads\/2018\/10\/complejo-invita.jpg?resize=400%2C248&amp;ssl=1 400w\" sizes=\"auto, (max-width: 580px) 100vw, 580px\" \/><figcaption id=\"caption-attachment-88818\" class=\"wp-caption-text\">Sin los pa\u00f1os de cierre, el complejo Anfa est\u00e1 expuesto a un robo de mayor cuant\u00eda.<\/figcaption><\/figure>\n","protected":false},"excerpt":{"rendered":"<p>La delincuencia nunca deja de sorprender, y es que cuando se cree haberlo visto todo respecto a los robos, aparecen situaciones como la que la madruga del lunes reci\u00e9n pasado le ocurri\u00f3&#8230;<\/p>\n","protected":false},"author":1,"featured_media":88817,"comment_status":"open","ping_status":"open","sticky":false,"template":"","format":"standard","meta":{"advanced_seo_description":"","jetpack_seo_html_title":"","jetpack_seo_noindex":false,"_jetpack_memberships_contains_paid_content":false,"footnotes":""},"categories":[19],"tags":[],"class_list":["post-88816","post","type-post","status-publish","format-standard","has-post-thumbnail","hentry","category-deportes"],"jetpack_featured_media_url":"https:\/\/i0.wp.com\/eltrabajo.cl\/portal\/wp-content\/uploads\/2018\/10\/complejo.jpg?fit=580%2C360&ssl=1","jetpack_sharing_enabled":true,"jetpack_likes_enabled":true,"jetpack-related-posts":[],"_links":{"self":[{"href":"https:\/\/eltrabajo.cl\/portal\/wp-json\/wp\/v2\/posts\/88816","targetHints":{"allow":["GET"]}}],"collection":[{"href":"https:\/\/eltrabajo.cl\/portal\/wp-json\/wp\/v2\/posts"}],"about":[{"href":"https:\/\/eltrabajo.cl\/portal\/wp-json\/wp\/v2\/types\/post"}],"author":[{"embeddable":true,"href":"https:\/\/eltrabajo.cl\/portal\/wp-json\/wp\/v2\/users\/1"}],"replies":[{"embeddable":true,"href":"https:\/\/eltrabajo.cl\/portal\/wp-json\/wp\/v2\/comments?post=88816"}],"version-history":[{"count":0,"href":"https:\/\/eltrabajo.cl\/portal\/wp-json\/wp\/v2\/posts\/88816\/revisions"}],"wp:featuredmedia":[{"embeddable":true,"href":"https:\/\/eltrabajo.cl\/portal\/wp-json\/wp\/v2\/media\/88817"}],"wp:attachment":[{"href":"https:\/\/eltrabajo.cl\/portal\/wp-json\/wp\/v2\/media?parent=88816"}],"wp:term":[{"taxonomy":"category","embeddable":true,"href":"https:\/\/eltrabajo.cl\/portal\/wp-json\/wp\/v2\/categories?post=88816"},{"taxonomy":"post_tag","embeddable":true,"href":"https:\/\/eltrabajo.cl\/portal\/wp-json\/wp\/v2\/tags?post=88816"}],"curies":[{"name":"wp","href":"https:\/\/api.w.org\/{rel}","templated":true}]}}