{"id":88826,"date":"2018-10-24T05:03:17","date_gmt":"2018-10-24T09:03:17","guid":{"rendered":"http:\/\/www.eltrabajo.cl\/2017\/?p=88826"},"modified":"2018-10-24T05:03:17","modified_gmt":"2018-10-24T09:03:17","slug":"estudiaran-subir-arriendo-del-estadio-municipal-a-la-sa-de-union-san-felipe","status":"publish","type":"post","link":"https:\/\/eltrabajo.cl\/portal\/estudiaran-subir-arriendo-del-estadio-municipal-a-la-sa-de-union-san-felipe\/","title":{"rendered":"Estudiar\u00e1n subir arriendo del estadio municipal a la SA de Uni\u00f3n San Felipe"},"content":{"rendered":"<figure id=\"attachment_88827\" aria-describedby=\"caption-attachment-88827\" style=\"width: 580px\" class=\"wp-caption alignnone\"><img data-recalc-dims=\"1\" loading=\"lazy\" decoding=\"async\" class=\"size-full wp-image-88827\" src=\"https:\/\/i0.wp.com\/www.eltrabajo.cl\/2017\/wp-content\/uploads\/2018\/10\/Christian-Beals.jpg?resize=580%2C359\" alt=\"El concejal Christian Beals Campos puso en el tapete en la sesi\u00f3n de ayer del concejo, el tema del arriendo del estadio municipal a la SADP de Uni\u00f3n San Felipe.\" width=\"580\" height=\"359\" srcset=\"https:\/\/i0.wp.com\/eltrabajo.cl\/portal\/wp-content\/uploads\/2018\/10\/Christian-Beals.jpg?w=580&amp;ssl=1 580w, https:\/\/i0.wp.com\/eltrabajo.cl\/portal\/wp-content\/uploads\/2018\/10\/Christian-Beals.jpg?resize=200%2C124&amp;ssl=1 200w, https:\/\/i0.wp.com\/eltrabajo.cl\/portal\/wp-content\/uploads\/2018\/10\/Christian-Beals.jpg?resize=300%2C186&amp;ssl=1 300w, https:\/\/i0.wp.com\/eltrabajo.cl\/portal\/wp-content\/uploads\/2018\/10\/Christian-Beals.jpg?resize=242%2C150&amp;ssl=1 242w, https:\/\/i0.wp.com\/eltrabajo.cl\/portal\/wp-content\/uploads\/2018\/10\/Christian-Beals.jpg?resize=400%2C248&amp;ssl=1 400w\" sizes=\"auto, (max-width: 580px) 100vw, 580px\" \/><figcaption id=\"caption-attachment-88827\" class=\"wp-caption-text\">El concejal Christian Beals Campos puso en el tapete en la sesi\u00f3n de ayer del concejo, el tema del arriendo del estadio municipal a la SADP de Uni\u00f3n San Felipe.<\/figcaption><\/figure>\n<p><strong><span style=\"color: #ff0000;\">Concejo Municipal:\u00a0<\/span>Actualmente la sociedad an\u00f3nima paga escasos 400 mil pesos mensuales al municipio, en tanto solo en mantenci\u00f3n la municipalidad invierte tres millones de pesos al mes.<\/strong><\/p>\n<p>Durante la \u00faltima sesi\u00f3n ordinaria del Concejo Municipal realizada ayer martes 23 de octubre, el concejal Christian Beals Campos tom\u00f3 la palabra para hacer un an\u00e1lisis sobre el valor que paga por el arriendo del estadio, la Sociedad An\u00f3nima que administra Uni\u00f3n San Felipe, destacando que es un valor que est\u00e1 muy por debajo de los precios de mercado.<br \/>\nDe esta manera el concejal propuso aumentar ese valor al menos de acuerdo al IPC, algo que fue aprobado tambi\u00e9n por el alcalde Patricio Freire, quien se\u00f1al\u00f3 que esto debe analizarse, asintiendo con la cabeza estar de acuerdo con lo planteado por el edil Beals.<br \/>\n\u201cNosotros como municipio hemos invertido mucho dinero y viene otro aporte m\u00e1s de mil y tanto millones para estar en condiciones la mantenci\u00f3n del estadio municipal, y pagamos a empresas Johnson casi tres millones mensuales para que el club pueda desarrollar sus actividades y tambi\u00e9n la actividad local deportiva amateur, pero los valores est\u00e1n bajo mercado, o sea a nosotros no significa la mantenci\u00f3n y cuando el club ha tenido que viajar por arreglos, los precios son cuatro, cinco veces lo que pagan en San Felipe\u201d, se\u00f1al\u00f3 el concejal Beals.<br \/>\n\u201cEntonces se decidi\u00f3 un reajuste al valor debido a que tambi\u00e9n hay una p\u00e9sima comunicaci\u00f3n con la directiva del club con nosotros, al presidente se le ha invitado en reiteradas oportunidades y nunca ha venido y nos ha denostado p\u00fablicamente por la radio, por lo tanto las relaciones no son muy buenas\u201d, a\u00f1adi\u00f3 Beals.<br \/>\n<strong>&#8211; \u00bfCu\u00e1nto se sube el arriendo, o eso est\u00e1 por verse?<\/strong><br \/>\n&#8211; Ah\u00ed se va a analizar, es proporcional al inter\u00e9s normal del IPC, nunca una cosa exorbitante, pero se est\u00e1 cobrando un precio bajo de mercado.<br \/>\n<strong>&#8211; \u00bfCu\u00e1nto est\u00e1n pagando hoy por el arriendo del estadio municipal?<\/strong><br \/>\n&#8211; Cuatrocientos mil pesos.<br \/>\n<strong>&#8211; Se pretense subir \u00bfen cu\u00e1nto?<\/strong><br \/>\n&#8211; Eso hay que verlo, analizarlo.<br \/>\n<strong>&#8211; \u00bfUnos cien mil pesos m\u00e1s?<\/strong><br \/>\n&#8211; Algo as\u00ed, pero hay que analizarlo.<br \/>\nAl respecto el gerente de Uni\u00f3n San Felipe, Eduardo Olivares, al ser consultado indic\u00f3 que todav\u00eda no manejaban ning\u00fan tipo de informaci\u00f3n al respecto por lo que no se iba a referir a la situaci\u00f3n.<\/p>\n","protected":false},"excerpt":{"rendered":"<p>Concejo Municipal:\u00a0Actualmente la sociedad an\u00f3nima paga escasos 400 mil pesos mensuales al municipio, en tanto solo en mantenci\u00f3n la municipalidad invierte tres millones de pesos al mes. Durante la \u00faltima sesi\u00f3n ordinaria&#8230;<\/p>\n","protected":false},"author":1,"featured_media":88827,"comment_status":"open","ping_status":"open","sticky":false,"template":"","format":"standard","meta":{"advanced_seo_description":"","jetpack_seo_html_title":"","jetpack_seo_noindex":false,"_jetpack_memberships_contains_paid_content":false,"footnotes":""},"categories":[1],"tags":[],"class_list":["post-88826","post","type-post","status-publish","format-standard","has-post-thumbnail","hentry","category-cronica"],"jetpack_featured_media_url":"https:\/\/i0.wp.com\/eltrabajo.cl\/portal\/wp-content\/uploads\/2018\/10\/Christian-Beals.jpg?fit=580%2C359&ssl=1","jetpack_sharing_enabled":true,"jetpack_likes_enabled":true,"jetpack-related-posts":[],"_links":{"self":[{"href":"https:\/\/eltrabajo.cl\/portal\/wp-json\/wp\/v2\/posts\/88826","targetHints":{"allow":["GET"]}}],"collection":[{"href":"https:\/\/eltrabajo.cl\/portal\/wp-json\/wp\/v2\/posts"}],"about":[{"href":"https:\/\/eltrabajo.cl\/portal\/wp-json\/wp\/v2\/types\/post"}],"author":[{"embeddable":true,"href":"https:\/\/eltrabajo.cl\/portal\/wp-json\/wp\/v2\/users\/1"}],"replies":[{"embeddable":true,"href":"https:\/\/eltrabajo.cl\/portal\/wp-json\/wp\/v2\/comments?post=88826"}],"version-history":[{"count":0,"href":"https:\/\/eltrabajo.cl\/portal\/wp-json\/wp\/v2\/posts\/88826\/revisions"}],"wp:featuredmedia":[{"embeddable":true,"href":"https:\/\/eltrabajo.cl\/portal\/wp-json\/wp\/v2\/media\/88827"}],"wp:attachment":[{"href":"https:\/\/eltrabajo.cl\/portal\/wp-json\/wp\/v2\/media?parent=88826"}],"wp:term":[{"taxonomy":"category","embeddable":true,"href":"https:\/\/eltrabajo.cl\/portal\/wp-json\/wp\/v2\/categories?post=88826"},{"taxonomy":"post_tag","embeddable":true,"href":"https:\/\/eltrabajo.cl\/portal\/wp-json\/wp\/v2\/tags?post=88826"}],"curies":[{"name":"wp","href":"https:\/\/api.w.org\/{rel}","templated":true}]}}