{"id":88846,"date":"2018-10-25T05:03:07","date_gmt":"2018-10-25T09:03:07","guid":{"rendered":"http:\/\/www.eltrabajo.cl\/2017\/?p=88846"},"modified":"2018-10-25T05:03:07","modified_gmt":"2018-10-25T09:03:07","slug":"intillimani-y-kuatreros-del-sur-este-fin-de-semana-en-4a-feria-del-olivo-2018","status":"publish","type":"post","link":"https:\/\/eltrabajo.cl\/portal\/intillimani-y-kuatreros-del-sur-este-fin-de-semana-en-4a-feria-del-olivo-2018\/","title":{"rendered":"Intillimani y Kuatreros del Sur este fin de semana en 4\u00aa Feria del Olivo 2018"},"content":{"rendered":"<figure id=\"attachment_88849\" aria-describedby=\"caption-attachment-88849\" style=\"width: 580px\" class=\"wp-caption alignnone\"><img data-recalc-dims=\"1\" loading=\"lazy\" decoding=\"async\" class=\"size-full wp-image-88849\" src=\"https:\/\/i0.wp.com\/www.eltrabajo.cl\/2017\/wp-content\/uploads\/2018\/10\/Olivo2.jpg?resize=580%2C359\" alt=\"IMPERDIBLE.- Muchos productos artesanales, artistas locales y de fuera, as\u00ed como alimentos de producci\u00f3n local es lo que ofrecer\u00e1 esta 4\u00aa la Feria del Olivo 2018.\" width=\"580\" height=\"359\" srcset=\"https:\/\/i0.wp.com\/eltrabajo.cl\/portal\/wp-content\/uploads\/2018\/10\/Olivo2.jpg?w=580&amp;ssl=1 580w, https:\/\/i0.wp.com\/eltrabajo.cl\/portal\/wp-content\/uploads\/2018\/10\/Olivo2.jpg?resize=200%2C124&amp;ssl=1 200w, https:\/\/i0.wp.com\/eltrabajo.cl\/portal\/wp-content\/uploads\/2018\/10\/Olivo2.jpg?resize=300%2C186&amp;ssl=1 300w, https:\/\/i0.wp.com\/eltrabajo.cl\/portal\/wp-content\/uploads\/2018\/10\/Olivo2.jpg?resize=242%2C150&amp;ssl=1 242w, https:\/\/i0.wp.com\/eltrabajo.cl\/portal\/wp-content\/uploads\/2018\/10\/Olivo2.jpg?resize=400%2C248&amp;ssl=1 400w\" sizes=\"auto, (max-width: 580px) 100vw, 580px\" \/><figcaption id=\"caption-attachment-88849\" class=\"wp-caption-text\">IMPERDIBLE.- Muchos productos artesanales, artistas locales y de fuera, as\u00ed como alimentos de producci\u00f3n local es lo que ofrecer\u00e1 esta 4\u00aa la Feria del Olivo 2018.<\/figcaption><\/figure>\n<p><strong>SANTA MAR\u00cdA<\/strong>.- Vuelve la alegr\u00eda y variedad de productos y servicios en promoci\u00f3n durante este fin de semana en Santa Filomena, ya que se estar\u00e1 desarrollando la 4\u00aa la Feria del Olivo 2018, jornada en la que los mejores artesanos, comerciante y empresas de la zona se dan cita para mostrar y ofrecer sus productos.<br \/>\nDiario El Trabajo consult\u00f3 al alcalde de Santa Mar\u00eda, Claudio Zurita, sobre la parrilla art\u00edstica que se ofrece en esta nueva versi\u00f3n de la Feria, \u00abefectivamente, este s\u00e1bado 27 y domingo 28 de octubre tendremos en nuestra comuna de Santa Mar\u00eda la 4\u00aa versi\u00f3n de la Feria del Olivo, la que se desarrollar\u00e1 en la localidad de Santa Filomena, puntualmente en la explanada de la iglesia, por lo que hacemos una cordial invitaci\u00f3n a todos los vecinos de Aconcagua, para que concurran junto a sus familias y disfruten de este evento, que est\u00e1 dise\u00f1ado con mucho cari\u00f1o y una puesta en escena para deleitar a los asistentes\u00bb, dijo Zurita.<br \/>\nSobre el tema art\u00edstico Zurita agreg\u00f3 que \u00abclaro, en las versiones anteriores tuvimos una asistencia alt\u00edsima de personas, que han repletado no solo la explanada del templo en homenaje a Santa Filomena, sino que tambi\u00e9n en los alrededores de la localidad, por lo que esta experiencia de a\u00f1os anteriores nos indica que en 2018 la convocatoria del p\u00fablico ser\u00e1 igual de masiva\u00bb, indic\u00f3 el edil.<br \/>\nLa realizaci\u00f3n de este evento es un hito importante para el desarrollo del turismo y el conocimiento de la comuna de Santa Mar\u00eda. \u00abLa Feria del Olivo es junto a La Fiesta de Santa Filomena, representan hitos importantes de promoci\u00f3n tur\u00edstica de Santa Mar\u00eda, claramente apostamos a que los visitantes nos conozcan no s\u00f3lo geogr\u00e1ficamente, sino tambi\u00e9n la calidad de nuestros artesanos y emprendedores y los atractivos naturales que est\u00e1n presentes en el Valle de Jahuel\u00bb, detall\u00f3 el alcalde.<\/p>\n<p><span style=\"color: #ff0000;\"><strong>MUCHA VARIEDAD<\/strong><\/span><br \/>\nDesde el equipo de Prodesal, que estuvo a cargo de la selecci\u00f3n de los expositores, el agr\u00f3nomo Diego Arancibia indic\u00f3 a nuestro medio que \u00aben la feria habr\u00e1 60 expositores del Valle del Aconcagua, cuyos productos est\u00e1n en el \u00e1rea de quesos gourmet, charqui de cabra secado en horno, productos procesados como mermeladas, conservas, manjar de leche de cabra, y otros tantos productos que estar\u00e1n a la venta en la Feria del Olivo, la selecci\u00f3n de los expositores se hizo en base a un proceso de inscripci\u00f3n en el cual participaron alrededor de 100 personas\u00bb, coment\u00f3 Arancibia.<\/p>\n<p><span style=\"color: #ff0000;\"><strong>GRAN ESPECT\u00c1CULO<\/strong><\/span><br \/>\nLa versi\u00f3n 2018, de la Feria del Olivo, es un proyecto financiado por el Fondo de Cultura del Gobierno Regional de Valpara\u00edso.<br \/>\n\u00abEn cuanto a los artistas que est\u00e1n programados para el s\u00e1bado son Santiago Mar\u00edn a las 17:00 horas; a las 18: tenemos el Ballet Folcl\u00f3rico Dacuart, una hora despu\u00e9s Carla Costa (de Rojo) y el gran cierre con Kuatreros del Sur. Para el domingo el plato fuerte ser\u00e1 Inti Illimani a las 20:00 horas, pero antes de esta gran banda tendremos a Circo Teatro Jahuel a las 16:00 horas; Teocal\u00e1n a las 17:00 horas otros artistas como el Ballet Folcl\u00f3rico Municipal, y Seba Molina y Los T\u00edteres\u00bb, inform\u00f3 Zurita.<br \/>\n<strong>Roberto Gonz\u00e1lez Short<\/strong><\/p>\n<figure id=\"attachment_88847\" aria-describedby=\"caption-attachment-88847\" style=\"width: 580px\" class=\"wp-caption alignnone\"><img data-recalc-dims=\"1\" loading=\"lazy\" decoding=\"async\" class=\"size-full wp-image-88847\" src=\"https:\/\/i0.wp.com\/www.eltrabajo.cl\/2017\/wp-content\/uploads\/2018\/10\/Oliva_Claudio-Zurita.jpg?resize=580%2C494\" alt=\"Claudio Zurita Ibarra, alcalde de Santa Mar\u00eda.\" width=\"580\" height=\"494\" srcset=\"https:\/\/i0.wp.com\/eltrabajo.cl\/portal\/wp-content\/uploads\/2018\/10\/Oliva_Claudio-Zurita.jpg?w=580&amp;ssl=1 580w, https:\/\/i0.wp.com\/eltrabajo.cl\/portal\/wp-content\/uploads\/2018\/10\/Oliva_Claudio-Zurita.jpg?resize=176%2C150&amp;ssl=1 176w, https:\/\/i0.wp.com\/eltrabajo.cl\/portal\/wp-content\/uploads\/2018\/10\/Oliva_Claudio-Zurita.jpg?resize=300%2C256&amp;ssl=1 300w, https:\/\/i0.wp.com\/eltrabajo.cl\/portal\/wp-content\/uploads\/2018\/10\/Oliva_Claudio-Zurita.jpg?resize=400%2C341&amp;ssl=1 400w\" sizes=\"auto, (max-width: 580px) 100vw, 580px\" \/><figcaption id=\"caption-attachment-88847\" class=\"wp-caption-text\">Claudio Zurita Ibarra, alcalde de Santa Mar\u00eda.<\/figcaption><\/figure>\n<figure id=\"attachment_88848\" aria-describedby=\"caption-attachment-88848\" style=\"width: 580px\" class=\"wp-caption alignnone\"><img data-recalc-dims=\"1\" loading=\"lazy\" decoding=\"async\" class=\"size-full wp-image-88848\" src=\"https:\/\/i0.wp.com\/www.eltrabajo.cl\/2017\/wp-content\/uploads\/2018\/10\/Olivo1.jpg?resize=580%2C360\" alt=\"FERIA DEL OLIVO 2018.- Miles de personas son las que se esperan durante este fin de semana en Santa Filomena.\" width=\"580\" height=\"360\" srcset=\"https:\/\/i0.wp.com\/eltrabajo.cl\/portal\/wp-content\/uploads\/2018\/10\/Olivo1.jpg?w=580&amp;ssl=1 580w, https:\/\/i0.wp.com\/eltrabajo.cl\/portal\/wp-content\/uploads\/2018\/10\/Olivo1.jpg?resize=200%2C124&amp;ssl=1 200w, https:\/\/i0.wp.com\/eltrabajo.cl\/portal\/wp-content\/uploads\/2018\/10\/Olivo1.jpg?resize=300%2C186&amp;ssl=1 300w, https:\/\/i0.wp.com\/eltrabajo.cl\/portal\/wp-content\/uploads\/2018\/10\/Olivo1.jpg?resize=242%2C150&amp;ssl=1 242w, https:\/\/i0.wp.com\/eltrabajo.cl\/portal\/wp-content\/uploads\/2018\/10\/Olivo1.jpg?resize=400%2C248&amp;ssl=1 400w\" sizes=\"auto, (max-width: 580px) 100vw, 580px\" \/><figcaption id=\"caption-attachment-88848\" class=\"wp-caption-text\">FERIA DEL OLIVO 2018.- Miles de personas son las que se esperan durante este fin de semana en Santa Filomena.<\/figcaption><\/figure>\n","protected":false},"excerpt":{"rendered":"<p>SANTA MAR\u00cdA.- Vuelve la alegr\u00eda y variedad de productos y servicios en promoci\u00f3n durante este fin de semana en Santa Filomena, ya que se estar\u00e1 desarrollando la 4\u00aa la Feria del Olivo&#8230;<\/p>\n","protected":false},"author":1,"featured_media":88848,"comment_status":"open","ping_status":"open","sticky":false,"template":"","format":"standard","meta":{"advanced_seo_description":"","jetpack_seo_html_title":"","jetpack_seo_noindex":false,"_jetpack_memberships_contains_paid_content":false,"footnotes":""},"categories":[1],"tags":[],"class_list":["post-88846","post","type-post","status-publish","format-standard","has-post-thumbnail","hentry","category-cronica"],"jetpack_featured_media_url":"https:\/\/i0.wp.com\/eltrabajo.cl\/portal\/wp-content\/uploads\/2018\/10\/Olivo1.jpg?fit=580%2C360&ssl=1","jetpack_sharing_enabled":true,"jetpack_likes_enabled":true,"jetpack-related-posts":[],"_links":{"self":[{"href":"https:\/\/eltrabajo.cl\/portal\/wp-json\/wp\/v2\/posts\/88846","targetHints":{"allow":["GET"]}}],"collection":[{"href":"https:\/\/eltrabajo.cl\/portal\/wp-json\/wp\/v2\/posts"}],"about":[{"href":"https:\/\/eltrabajo.cl\/portal\/wp-json\/wp\/v2\/types\/post"}],"author":[{"embeddable":true,"href":"https:\/\/eltrabajo.cl\/portal\/wp-json\/wp\/v2\/users\/1"}],"replies":[{"embeddable":true,"href":"https:\/\/eltrabajo.cl\/portal\/wp-json\/wp\/v2\/comments?post=88846"}],"version-history":[{"count":0,"href":"https:\/\/eltrabajo.cl\/portal\/wp-json\/wp\/v2\/posts\/88846\/revisions"}],"wp:featuredmedia":[{"embeddable":true,"href":"https:\/\/eltrabajo.cl\/portal\/wp-json\/wp\/v2\/media\/88848"}],"wp:attachment":[{"href":"https:\/\/eltrabajo.cl\/portal\/wp-json\/wp\/v2\/media?parent=88846"}],"wp:term":[{"taxonomy":"category","embeddable":true,"href":"https:\/\/eltrabajo.cl\/portal\/wp-json\/wp\/v2\/categories?post=88846"},{"taxonomy":"post_tag","embeddable":true,"href":"https:\/\/eltrabajo.cl\/portal\/wp-json\/wp\/v2\/tags?post=88846"}],"curies":[{"name":"wp","href":"https:\/\/api.w.org\/{rel}","templated":true}]}}