{"id":88852,"date":"2018-10-26T05:00:57","date_gmt":"2018-10-26T09:00:57","guid":{"rendered":"http:\/\/www.eltrabajo.cl\/2017\/?p=88852"},"modified":"2018-10-26T05:00:57","modified_gmt":"2018-10-26T09:00:57","slug":"el-primero-de-noviembre-se-abriria-puente-monasterio-al-uso-del-publico","status":"publish","type":"post","link":"https:\/\/eltrabajo.cl\/portal\/el-primero-de-noviembre-se-abriria-puente-monasterio-al-uso-del-publico\/","title":{"rendered":"El primero de noviembre se abrir\u00eda Puente Monasterio al uso del p\u00fablico"},"content":{"rendered":"<figure id=\"attachment_88854\" aria-describedby=\"caption-attachment-88854\" style=\"width: 580px\" class=\"wp-caption alignnone\"><img data-recalc-dims=\"1\" loading=\"lazy\" decoding=\"async\" class=\"size-full wp-image-88854\" src=\"https:\/\/i0.wp.com\/www.eltrabajo.cl\/2017\/wp-content\/uploads\/2018\/10\/Puente-Visita.jpg?resize=580%2C360\" alt=\"El Seremi de OOPP Rodrigo Sep\u00falveda acompa\u00f1ado del gobernador Claudio Rodr\u00edguez junto a representantes de la empresa, en una visita inspectiva a los trabajos.\" width=\"580\" height=\"360\" srcset=\"https:\/\/i0.wp.com\/eltrabajo.cl\/portal\/wp-content\/uploads\/2018\/10\/Puente-Visita.jpg?w=580&amp;ssl=1 580w, https:\/\/i0.wp.com\/eltrabajo.cl\/portal\/wp-content\/uploads\/2018\/10\/Puente-Visita.jpg?resize=200%2C124&amp;ssl=1 200w, https:\/\/i0.wp.com\/eltrabajo.cl\/portal\/wp-content\/uploads\/2018\/10\/Puente-Visita.jpg?resize=300%2C186&amp;ssl=1 300w, https:\/\/i0.wp.com\/eltrabajo.cl\/portal\/wp-content\/uploads\/2018\/10\/Puente-Visita.jpg?resize=242%2C150&amp;ssl=1 242w, https:\/\/i0.wp.com\/eltrabajo.cl\/portal\/wp-content\/uploads\/2018\/10\/Puente-Visita.jpg?resize=400%2C248&amp;ssl=1 400w\" sizes=\"auto, (max-width: 580px) 100vw, 580px\" \/><figcaption id=\"caption-attachment-88854\" class=\"wp-caption-text\">El Seremi de OOPP Rodrigo Sep\u00falveda acompa\u00f1ado del gobernador Claudio Rodr\u00edguez junto a representantes de la empresa, en una visita inspectiva a los trabajos.<\/figcaption><\/figure>\n<p><strong><span style=\"color: #ff0000;\">De no presentarse inconvenientes de \u00faltima hora:<\/span>\u00a0Apertura se realizar\u00e1 en la fecha anunciada, aunque depende a\u00fan del fraguado del \u2018hormig\u00f3n temprano\u2019 que se utiliz\u00f3 en los trabajos.<\/strong><\/p>\n<p>El Seremi de Obras P\u00fablicas, Rodrigo Sep\u00falveda, acompa\u00f1ado del gobernador de San Felipe, Claudio Rodr\u00edguez Cataldo, visitaron los trabajos de reparaci\u00f3n que se est\u00e1n realizando en el Puente Monasterio, asegurando que si no hay alg\u00fan imprevisto, el tr\u00e1nsito debiera abrirse el d\u00eda 01 de noviembre.<br \/>\n\u00abEstamos haciendo una visita inspectiva, sabemos la importancia que tiene este puente para el tr\u00e1nsito de San Felipe y localidades cercanas, as\u00ed es que hemos estado muy atentos y poniendo \u00e9nfasis en cumplir el plazo que hab\u00edamos se\u00f1alado, que fue el 31 de octubre, ah\u00ed se completan las obras y eso est\u00e1 ocurriendo. Agradecemos a la empresa concesionaria que ha hecho todos los esfuerzos porque en alg\u00fan minuto hubo problemas con la instalaci\u00f3n de los nuevos pilotes, pero eso se solucion\u00f3 y se cumpli\u00f3 con el plazo, eso no significaron un atraso, eso es los m\u00e1s importante, as\u00ed es que estamos concluyendo con esta obra el 31 de octubre. Lo que tenemos que hacer ese mismo d\u00eda es verificar que la resistencia del hormig\u00f3n que hemos instalado es la que est\u00e1 definida en el proyecto, y ese ser\u00eda el \u00fanico tema que nos podr\u00eda demorar en 24 horas m\u00e1s la apertura del puente, pero hasta el minuto estimamos que estar\u00edamos abriendo el puente al tr\u00e1nsito vehicular el primer d\u00eda de noviembre\u00bb, se\u00f1al\u00f3 el Seremi de OOPP, Rodrigo Sep\u00falveda.<br \/>\nReconoci\u00f3 que lo anterior lo deja contento y tranquilo porque van a terminar en la fecha anunciada con esta obra.<br \/>\nLos trabajos se est\u00e1n realizando a ra\u00edz que el puente se da\u00f1\u00f3: \u00abLa cepa, la base del puente, se socav\u00f3 por un desv\u00edo que hubo en el r\u00edo por una explotaci\u00f3n de \u00e1ridos, ese es un tema que est\u00e1 manejando la DOH, este socavamiento adelgaz\u00f3 en el fondo las bases del puente y eso empez\u00f3 a generar un problema estructural del mismo\u00bb, indic\u00f3 el Seremi.<br \/>\nDebido a lo anterior, la soluci\u00f3n fue construir dos nuevos pilotes que est\u00e1n a los extremos de los existentes, ahora se van a ver cinco pilotes: \u00abSe coloca un amarre estructural donde se unen todas las piezas y esos conforman una nueva unidad que permite reforzar estructuralmente toda la unidad del puente, esa es la fase que se ha hecho ahora desde el mes de septiembre y que est\u00e1 concluyendo ahora en octubre\u00bb, indic\u00f3.<br \/>\nSe debe esperar el tiempo de fraguado del hormig\u00f3n que normalmente alcanza a los 28 d\u00edas, sin embargo el que se us\u00f3 ac\u00e1 es un hormig\u00f3n temprano que tan solo necesita tres d\u00edas para alcanzar su resistencia m\u00e1xima definida por el proyecto: \u00abPero eso tenemos que verificarlo, tiene que venir un ingeniero estructural a sacar una muestra y esa muestra verificar que tengamos la resistencia que nosotros queremos, si no se alcanza esa resistencia, quiere decir que hay que darle unos d\u00edas m\u00e1s, que puede ser 24 horas m\u00e1s al hormig\u00f3n para que termine de fraguar, y eso es lo que nosotros tenemos que hacer, de tal forma asegurar que el puente que vamos a entregar a la ciudadan\u00eda sea seguro, que es lo que m\u00e1s nos interesa\u00bb, indic\u00f3.<br \/>\nEn definitiva el puente debiera estar habilitado el pr\u00f3ximo fin de semana cuando comienza el mes de noviembre.<\/p>\n<figure id=\"attachment_88853\" aria-describedby=\"caption-attachment-88853\" style=\"width: 580px\" class=\"wp-caption alignnone\"><img data-recalc-dims=\"1\" loading=\"lazy\" decoding=\"async\" class=\"size-full wp-image-88853\" src=\"https:\/\/i0.wp.com\/www.eltrabajo.cl\/2017\/wp-content\/uploads\/2018\/10\/Puente-Pilotes.jpg?resize=580%2C360\" alt=\"Trabajadores de la empresa trabajando en el lugar donde se instalaron los nuevos pilotes para reforzar la estructura.\" width=\"580\" height=\"360\" srcset=\"https:\/\/i0.wp.com\/eltrabajo.cl\/portal\/wp-content\/uploads\/2018\/10\/Puente-Pilotes.jpg?w=580&amp;ssl=1 580w, https:\/\/i0.wp.com\/eltrabajo.cl\/portal\/wp-content\/uploads\/2018\/10\/Puente-Pilotes.jpg?resize=200%2C124&amp;ssl=1 200w, https:\/\/i0.wp.com\/eltrabajo.cl\/portal\/wp-content\/uploads\/2018\/10\/Puente-Pilotes.jpg?resize=300%2C186&amp;ssl=1 300w, https:\/\/i0.wp.com\/eltrabajo.cl\/portal\/wp-content\/uploads\/2018\/10\/Puente-Pilotes.jpg?resize=242%2C150&amp;ssl=1 242w, https:\/\/i0.wp.com\/eltrabajo.cl\/portal\/wp-content\/uploads\/2018\/10\/Puente-Pilotes.jpg?resize=400%2C248&amp;ssl=1 400w\" sizes=\"auto, (max-width: 580px) 100vw, 580px\" \/><figcaption id=\"caption-attachment-88853\" class=\"wp-caption-text\">Trabajadores de la empresa trabajando en el lugar donde se instalaron los nuevos pilotes para reforzar la estructura.<\/figcaption><\/figure>\n","protected":false},"excerpt":{"rendered":"<p>De no presentarse inconvenientes de \u00faltima hora:\u00a0Apertura se realizar\u00e1 en la fecha anunciada, aunque depende a\u00fan del fraguado del \u2018hormig\u00f3n temprano\u2019 que se utiliz\u00f3 en los trabajos. El Seremi de Obras P\u00fablicas,&#8230;<\/p>\n","protected":false},"author":1,"featured_media":88853,"comment_status":"open","ping_status":"open","sticky":false,"template":"","format":"standard","meta":{"advanced_seo_description":"","jetpack_seo_html_title":"","jetpack_seo_noindex":false,"_jetpack_memberships_contains_paid_content":false,"footnotes":""},"categories":[1],"tags":[],"class_list":["post-88852","post","type-post","status-publish","format-standard","has-post-thumbnail","hentry","category-cronica"],"jetpack_featured_media_url":"https:\/\/i0.wp.com\/eltrabajo.cl\/portal\/wp-content\/uploads\/2018\/10\/Puente-Pilotes.jpg?fit=580%2C360&ssl=1","jetpack_sharing_enabled":true,"jetpack_likes_enabled":true,"jetpack-related-posts":[],"_links":{"self":[{"href":"https:\/\/eltrabajo.cl\/portal\/wp-json\/wp\/v2\/posts\/88852","targetHints":{"allow":["GET"]}}],"collection":[{"href":"https:\/\/eltrabajo.cl\/portal\/wp-json\/wp\/v2\/posts"}],"about":[{"href":"https:\/\/eltrabajo.cl\/portal\/wp-json\/wp\/v2\/types\/post"}],"author":[{"embeddable":true,"href":"https:\/\/eltrabajo.cl\/portal\/wp-json\/wp\/v2\/users\/1"}],"replies":[{"embeddable":true,"href":"https:\/\/eltrabajo.cl\/portal\/wp-json\/wp\/v2\/comments?post=88852"}],"version-history":[{"count":0,"href":"https:\/\/eltrabajo.cl\/portal\/wp-json\/wp\/v2\/posts\/88852\/revisions"}],"wp:featuredmedia":[{"embeddable":true,"href":"https:\/\/eltrabajo.cl\/portal\/wp-json\/wp\/v2\/media\/88853"}],"wp:attachment":[{"href":"https:\/\/eltrabajo.cl\/portal\/wp-json\/wp\/v2\/media?parent=88852"}],"wp:term":[{"taxonomy":"category","embeddable":true,"href":"https:\/\/eltrabajo.cl\/portal\/wp-json\/wp\/v2\/categories?post=88852"},{"taxonomy":"post_tag","embeddable":true,"href":"https:\/\/eltrabajo.cl\/portal\/wp-json\/wp\/v2\/tags?post=88852"}],"curies":[{"name":"wp","href":"https:\/\/api.w.org\/{rel}","templated":true}]}}