{"id":88903,"date":"2018-10-30T07:40:10","date_gmt":"2018-10-30T11:40:10","guid":{"rendered":"http:\/\/www.eltrabajo.cl\/2017\/?p=88903"},"modified":"2018-10-30T07:40:10","modified_gmt":"2018-10-30T11:40:10","slug":"por-fecas-de-ratones-evacuan-jardin-infantil-de-villa-departamental","status":"publish","type":"post","link":"https:\/\/eltrabajo.cl\/portal\/por-fecas-de-ratones-evacuan-jardin-infantil-de-villa-departamental\/","title":{"rendered":"Por fecas de ratones evacuan jard\u00edn infantil de Villa Departamental"},"content":{"rendered":"<figure id=\"attachment_88904\" aria-describedby=\"caption-attachment-88904\" style=\"width: 580px\" class=\"wp-caption alignnone\"><img data-recalc-dims=\"1\" loading=\"lazy\" decoding=\"async\" class=\"size-full wp-image-88904\" src=\"https:\/\/i0.wp.com\/www.eltrabajo.cl\/2017\/wp-content\/uploads\/2018\/10\/Cuncunitas.jpg?resize=580%2C359\" alt=\"Frontis del Jard\u00edn Infantil \u2018Las Cuncunitas\u2019 de Villa Departamental en San Felipe.\" width=\"580\" height=\"359\" srcset=\"https:\/\/i0.wp.com\/eltrabajo.cl\/portal\/wp-content\/uploads\/2018\/10\/Cuncunitas.jpg?w=580&amp;ssl=1 580w, https:\/\/i0.wp.com\/eltrabajo.cl\/portal\/wp-content\/uploads\/2018\/10\/Cuncunitas.jpg?resize=200%2C124&amp;ssl=1 200w, https:\/\/i0.wp.com\/eltrabajo.cl\/portal\/wp-content\/uploads\/2018\/10\/Cuncunitas.jpg?resize=300%2C186&amp;ssl=1 300w, https:\/\/i0.wp.com\/eltrabajo.cl\/portal\/wp-content\/uploads\/2018\/10\/Cuncunitas.jpg?resize=242%2C150&amp;ssl=1 242w, https:\/\/i0.wp.com\/eltrabajo.cl\/portal\/wp-content\/uploads\/2018\/10\/Cuncunitas.jpg?resize=400%2C248&amp;ssl=1 400w\" sizes=\"auto, (max-width: 580px) 100vw, 580px\" \/><figcaption id=\"caption-attachment-88904\" class=\"wp-caption-text\">Frontis del Jard\u00edn Infantil \u2018Las Cuncunitas\u2019 de Villa Departamental en San Felipe.<\/figcaption><\/figure>\n<p>Una vez m\u00e1s el Jard\u00edn Infantil y Sala Cuna \u2018Las Cuncunitas\u2019 ubicado en la Villa Departamental, tuvo que ser evacuado debido a la presencia de fecas de ratones.<br \/>\nLa situaci\u00f3n se vivi\u00f3 el d\u00eda de ayer en horas de la ma\u00f1ana, cuando fueron encontradas en dependencias del establecimiento de educaci\u00f3n pre b\u00e1sico.<br \/>\nUna de las apoderadas que fue a buscar a su hijo, dijo a nuestro medio que tuvo que pedir permiso en el trabajo para ir a retirarlo, \u201cporque no tengo quien me ayude con eso, siempre es lo mismo, siempre tienen mucha \u2018caquita\u2019 de rat\u00f3n, hoy fue lo mismo, pero siempre me llaman dici\u00e9ndome: \u2018mamita, hay caquita de rat\u00f3n, hay que retirar los ni\u00f1os\u2019. No sabe, el lugar lo han desinfectados varias veces y en realidad ya no saben qu\u00e9 hacer, porque ponen mallas, y ya no saben qu\u00e9 hacer, pero s\u00ed vienen a desinfectar, pero dicen que la parte de atr\u00e1s es muy sucio y creen que de ah\u00ed salen las cosas\u201d, se\u00f1al\u00f3 la apoderada.<br \/>\nInformaci\u00f3n obtenida por nuestro medio indica que desde la Daem estaban aplicando lo que indica el protocolo, como es evacuar, desratizar y sanitizar.<br \/>\nCabe recordar que en al menos dos ocasiones anteriores este jard\u00edn infantil ha tenido este mismo problema.<br \/>\nPor lo que se pudo apreciar en el lugar, no hubo problemas de salud en los ni\u00f1os.<\/p>\n","protected":false},"excerpt":{"rendered":"<p>Una vez m\u00e1s el Jard\u00edn Infantil y Sala Cuna \u2018Las Cuncunitas\u2019 ubicado en la Villa Departamental, tuvo que ser evacuado debido a la presencia de fecas de ratones. La situaci\u00f3n se vivi\u00f3&#8230;<\/p>\n","protected":false},"author":1,"featured_media":88904,"comment_status":"open","ping_status":"open","sticky":false,"template":"","format":"standard","meta":{"advanced_seo_description":"","jetpack_seo_html_title":"","jetpack_seo_noindex":false,"_jetpack_memberships_contains_paid_content":false,"footnotes":""},"categories":[1],"tags":[],"class_list":["post-88903","post","type-post","status-publish","format-standard","has-post-thumbnail","hentry","category-cronica"],"jetpack_featured_media_url":"https:\/\/i0.wp.com\/eltrabajo.cl\/portal\/wp-content\/uploads\/2018\/10\/Cuncunitas.jpg?fit=580%2C359&ssl=1","jetpack_sharing_enabled":true,"jetpack_likes_enabled":true,"jetpack-related-posts":[],"_links":{"self":[{"href":"https:\/\/eltrabajo.cl\/portal\/wp-json\/wp\/v2\/posts\/88903","targetHints":{"allow":["GET"]}}],"collection":[{"href":"https:\/\/eltrabajo.cl\/portal\/wp-json\/wp\/v2\/posts"}],"about":[{"href":"https:\/\/eltrabajo.cl\/portal\/wp-json\/wp\/v2\/types\/post"}],"author":[{"embeddable":true,"href":"https:\/\/eltrabajo.cl\/portal\/wp-json\/wp\/v2\/users\/1"}],"replies":[{"embeddable":true,"href":"https:\/\/eltrabajo.cl\/portal\/wp-json\/wp\/v2\/comments?post=88903"}],"version-history":[{"count":0,"href":"https:\/\/eltrabajo.cl\/portal\/wp-json\/wp\/v2\/posts\/88903\/revisions"}],"wp:featuredmedia":[{"embeddable":true,"href":"https:\/\/eltrabajo.cl\/portal\/wp-json\/wp\/v2\/media\/88904"}],"wp:attachment":[{"href":"https:\/\/eltrabajo.cl\/portal\/wp-json\/wp\/v2\/media?parent=88903"}],"wp:term":[{"taxonomy":"category","embeddable":true,"href":"https:\/\/eltrabajo.cl\/portal\/wp-json\/wp\/v2\/categories?post=88903"},{"taxonomy":"post_tag","embeddable":true,"href":"https:\/\/eltrabajo.cl\/portal\/wp-json\/wp\/v2\/tags?post=88903"}],"curies":[{"name":"wp","href":"https:\/\/api.w.org\/{rel}","templated":true}]}}