{"id":88966,"date":"2018-11-06T05:01:58","date_gmt":"2018-11-06T09:01:58","guid":{"rendered":"http:\/\/www.eltrabajo.cl\/2017\/?p=88966"},"modified":"2018-11-06T05:01:58","modified_gmt":"2018-11-06T09:01:58","slug":"profesores-de-rinconada-protestan-por-bonificaciones-impagas-desde-2014","status":"publish","type":"post","link":"https:\/\/eltrabajo.cl\/portal\/profesores-de-rinconada-protestan-por-bonificaciones-impagas-desde-2014\/","title":{"rendered":"Profesores de Rinconada protestan por bonificaciones impagas desde 2014"},"content":{"rendered":"<figure id=\"attachment_88967\" aria-describedby=\"caption-attachment-88967\" style=\"width: 580px\" class=\"wp-caption alignnone\"><img data-recalc-dims=\"1\" loading=\"lazy\" decoding=\"async\" class=\"size-full wp-image-88967\" src=\"https:\/\/i0.wp.com\/www.eltrabajo.cl\/2017\/wp-content\/uploads\/2018\/11\/protesta-profesores-rinconada.jpg?resize=580%2C400\" alt=\"Los docentes realizaron una in\u00e9dita protesta en el frontis del edificio consistorial contra los concejales que rechazaron la modificaci\u00f3n presupuestaria.\" width=\"580\" height=\"400\" srcset=\"https:\/\/i0.wp.com\/eltrabajo.cl\/portal\/wp-content\/uploads\/2018\/11\/protesta-profesores-rinconada.jpg?w=580&amp;ssl=1 580w, https:\/\/i0.wp.com\/eltrabajo.cl\/portal\/wp-content\/uploads\/2018\/11\/protesta-profesores-rinconada.jpg?resize=200%2C138&amp;ssl=1 200w, https:\/\/i0.wp.com\/eltrabajo.cl\/portal\/wp-content\/uploads\/2018\/11\/protesta-profesores-rinconada.jpg?resize=300%2C207&amp;ssl=1 300w, https:\/\/i0.wp.com\/eltrabajo.cl\/portal\/wp-content\/uploads\/2018\/11\/protesta-profesores-rinconada.jpg?resize=218%2C150&amp;ssl=1 218w, https:\/\/i0.wp.com\/eltrabajo.cl\/portal\/wp-content\/uploads\/2018\/11\/protesta-profesores-rinconada.jpg?resize=400%2C276&amp;ssl=1 400w\" sizes=\"auto, (max-width: 580px) 100vw, 580px\" \/><figcaption id=\"caption-attachment-88967\" class=\"wp-caption-text\">Los docentes realizaron una in\u00e9dita protesta en el frontis del edificio consistorial contra los concejales que rechazaron la modificaci\u00f3n presupuestaria.<\/figcaption><\/figure>\n<p><strong>RINCONADA<\/strong>.- M\u00e1s de 80 docentes de Rinconada llegaron hasta el Municipio de la comuna para realizar una in\u00e9dita protesta en contra de los tres concejales que rechazaron la modificaci\u00f3n presupuestaria que permitir\u00eda el pago de m\u00e1s de 70 millones de pesos por concepto de bonos atrasados a los profesores tras el fallo favorable a los maestros por parte de la Corte Suprema, lo que fue frenado en el \u00faltimo Concejo Municipal en votaci\u00f3n dividida.<br \/>\n\u201cEso ha demostrado palmariamente que la demanda es justa, que no hay ninguna exageraci\u00f3n y lo que correspond\u00eda era el pago oportuno. Uno se pregunta, c\u00f3mo puede ser que entes oficiales del Estado, como son los municipios, a trav\u00e9s de determinados funcionarios, realicen mal los c\u00e1lculos y que esos c\u00e1lculos siempre sean en contra de los trabajadores y no a favor, cuando se supone que los \u00f3rganos del Estado est\u00e1n para favorecer al ciudadano\u201d, se\u00f1al\u00f3 el presidente provincial del Colegio de Profesores, Francisco Rodr\u00edguez.<br \/>\nEn la \u00faltima sesi\u00f3n del Concejo Municipal de Rinconada, los concejales Ana Pueyes y Miguel Vargas, junto con el alcalde Pedro Caballer\u00eda, aprobaron la modificaci\u00f3n presupuestaria que permitir\u00eda el pago a los profesores, sin embargo y debido al rechazo de esta instancia de los concejales Pablo Donat, Juan Urbina y Juan Castillo, quienes adujeron falta de antecedentes, no se pudo realizar el traspaso de fondos, lo que finalmente provoc\u00f3 la protesta de los docentes.<br \/>\n\u201cPrimero sostener que los antecedentes fueron entregados en su momento al Concejo, hace tres o cuatro semanas. Ellos, los concejales, est\u00e1n obligados a aprobar para evitar que el municipio caiga en d\u00e9ficit financiero. Lo que han hecho con esto es tensionar una relaci\u00f3n que ha sido bastante bien llevada a lo largo de esta historia. Recordar que los profesores de Rinconada son los que menos adhieren a las movilizaciones nacionales\u201d, indic\u00f3 el jefe del DAEM de Rinconada, Marcelo Salinas.<br \/>\nPor su parte, el alcalde Pedro Caballer\u00eda, apoy\u00f3 la protesta de los docentes que se realiz\u00f3 en el frontis del Municipio, y calific\u00f3 de justa la demanda que se inici\u00f3 en el a\u00f1o 2016, y que luego de tres fallos por parte de la Justicia en tribunales locales, la Corte de Apelaciones y la Corte Suprema se dio la raz\u00f3n al cuerpo docente municipal de Rinconada, quienes esperan una nueva resoluci\u00f3n durante el Concejo Municipal rinconadino de esta semana.<br \/>\n\u201cSabemos que hay una resoluci\u00f3n final de la corte y no nos queda m\u00e1s que pagar, esperamos que podamos cerrar este cap\u00edtulo en el siguiente Concejo Municipal cuando se presente la modificaci\u00f3n nuevamente. Hoy es justo que el gremio de profesores exija el mejoramiento de sus condiciones, por dignidad. Hoy en cierta medida se hace un poco de justicia para entregarles estos recursos que ellos leg\u00edtimamente se han ganado\u201d, concluy\u00f3 el alcalde Caballer\u00eda.<\/p>\n","protected":false},"excerpt":{"rendered":"<p>RINCONADA.- M\u00e1s de 80 docentes de Rinconada llegaron hasta el Municipio de la comuna para realizar una in\u00e9dita protesta en contra de los tres concejales que rechazaron la modificaci\u00f3n presupuestaria que permitir\u00eda&#8230;<\/p>\n","protected":false},"author":1,"featured_media":88967,"comment_status":"open","ping_status":"open","sticky":false,"template":"","format":"standard","meta":{"advanced_seo_description":"","jetpack_seo_html_title":"","jetpack_seo_noindex":false,"_jetpack_memberships_contains_paid_content":false,"footnotes":""},"categories":[1],"tags":[],"class_list":["post-88966","post","type-post","status-publish","format-standard","has-post-thumbnail","hentry","category-cronica"],"jetpack_featured_media_url":"https:\/\/i0.wp.com\/eltrabajo.cl\/portal\/wp-content\/uploads\/2018\/11\/protesta-profesores-rinconada.jpg?fit=580%2C400&ssl=1","jetpack_sharing_enabled":true,"jetpack_likes_enabled":true,"jetpack-related-posts":[],"_links":{"self":[{"href":"https:\/\/eltrabajo.cl\/portal\/wp-json\/wp\/v2\/posts\/88966","targetHints":{"allow":["GET"]}}],"collection":[{"href":"https:\/\/eltrabajo.cl\/portal\/wp-json\/wp\/v2\/posts"}],"about":[{"href":"https:\/\/eltrabajo.cl\/portal\/wp-json\/wp\/v2\/types\/post"}],"author":[{"embeddable":true,"href":"https:\/\/eltrabajo.cl\/portal\/wp-json\/wp\/v2\/users\/1"}],"replies":[{"embeddable":true,"href":"https:\/\/eltrabajo.cl\/portal\/wp-json\/wp\/v2\/comments?post=88966"}],"version-history":[{"count":0,"href":"https:\/\/eltrabajo.cl\/portal\/wp-json\/wp\/v2\/posts\/88966\/revisions"}],"wp:featuredmedia":[{"embeddable":true,"href":"https:\/\/eltrabajo.cl\/portal\/wp-json\/wp\/v2\/media\/88967"}],"wp:attachment":[{"href":"https:\/\/eltrabajo.cl\/portal\/wp-json\/wp\/v2\/media?parent=88966"}],"wp:term":[{"taxonomy":"category","embeddable":true,"href":"https:\/\/eltrabajo.cl\/portal\/wp-json\/wp\/v2\/categories?post=88966"},{"taxonomy":"post_tag","embeddable":true,"href":"https:\/\/eltrabajo.cl\/portal\/wp-json\/wp\/v2\/tags?post=88966"}],"curies":[{"name":"wp","href":"https:\/\/api.w.org\/{rel}","templated":true}]}}