{"id":88969,"date":"2018-11-06T05:02:03","date_gmt":"2018-11-06T09:02:03","guid":{"rendered":"http:\/\/www.eltrabajo.cl\/2017\/?p=88969"},"modified":"2018-11-06T05:02:03","modified_gmt":"2018-11-06T09:02:03","slug":"gendarmes-de-aconcagua-se-adhieren-a-paro-nacional-indefinido","status":"publish","type":"post","link":"https:\/\/eltrabajo.cl\/portal\/gendarmes-de-aconcagua-se-adhieren-a-paro-nacional-indefinido\/","title":{"rendered":"Gendarmes de Aconcagua se adhieren a paro nacional indefinido"},"content":{"rendered":"<figure id=\"attachment_88970\" aria-describedby=\"caption-attachment-88970\" style=\"width: 580px\" class=\"wp-caption alignnone\"><img data-recalc-dims=\"1\" loading=\"lazy\" decoding=\"async\" class=\"size-full wp-image-88970\" src=\"https:\/\/i0.wp.com\/www.eltrabajo.cl\/2017\/wp-content\/uploads\/2018\/11\/Andres-Orrego-ANFU.jpg?resize=580%2C399\" alt=\"Andr\u00e9s Orrego Contreras, presidente de ANFU Provincial San Felipe.\" width=\"580\" height=\"399\" srcset=\"https:\/\/i0.wp.com\/eltrabajo.cl\/portal\/wp-content\/uploads\/2018\/11\/Andres-Orrego-ANFU.jpg?w=580&amp;ssl=1 580w, https:\/\/i0.wp.com\/eltrabajo.cl\/portal\/wp-content\/uploads\/2018\/11\/Andres-Orrego-ANFU.jpg?resize=200%2C138&amp;ssl=1 200w, https:\/\/i0.wp.com\/eltrabajo.cl\/portal\/wp-content\/uploads\/2018\/11\/Andres-Orrego-ANFU.jpg?resize=300%2C206&amp;ssl=1 300w, https:\/\/i0.wp.com\/eltrabajo.cl\/portal\/wp-content\/uploads\/2018\/11\/Andres-Orrego-ANFU.jpg?resize=218%2C150&amp;ssl=1 218w, https:\/\/i0.wp.com\/eltrabajo.cl\/portal\/wp-content\/uploads\/2018\/11\/Andres-Orrego-ANFU.jpg?resize=400%2C275&amp;ssl=1 400w\" sizes=\"auto, (max-width: 580px) 100vw, 580px\" \/><figcaption id=\"caption-attachment-88970\" class=\"wp-caption-text\">Andr\u00e9s Orrego Contreras, presidente de ANFU Provincial San Felipe.<\/figcaption><\/figure>\n<p>Los Gendarmes de las c\u00e1rceles de San Felipe y Los Andes tambi\u00e9n se adhirieron al paro convocado por sus organizaciones a nivel nacional.<br \/>\nAs\u00ed lo inform\u00f3 el presidente de ANFU Provincial San Felipe, Andr\u00e9s Orrego Contreras, quien se\u00f1al\u00f3 a nuestro medio que \u201cnosotros a partir de este momento estamos adheridos al paro dado que no hubo una respuesta adecuada por parte del Gobierno y nuestros dirigentes nacionales han tomado la determinaci\u00f3n de ir a un paro, el cual a medida que vaya pasando el tiempo se va a radicalizar\u201d.<br \/>\n<strong>&#8211; \u00bfEs decir comienza hoy d\u00eda, pero no hay fecha de t\u00e9rmino?<\/strong><br \/>\n&#8211; Mientras no haya una respuesta adecuada del gobierno, nosotros mantenemos las acciones, de hecho San Felipe a contar de las diez de la ma\u00f1ana ya se tom\u00f3 la decisi\u00f3n, porque se hizo una reuni\u00f3n con los funcionarios y ellos decidieron adherirse al paro, no fue como en otros lados, donde simplemente se tomaron las unidades, y nosotros llegamos a una decisi\u00f3n mancomunada con las bases.<br \/>\n<strong>&#8211; \u00bfPor qu\u00e9 en otros lados bloquearon las c\u00e1rceles? <\/strong><br \/>\n&#8211; Efectivamente se bloquearon las c\u00e1rceles, ac\u00e1 en este momento las actividades se est\u00e1n parcialmente realizando, esto cambiar\u00eda el d\u00eda de ma\u00f1ana (hoy) si persiste el movimiento.<br \/>\n<strong>&#8211; \u00bfLos familiares van a poder visitar a los internos, c\u00f3mo va a ser ese proceso?<\/strong><br \/>\n&#8211; De hecho estamos esperando instrucciones del nivel central, dado que ellos son las m\u00e1ximas autoridades en este tema y nosotros seguimos solamente los lineamientos que ellos nos entregan.<br \/>\nComent\u00f3 que a contar de las diez y media de la ma\u00f1ana de ayer se iba a comenzar a recibir encomiendas, ya que se inform\u00f3 oportunamente a la gente durante los \u00faltimos d\u00edas y dando a conocer adem\u00e1s la problem\u00e1tica que ha acarreado este movimiento.<br \/>\nConsultado sobre los motivos del paro, dijo que fundamentalmente es la carrera funcionaria del personal; \u201cya que esta no existe, dentro de Gendarmer\u00eda de Chile tenemos gente con m\u00e1s de veinte a\u00f1os de servicio y son todav\u00eda cabos primero, lo mismo pasa con la planta uno de oficiales y para qu\u00e9 vamos a decir de la olvidada planta tres, que esa no tiene nada de nada\u2026 \u00a1nada de nada!\u201d, indic\u00f3 Orrego.<br \/>\nExplic\u00f3 que la planta tres tiene que ver con los funcionarios administrativos y profesionales que llevan a\u00f1os bajo la modalidad a contrata y no pasan a planta: \u201cTodo eso se est\u00e1 pidiendo al gobierno dentro de todas las peticiones que hay, son once puntos bastantes relevantes y el gobierno solamente est\u00e1 nombrando tres por decir lo menos\u201d, manifest\u00f3 el dirigente.<br \/>\n<strong>&#8211; \u00bfC\u00f3mo se soluciona el paro?<\/strong><br \/>\n&#8211; Que el Gobierno se abra al di\u00e1logo, si esto es que se abra al di\u00e1logo y dado esto se abrir\u00e1n las instancias para ir mejorando las condiciones, abrir otros espacios de conversaci\u00f3n.<br \/>\nReiter\u00f3 que uno de los puntos es que funcionarios que est\u00e1n a contrata pasen a planta: \u201cLa mayor parte de los funcionarios, ya que la planta debiera ser 80\/20 y en este momento dista bastante de lo anterior\u201d, se\u00f1al\u00f3 Orrego.<br \/>\nEn la c\u00e1rcel de San Felipe actualmente hay m\u00e1s de trescientos internos.<\/p>\n<figure id=\"attachment_88971\" aria-describedby=\"caption-attachment-88971\" style=\"width: 580px\" class=\"wp-caption alignnone\"><img data-recalc-dims=\"1\" loading=\"lazy\" decoding=\"async\" class=\"size-full wp-image-88971\" src=\"https:\/\/i0.wp.com\/www.eltrabajo.cl\/2017\/wp-content\/uploads\/2018\/11\/C%C3%A1rcel.jpg?resize=580%2C399\" alt=\"El frontis de la c\u00e1rcel de San Felipe luc\u00eda ayer con un enorme lienzo en la parte superior relativo al paro.\" width=\"580\" height=\"399\" srcset=\"https:\/\/i0.wp.com\/eltrabajo.cl\/portal\/wp-content\/uploads\/2018\/11\/C%C3%A1rcel.jpg?w=580&amp;ssl=1 580w, https:\/\/i0.wp.com\/eltrabajo.cl\/portal\/wp-content\/uploads\/2018\/11\/C%C3%A1rcel.jpg?resize=200%2C138&amp;ssl=1 200w, https:\/\/i0.wp.com\/eltrabajo.cl\/portal\/wp-content\/uploads\/2018\/11\/C%C3%A1rcel.jpg?resize=300%2C206&amp;ssl=1 300w, https:\/\/i0.wp.com\/eltrabajo.cl\/portal\/wp-content\/uploads\/2018\/11\/C%C3%A1rcel.jpg?resize=218%2C150&amp;ssl=1 218w, https:\/\/i0.wp.com\/eltrabajo.cl\/portal\/wp-content\/uploads\/2018\/11\/C%C3%A1rcel.jpg?resize=400%2C275&amp;ssl=1 400w\" sizes=\"auto, (max-width: 580px) 100vw, 580px\" \/><figcaption id=\"caption-attachment-88971\" class=\"wp-caption-text\">El frontis de la c\u00e1rcel de San Felipe luc\u00eda ayer con un enorme lienzo en la parte superior relativo al paro.<\/figcaption><\/figure>\n","protected":false},"excerpt":{"rendered":"<p>Los Gendarmes de las c\u00e1rceles de San Felipe y Los Andes tambi\u00e9n se adhirieron al paro convocado por sus organizaciones a nivel nacional. As\u00ed lo inform\u00f3 el presidente de ANFU Provincial San&#8230;<\/p>\n","protected":false},"author":1,"featured_media":88971,"comment_status":"open","ping_status":"open","sticky":false,"template":"","format":"standard","meta":{"advanced_seo_description":"","jetpack_seo_html_title":"","jetpack_seo_noindex":false,"_jetpack_memberships_contains_paid_content":false,"footnotes":""},"categories":[1],"tags":[],"class_list":["post-88969","post","type-post","status-publish","format-standard","has-post-thumbnail","hentry","category-cronica"],"jetpack_featured_media_url":"https:\/\/i0.wp.com\/eltrabajo.cl\/portal\/wp-content\/uploads\/2018\/11\/C%C3%A1rcel.jpg?fit=580%2C399&ssl=1","jetpack_sharing_enabled":true,"jetpack_likes_enabled":true,"jetpack-related-posts":[],"_links":{"self":[{"href":"https:\/\/eltrabajo.cl\/portal\/wp-json\/wp\/v2\/posts\/88969","targetHints":{"allow":["GET"]}}],"collection":[{"href":"https:\/\/eltrabajo.cl\/portal\/wp-json\/wp\/v2\/posts"}],"about":[{"href":"https:\/\/eltrabajo.cl\/portal\/wp-json\/wp\/v2\/types\/post"}],"author":[{"embeddable":true,"href":"https:\/\/eltrabajo.cl\/portal\/wp-json\/wp\/v2\/users\/1"}],"replies":[{"embeddable":true,"href":"https:\/\/eltrabajo.cl\/portal\/wp-json\/wp\/v2\/comments?post=88969"}],"version-history":[{"count":0,"href":"https:\/\/eltrabajo.cl\/portal\/wp-json\/wp\/v2\/posts\/88969\/revisions"}],"wp:featuredmedia":[{"embeddable":true,"href":"https:\/\/eltrabajo.cl\/portal\/wp-json\/wp\/v2\/media\/88971"}],"wp:attachment":[{"href":"https:\/\/eltrabajo.cl\/portal\/wp-json\/wp\/v2\/media?parent=88969"}],"wp:term":[{"taxonomy":"category","embeddable":true,"href":"https:\/\/eltrabajo.cl\/portal\/wp-json\/wp\/v2\/categories?post=88969"},{"taxonomy":"post_tag","embeddable":true,"href":"https:\/\/eltrabajo.cl\/portal\/wp-json\/wp\/v2\/tags?post=88969"}],"curies":[{"name":"wp","href":"https:\/\/api.w.org\/{rel}","templated":true}]}}