{"id":88987,"date":"2018-11-06T05:06:35","date_gmt":"2018-11-06T09:06:35","guid":{"rendered":"http:\/\/www.eltrabajo.cl\/2017\/?p=88987"},"modified":"2018-11-06T05:06:35","modified_gmt":"2018-11-06T09:06:35","slug":"sesenta-haitianos-se-han-inscrito-para-regresar-a-su-pais-en-la-provincia","status":"publish","type":"post","link":"https:\/\/eltrabajo.cl\/portal\/sesenta-haitianos-se-han-inscrito-para-regresar-a-su-pais-en-la-provincia\/","title":{"rendered":"Sesenta haitianos se han inscrito para regresar a su pa\u00eds en la provincia"},"content":{"rendered":"<figure id=\"attachment_88988\" aria-describedby=\"caption-attachment-88988\" style=\"width: 580px\" class=\"wp-caption alignnone\"><img data-recalc-dims=\"1\" loading=\"lazy\" decoding=\"async\" class=\"size-full wp-image-88988\" src=\"https:\/\/i0.wp.com\/www.eltrabajo.cl\/2017\/wp-content\/uploads\/2018\/11\/Haitianos.jpg?resize=580%2C398\" alt=\"Hasta el momento sesenta ciudadanos haitianos han solicitado regresar a su pa\u00eds, acogi\u00e9ndose a los beneficios de la denominada \u2018Operaci\u00f3n Retorno\u2019. (Foto archivo).\" width=\"580\" height=\"398\" srcset=\"https:\/\/i0.wp.com\/eltrabajo.cl\/portal\/wp-content\/uploads\/2018\/11\/Haitianos.jpg?w=580&amp;ssl=1 580w, https:\/\/i0.wp.com\/eltrabajo.cl\/portal\/wp-content\/uploads\/2018\/11\/Haitianos.jpg?resize=200%2C137&amp;ssl=1 200w, https:\/\/i0.wp.com\/eltrabajo.cl\/portal\/wp-content\/uploads\/2018\/11\/Haitianos.jpg?resize=300%2C206&amp;ssl=1 300w, https:\/\/i0.wp.com\/eltrabajo.cl\/portal\/wp-content\/uploads\/2018\/11\/Haitianos.jpg?resize=219%2C150&amp;ssl=1 219w, https:\/\/i0.wp.com\/eltrabajo.cl\/portal\/wp-content\/uploads\/2018\/11\/Haitianos.jpg?resize=400%2C274&amp;ssl=1 400w\" sizes=\"auto, (max-width: 580px) 100vw, 580px\" \/><figcaption id=\"caption-attachment-88988\" class=\"wp-caption-text\">Hasta el momento sesenta ciudadanos haitianos han solicitado regresar a su pa\u00eds, acogi\u00e9ndose a los beneficios de la denominada \u2018Operaci\u00f3n Retorno\u2019. (Foto archivo).<\/figcaption><\/figure>\n<p><strong><span style=\"color: #ff0000;\">Operaci\u00f3n Retorno:<\/span> <\/strong><\/p>\n<p>Un total de sesenta haitianos hasta la fecha se han inscrito para volver a su pa\u00eds. Principalmente lo han hecho en las oficinas de Chile Atiende en vez de recurrir al departamento de Extranjer\u00eda de la Gobernaci\u00f3n Provincial de San Felipe.<br \/>\nAs\u00ed lo dio a conocer el propio gobernador provincial de San Felipe, Claudio Rodr\u00edguez Cataldo, quien dijo que esto se encuentra enmarcado dentro del programa humanitario que abri\u00f3 el presidente Sebasti\u00e1n Pi\u00f1era.<br \/>\n\u201cMe imagino que tambi\u00e9n les debe interesar conocerse, dentro de este primer vuelo no est\u00e1 considerado ninguno, me anticipan que en el segundo vuelo s\u00ed estar\u00edan considerados algunos de los haitianos que han optado por regresar a su pa\u00eds\u201d, se\u00f1al\u00f3 Rodr\u00edguez.<br \/>\nEl primer vuelo sale ma\u00f1ana siete de noviembre con al menos 176 personas, quienes para volver a Chile deber\u00e1n esperar al menos un lapso de nueve a\u00f1os.<br \/>\nReiter\u00f3 que son sesenta las personas que han solicitado retornar a su pa\u00eds: \u201cObviamente tenemos toda la disposici\u00f3n para facilitarles el retorno hasta que eso implique el traslado desde la provincia hasta el aeropuerto, de manera de darle todas las facilidades posibles para que sea un tr\u00e1nsito lo m\u00e1s normal y tranquilo posible\u201d, indic\u00f3 el gobernador.<br \/>\nRecord\u00f3 que las oficinas dispuestas para realizar el tr\u00e1mite de \u2018Operaci\u00f3n Retorno\u2019 son las oficinas de Extranjer\u00eda en la gobernaci\u00f3n provincial de San Felipe y de Chile Atiende ubicadas en calle Merced, frente a la plaza en San Felipe.<br \/>\nA nivel general, entre las causas principales para volver a su pa\u00eds, est\u00e1 la falta de trabajo en Chile, lo que no cumpli\u00f3 con sus expectativas que ten\u00edan cuando decidieron venirse a nuestro pa\u00eds.<\/p>\n","protected":false},"excerpt":{"rendered":"<p>Operaci\u00f3n Retorno: Un total de sesenta haitianos hasta la fecha se han inscrito para volver a su pa\u00eds. Principalmente lo han hecho en las oficinas de Chile Atiende en vez de recurrir&#8230;<\/p>\n","protected":false},"author":1,"featured_media":88988,"comment_status":"open","ping_status":"open","sticky":false,"template":"","format":"standard","meta":{"advanced_seo_description":"","jetpack_seo_html_title":"","jetpack_seo_noindex":false,"_jetpack_memberships_contains_paid_content":false,"footnotes":""},"categories":[1],"tags":[],"class_list":["post-88987","post","type-post","status-publish","format-standard","has-post-thumbnail","hentry","category-cronica"],"jetpack_featured_media_url":"https:\/\/i0.wp.com\/eltrabajo.cl\/portal\/wp-content\/uploads\/2018\/11\/Haitianos.jpg?fit=580%2C398&ssl=1","jetpack_sharing_enabled":true,"jetpack_likes_enabled":true,"jetpack-related-posts":[],"_links":{"self":[{"href":"https:\/\/eltrabajo.cl\/portal\/wp-json\/wp\/v2\/posts\/88987","targetHints":{"allow":["GET"]}}],"collection":[{"href":"https:\/\/eltrabajo.cl\/portal\/wp-json\/wp\/v2\/posts"}],"about":[{"href":"https:\/\/eltrabajo.cl\/portal\/wp-json\/wp\/v2\/types\/post"}],"author":[{"embeddable":true,"href":"https:\/\/eltrabajo.cl\/portal\/wp-json\/wp\/v2\/users\/1"}],"replies":[{"embeddable":true,"href":"https:\/\/eltrabajo.cl\/portal\/wp-json\/wp\/v2\/comments?post=88987"}],"version-history":[{"count":0,"href":"https:\/\/eltrabajo.cl\/portal\/wp-json\/wp\/v2\/posts\/88987\/revisions"}],"wp:featuredmedia":[{"embeddable":true,"href":"https:\/\/eltrabajo.cl\/portal\/wp-json\/wp\/v2\/media\/88988"}],"wp:attachment":[{"href":"https:\/\/eltrabajo.cl\/portal\/wp-json\/wp\/v2\/media?parent=88987"}],"wp:term":[{"taxonomy":"category","embeddable":true,"href":"https:\/\/eltrabajo.cl\/portal\/wp-json\/wp\/v2\/categories?post=88987"},{"taxonomy":"post_tag","embeddable":true,"href":"https:\/\/eltrabajo.cl\/portal\/wp-json\/wp\/v2\/tags?post=88987"}],"curies":[{"name":"wp","href":"https:\/\/api.w.org\/{rel}","templated":true}]}}