{"id":88993,"date":"2018-11-07T07:48:17","date_gmt":"2018-11-07T11:48:17","guid":{"rendered":"http:\/\/www.eltrabajo.cl\/2017\/?p=88993"},"modified":"2018-11-07T07:48:17","modified_gmt":"2018-11-07T11:48:17","slug":"funcionarios-no-dejaron-entrar-ni-salir-imputados-de-establecimiento-penal","status":"publish","type":"post","link":"https:\/\/eltrabajo.cl\/portal\/funcionarios-no-dejaron-entrar-ni-salir-imputados-de-establecimiento-penal\/","title":{"rendered":"Funcionarios no dejaron entrar ni salir imputados de establecimiento penal"},"content":{"rendered":"<figure id=\"attachment_88997\" aria-describedby=\"caption-attachment-88997\" style=\"width: 580px\" class=\"wp-caption alignnone\"><img data-recalc-dims=\"1\" loading=\"lazy\" decoding=\"async\" class=\"wp-image-88997 size-full\" src=\"https:\/\/i0.wp.com\/www.eltrabajo.cl\/2017\/wp-content\/uploads\/2018\/11\/Gendarmer%C3%ADa1.jpg?resize=580%2C359\" alt=\"Personal del penal de San Felipe formado al interior de la c\u00e1rcel.\" width=\"580\" height=\"359\" srcset=\"https:\/\/i0.wp.com\/eltrabajo.cl\/portal\/wp-content\/uploads\/2018\/11\/Gendarmer%C3%ADa1.jpg?w=580&amp;ssl=1 580w, https:\/\/i0.wp.com\/eltrabajo.cl\/portal\/wp-content\/uploads\/2018\/11\/Gendarmer%C3%ADa1.jpg?resize=200%2C124&amp;ssl=1 200w, https:\/\/i0.wp.com\/eltrabajo.cl\/portal\/wp-content\/uploads\/2018\/11\/Gendarmer%C3%ADa1.jpg?resize=300%2C186&amp;ssl=1 300w, https:\/\/i0.wp.com\/eltrabajo.cl\/portal\/wp-content\/uploads\/2018\/11\/Gendarmer%C3%ADa1.jpg?resize=242%2C150&amp;ssl=1 242w, https:\/\/i0.wp.com\/eltrabajo.cl\/portal\/wp-content\/uploads\/2018\/11\/Gendarmer%C3%ADa1.jpg?resize=400%2C248&amp;ssl=1 400w\" sizes=\"auto, (max-width: 580px) 100vw, 580px\" \/><figcaption id=\"caption-attachment-88997\" class=\"wp-caption-text\">Personal del penal de San Felipe formado al interior de la c\u00e1rcel.<\/figcaption><\/figure>\n<p><span style=\"color: #ff0000;\"><strong>Se radicaliza Paro de Gendarmer\u00eda:<\/strong><\/span><\/p>\n<p>Se radicaliz\u00f3 el paro de Gendarmer\u00eda en San Felipe, acatando lo ordenado desde su organizaci\u00f3n central. Esto se tradujo en que se detuvo la salida e ingreso de internos al penal. Exceptuando uno que deb\u00eda dializarse y otro que deb\u00eda concurrir a una audiencia del Tribunal Oral en Lo Penal de San Felipe por un juicio que se estaba realizando y era pr\u00e1cticamente imposible postergar.<br \/>\nEl presidente de ANFU Provincial San Felipe, Andr\u00e9s Orrego, confirm\u00f3 esta situaci\u00f3n indicando que se realiz\u00f3 una jornada de reflexi\u00f3n, donde el personal vot\u00f3 a mano alzada el visto bueno para que se llevara a cabo esta medida.<br \/>\nComent\u00f3 que en la actualidad se est\u00e1n recibiendo encomiendas y las visitas en forma normal e inclusive la conyugal.<br \/>\n\u201cEstamos recibiendo encomiendas, ingreso de abogados a contar de las diez de la ma\u00f1ana, cuando todos los funcionarios asuman sus puestos de servicios\u201d, indic\u00f3.<br \/>\nEn cuanto al personal que efect\u00faa labores de custodia en tribunales, el dirigente dijo que ese personal se levant\u00f3: \u201cNosotros no tenemos personal en el tribunal, por lo que Carabineros tendr\u00eda que asumir la custodia, toda vez que el personal se mantiene en el penal\u201d, sostuvo Orrego.<br \/>\nEl dirigente fue enf\u00e1tico en se\u00f1alar que el problema no es con los usuarios sino que es una problem\u00e1tica a nivel pa\u00eds que involucra a Gendarmer\u00eda.<br \/>\nRecord\u00f3 los puntos principales que llevaron a este paro, que dice relaci\u00f3n con la carrera funcionaria: \u201cEs algo que se viene pidiendo hace muchos a\u00f1os, todos los gobiernos de turno han sido indolentes con Gendarmer\u00eda, no se ha dado la oportunidad ni posibilidad que esto se ejecute; gente con 15, 20 a\u00f1os de servicio se mantiene en los mismos grados, los grados menores jer\u00e1rquicos especialmente la planta n\u00famero dos que somos nosotros, la mayor\u00eda del personal y la planta tres que no tiene carrera funcionaria\u201d, se\u00f1al\u00f3 Orrego.<br \/>\n<strong>&#8211; \u00bfC\u00f3mo ha sido la reacci\u00f3n de los familiares de los internos?<\/strong><br \/>\n&#8211; Los familiares solidarizan con nosotros porque toda medida que sea beneficiosa para Gendarmer\u00eda repercute de buena forma para la poblaci\u00f3n.<br \/>\nAl finalizar reiter\u00f3 que no se est\u00e1 permitiendo el ingreso ni salida de imputados. Las visitas son normales, lo mismo con la entrega de encomienda y las visitas de los abogados.<br \/>\nDecir que por informaci\u00f3n obtenida por nuestro medio, Carabineros debi\u00f3 custodiar los controles de detenci\u00f3n en el Tribunal de Garant\u00eda.<\/p>\n","protected":false},"excerpt":{"rendered":"<p>Se radicaliza Paro de Gendarmer\u00eda: Se radicaliz\u00f3 el paro de Gendarmer\u00eda en San Felipe, acatando lo ordenado desde su organizaci\u00f3n central. Esto se tradujo en que se detuvo la salida e ingreso&#8230;<\/p>\n","protected":false},"author":1,"featured_media":88997,"comment_status":"open","ping_status":"open","sticky":false,"template":"","format":"standard","meta":{"advanced_seo_description":"","jetpack_seo_html_title":"","jetpack_seo_noindex":false,"_jetpack_memberships_contains_paid_content":false,"footnotes":""},"categories":[1],"tags":[],"class_list":["post-88993","post","type-post","status-publish","format-standard","has-post-thumbnail","hentry","category-cronica"],"jetpack_featured_media_url":"https:\/\/i0.wp.com\/eltrabajo.cl\/portal\/wp-content\/uploads\/2018\/11\/Gendarmer%C3%ADa1.jpg?fit=580%2C359&ssl=1","jetpack_sharing_enabled":true,"jetpack_likes_enabled":true,"jetpack-related-posts":[],"_links":{"self":[{"href":"https:\/\/eltrabajo.cl\/portal\/wp-json\/wp\/v2\/posts\/88993","targetHints":{"allow":["GET"]}}],"collection":[{"href":"https:\/\/eltrabajo.cl\/portal\/wp-json\/wp\/v2\/posts"}],"about":[{"href":"https:\/\/eltrabajo.cl\/portal\/wp-json\/wp\/v2\/types\/post"}],"author":[{"embeddable":true,"href":"https:\/\/eltrabajo.cl\/portal\/wp-json\/wp\/v2\/users\/1"}],"replies":[{"embeddable":true,"href":"https:\/\/eltrabajo.cl\/portal\/wp-json\/wp\/v2\/comments?post=88993"}],"version-history":[{"count":0,"href":"https:\/\/eltrabajo.cl\/portal\/wp-json\/wp\/v2\/posts\/88993\/revisions"}],"wp:featuredmedia":[{"embeddable":true,"href":"https:\/\/eltrabajo.cl\/portal\/wp-json\/wp\/v2\/media\/88997"}],"wp:attachment":[{"href":"https:\/\/eltrabajo.cl\/portal\/wp-json\/wp\/v2\/media?parent=88993"}],"wp:term":[{"taxonomy":"category","embeddable":true,"href":"https:\/\/eltrabajo.cl\/portal\/wp-json\/wp\/v2\/categories?post=88993"},{"taxonomy":"post_tag","embeddable":true,"href":"https:\/\/eltrabajo.cl\/portal\/wp-json\/wp\/v2\/tags?post=88993"}],"curies":[{"name":"wp","href":"https:\/\/api.w.org\/{rel}","templated":true}]}}