{"id":89000,"date":"2018-11-07T07:52:53","date_gmt":"2018-11-07T11:52:53","guid":{"rendered":"http:\/\/www.eltrabajo.cl\/2017\/?p=89000"},"modified":"2018-11-07T07:52:53","modified_gmt":"2018-11-07T11:52:53","slug":"rechazan-instalacion-de-planta-de-revision-tecnica-en-avenida-encon","status":"publish","type":"post","link":"https:\/\/eltrabajo.cl\/portal\/rechazan-instalacion-de-planta-de-revision-tecnica-en-avenida-encon\/","title":{"rendered":"Rechazan instalaci\u00f3n de planta de revisi\u00f3n t\u00e9cnica en Avenida Enc\u00f3n"},"content":{"rendered":"<figure id=\"attachment_89001\" aria-describedby=\"caption-attachment-89001\" style=\"width: 580px\" class=\"wp-caption alignnone\"><img data-recalc-dims=\"1\" loading=\"lazy\" decoding=\"async\" class=\"size-full wp-image-89001\" src=\"https:\/\/i0.wp.com\/www.eltrabajo.cl\/2017\/wp-content\/uploads\/2018\/11\/Torres.jpg?resize=580%2C359\" alt=\"Miguel Torres junto a vecinos de los Departamentos Enc\u00f3n que se oponen a la instalaci\u00f3n de la Planta de Revisi\u00f3n T\u00e9cnica.\" width=\"580\" height=\"359\" srcset=\"https:\/\/i0.wp.com\/eltrabajo.cl\/portal\/wp-content\/uploads\/2018\/11\/Torres.jpg?w=580&amp;ssl=1 580w, https:\/\/i0.wp.com\/eltrabajo.cl\/portal\/wp-content\/uploads\/2018\/11\/Torres.jpg?resize=200%2C124&amp;ssl=1 200w, https:\/\/i0.wp.com\/eltrabajo.cl\/portal\/wp-content\/uploads\/2018\/11\/Torres.jpg?resize=300%2C186&amp;ssl=1 300w, https:\/\/i0.wp.com\/eltrabajo.cl\/portal\/wp-content\/uploads\/2018\/11\/Torres.jpg?resize=242%2C150&amp;ssl=1 242w, https:\/\/i0.wp.com\/eltrabajo.cl\/portal\/wp-content\/uploads\/2018\/11\/Torres.jpg?resize=400%2C248&amp;ssl=1 400w\" sizes=\"auto, (max-width: 580px) 100vw, 580px\" \/><figcaption id=\"caption-attachment-89001\" class=\"wp-caption-text\">Miguel Torres junto a vecinos de los Departamentos Enc\u00f3n que se oponen a la instalaci\u00f3n de la Planta de Revisi\u00f3n T\u00e9cnica.<\/figcaption><\/figure>\n<p><span style=\"color: #ff0000;\"><strong>Vecinos felices con decisi\u00f3n del Concejo Municipal de San Felipe:<\/strong><\/span><\/p>\n<p>El concejo municipal de San Felipe rechaz\u00f3 la construcci\u00f3n de una planta de revisi\u00f3n t\u00e9cnica en la avenida Enc\u00f3n, a un costado de los blocks de departamentos del mismo nombre.<br \/>\nLa votaci\u00f3n se realiz\u00f3 ayer y el rechazo fue un\u00e1nime debido a que se trata de un conjunto habitacional el que quedar\u00e1 expuesto a ruidos, emisi\u00f3n de gases y otros problemas asociados.<br \/>\nAl referirse a lo anterior, la concejal RN Patricia Boffa dijo que \u201cel concejo municipal en pleno est\u00e1 en contra de la construcci\u00f3n de que ah\u00ed se levante una planta de revisi\u00f3n t\u00e9cnica producto que hay varios conjuntos habitacionales, nosotros sabemos lo que significa levantar una planta de revisi\u00f3n t\u00e9cnica tipo A, si bien es cierto que se habla de tecnolog\u00eda con turnos, sabemos que no va a ser as\u00ed, hay un sistema de pedir hora on line pero todos sabemos que esto no funciona en provincia, la gente igual va a ir a las cuatro de la ma\u00f1ana a buscar hora, tenemos el tema de gases, de ruidos y ah\u00ed es un conjunto habitacional donde mayoritariamente hay ni\u00f1os, adultos mayores, si bien es cierto la empresa se compromete a hacer un alzamiento de pandereta, por ejemplo, y varias obras de mitigaci\u00f3n, este concejo municipal est\u00e1 completamente en contra\u201d, se\u00f1al\u00f3 la edil.<br \/>\nReconoci\u00f3 que si la empresa decide instalarla fuera de la ciudad, el concejo les otorgar\u00e1 los permisos correspondientes.<br \/>\nPor su parte Miguel Torres, dirigente del Condominio Peumayen ubicado a unos metros donde se pretende instalar la planta revisora, se\u00f1al\u00f3 que \u201cse habl\u00f3 en el concejo donde todos los concejales no est\u00e1n de acuerdo que la revisi\u00f3n t\u00e9cnica llegue ah\u00ed porque hay una curva, es una curva que le va a hacer da\u00f1o a los vecinos, a todos los vecinos de Putaendo, San Felipe, Los Andes, de todos lados. Vaya en la ma\u00f1ana tipo ocho horas hay media cola por los dos lados, es una revisi\u00f3n t\u00e9cnica que va a hacer da\u00f1o a la gente, \u00bfpara qu\u00e9 arreglaron los departamentos del Enc\u00f3n si los van a venir a echar a perder? La presidenta del lugar est\u00e1 de acuerdo conmigo en no querer revisi\u00f3n t\u00e9cnica en los departamentos, porque nos van a echar a perder todo y los autos los van a meter a la poblaci\u00f3n de la m\u00eda Peumayen y m\u00e1s encima se van a meter en Enc\u00f3n y eso no queremos. Ya est\u00e1 bueno con los abusos, que nos pasen a llevar, sin preguntar a los vecinos que se va a instalar una revisi\u00f3n t\u00e9cnica. El alcalde tambi\u00e9n est\u00e1 de acuerdo en no querer una revisi\u00f3n t\u00e9cnica, a la hora que la instalen vamos a salir todos los vecinos de Putaendo, de ac\u00e1 en general, todos, le voy a pedir a todos que salgan si tenemos una revisi\u00f3n t\u00e9cnica que se quede ah\u00ed no m\u00e1s porque en Enc\u00f3n es una curva y una curva de dos metros donde los autos bajan a 160 kil\u00f3metros \u00bfCu\u00e1ntas muertes m\u00e1s vamos a tener?, \u00bfcu\u00e1ntos accidentes m\u00e1s vamos a tener m\u00e1s?\u201d, finaliz\u00f3.<br \/>\nCabe se\u00f1alar que en su momento la empresa hab\u00eda comenzado con la instalaci\u00f3n de la planta de revisi\u00f3n t\u00e9cnica, sin embargo los vecinos denunciaron este hecho y la municipalidad paraliz\u00f3 las obras.<\/p>\n","protected":false},"excerpt":{"rendered":"<p>Vecinos felices con decisi\u00f3n del Concejo Municipal de San Felipe: El concejo municipal de San Felipe rechaz\u00f3 la construcci\u00f3n de una planta de revisi\u00f3n t\u00e9cnica en la avenida Enc\u00f3n, a un costado&#8230;<\/p>\n","protected":false},"author":1,"featured_media":89001,"comment_status":"open","ping_status":"open","sticky":false,"template":"","format":"standard","meta":{"advanced_seo_description":"","jetpack_seo_html_title":"","jetpack_seo_noindex":false,"_jetpack_memberships_contains_paid_content":false,"footnotes":""},"categories":[1],"tags":[],"class_list":["post-89000","post","type-post","status-publish","format-standard","has-post-thumbnail","hentry","category-cronica"],"jetpack_featured_media_url":"https:\/\/i0.wp.com\/eltrabajo.cl\/portal\/wp-content\/uploads\/2018\/11\/Torres.jpg?fit=580%2C359&ssl=1","jetpack_sharing_enabled":true,"jetpack_likes_enabled":true,"jetpack-related-posts":[],"_links":{"self":[{"href":"https:\/\/eltrabajo.cl\/portal\/wp-json\/wp\/v2\/posts\/89000","targetHints":{"allow":["GET"]}}],"collection":[{"href":"https:\/\/eltrabajo.cl\/portal\/wp-json\/wp\/v2\/posts"}],"about":[{"href":"https:\/\/eltrabajo.cl\/portal\/wp-json\/wp\/v2\/types\/post"}],"author":[{"embeddable":true,"href":"https:\/\/eltrabajo.cl\/portal\/wp-json\/wp\/v2\/users\/1"}],"replies":[{"embeddable":true,"href":"https:\/\/eltrabajo.cl\/portal\/wp-json\/wp\/v2\/comments?post=89000"}],"version-history":[{"count":0,"href":"https:\/\/eltrabajo.cl\/portal\/wp-json\/wp\/v2\/posts\/89000\/revisions"}],"wp:featuredmedia":[{"embeddable":true,"href":"https:\/\/eltrabajo.cl\/portal\/wp-json\/wp\/v2\/media\/89001"}],"wp:attachment":[{"href":"https:\/\/eltrabajo.cl\/portal\/wp-json\/wp\/v2\/media?parent=89000"}],"wp:term":[{"taxonomy":"category","embeddable":true,"href":"https:\/\/eltrabajo.cl\/portal\/wp-json\/wp\/v2\/categories?post=89000"},{"taxonomy":"post_tag","embeddable":true,"href":"https:\/\/eltrabajo.cl\/portal\/wp-json\/wp\/v2\/tags?post=89000"}],"curies":[{"name":"wp","href":"https:\/\/api.w.org\/{rel}","templated":true}]}}