{"id":89020,"date":"2018-11-08T07:27:44","date_gmt":"2018-11-08T11:27:44","guid":{"rendered":"http:\/\/www.eltrabajo.cl\/2017\/?p=89020"},"modified":"2018-11-08T07:27:44","modified_gmt":"2018-11-08T11:27:44","slug":"autenticos-decadentes-y-santaferia-primeros-confirmados-para-el-palmenia-pizarro-2019","status":"publish","type":"post","link":"https:\/\/eltrabajo.cl\/portal\/autenticos-decadentes-y-santaferia-primeros-confirmados-para-el-palmenia-pizarro-2019\/","title":{"rendered":"\u2018Aut\u00e9nticos Decadentes\u2019 y \u2018Santaferia\u2019 primeros confirmados para el Palmenia Pizarro 2019"},"content":{"rendered":"<figure id=\"attachment_89021\" aria-describedby=\"caption-attachment-89021\" style=\"width: 579px\" class=\"wp-caption alignnone\"><img data-recalc-dims=\"1\" loading=\"lazy\" decoding=\"async\" class=\"size-full wp-image-89021\" src=\"https:\/\/i0.wp.com\/www.eltrabajo.cl\/2017\/wp-content\/uploads\/2018\/11\/santaferia.jpg?resize=579%2C326\" alt=\"Santaferia, uno de los grupos m\u00e1s populares del momento, ser\u00e1 parte de los artistas del Festival Palmenia Pizarro.\" width=\"579\" height=\"326\" srcset=\"https:\/\/i0.wp.com\/eltrabajo.cl\/portal\/wp-content\/uploads\/2018\/11\/santaferia.jpg?w=579&amp;ssl=1 579w, https:\/\/i0.wp.com\/eltrabajo.cl\/portal\/wp-content\/uploads\/2018\/11\/santaferia.jpg?resize=200%2C113&amp;ssl=1 200w, https:\/\/i0.wp.com\/eltrabajo.cl\/portal\/wp-content\/uploads\/2018\/11\/santaferia.jpg?resize=300%2C169&amp;ssl=1 300w, https:\/\/i0.wp.com\/eltrabajo.cl\/portal\/wp-content\/uploads\/2018\/11\/santaferia.jpg?resize=266%2C150&amp;ssl=1 266w, https:\/\/i0.wp.com\/eltrabajo.cl\/portal\/wp-content\/uploads\/2018\/11\/santaferia.jpg?resize=400%2C225&amp;ssl=1 400w\" sizes=\"auto, (max-width: 579px) 100vw, 579px\" \/><figcaption id=\"caption-attachment-89021\" class=\"wp-caption-text\">Santaferia, uno de los grupos m\u00e1s populares del momento, ser\u00e1 parte de los artistas del Festival Palmenia Pizarro.<\/figcaption><\/figure>\n<ul>\n<li><strong>Son las primeras agrupaciones que dir\u00e1n presente en la vig\u00e9sima versi\u00f3n que se realizar\u00e1 el 1 y 2 de febrero<\/strong><\/li>\n<\/ul>\n<p>Los Aut\u00e9nticos Decadentes y Santa Feria son los dos grupos confirmados para la vig\u00e9sima versi\u00f3n del Festival Palmenia Pizarro, que se realizar\u00e1 los d\u00edas 1 y 2 de febrero del 2019, en el Estadio Municipal de San Felipe.<br \/>\nAs\u00ed lo confirm\u00f3 el alcalde Patricio Freire, quien se\u00f1al\u00f3 que en los pr\u00f3ximos d\u00edas se dar\u00e1n a conocer los otros artistas que estar\u00e1n presentes en esta versi\u00f3n festivalera.<br \/>\n\u00abEs uno de los pocos festivales gratuitos que va quedando en Chile, \u00e9ste es para toda la comunidad aconcag\u00fcina, estamos muy contento por ello\u00bb, sostuvo.<br \/>\nEl concejal Christian Beals indic\u00f3 que se espera que sea un muy buen espect\u00e1culo, \u00abcomo concejo municipal lo hemos apoyado y permanecer con este festival que lleva el nombre de una destacada artista nacional\u00bb.<br \/>\nA su vez, el concejal Mario Villanueva reiter\u00f3 que existe satisfacci\u00f3n por apoyar una iniciativa local, \u00abes una oportunidad para muchos sanfelipe\u00f1os que no tiene la alternativa de salir de vacaciones y que su \u00fanica forma de recreaci\u00f3n es a trav\u00e9s de las actividades municipales\u00bb.<\/p>\n","protected":false},"excerpt":{"rendered":"<p>Son las primeras agrupaciones que dir\u00e1n presente en la vig\u00e9sima versi\u00f3n que se realizar\u00e1 el 1 y 2 de febrero Los Aut\u00e9nticos Decadentes y Santa Feria son los dos grupos confirmados para&#8230;<\/p>\n","protected":false},"author":1,"featured_media":89021,"comment_status":"open","ping_status":"open","sticky":false,"template":"","format":"standard","meta":{"advanced_seo_description":"","jetpack_seo_html_title":"","jetpack_seo_noindex":false,"_jetpack_memberships_contains_paid_content":false,"footnotes":""},"categories":[1],"tags":[],"class_list":["post-89020","post","type-post","status-publish","format-standard","has-post-thumbnail","hentry","category-cronica"],"jetpack_featured_media_url":"https:\/\/i0.wp.com\/eltrabajo.cl\/portal\/wp-content\/uploads\/2018\/11\/santaferia.jpg?fit=579%2C326&ssl=1","jetpack_sharing_enabled":true,"jetpack_likes_enabled":true,"jetpack-related-posts":[],"_links":{"self":[{"href":"https:\/\/eltrabajo.cl\/portal\/wp-json\/wp\/v2\/posts\/89020","targetHints":{"allow":["GET"]}}],"collection":[{"href":"https:\/\/eltrabajo.cl\/portal\/wp-json\/wp\/v2\/posts"}],"about":[{"href":"https:\/\/eltrabajo.cl\/portal\/wp-json\/wp\/v2\/types\/post"}],"author":[{"embeddable":true,"href":"https:\/\/eltrabajo.cl\/portal\/wp-json\/wp\/v2\/users\/1"}],"replies":[{"embeddable":true,"href":"https:\/\/eltrabajo.cl\/portal\/wp-json\/wp\/v2\/comments?post=89020"}],"version-history":[{"count":0,"href":"https:\/\/eltrabajo.cl\/portal\/wp-json\/wp\/v2\/posts\/89020\/revisions"}],"wp:featuredmedia":[{"embeddable":true,"href":"https:\/\/eltrabajo.cl\/portal\/wp-json\/wp\/v2\/media\/89021"}],"wp:attachment":[{"href":"https:\/\/eltrabajo.cl\/portal\/wp-json\/wp\/v2\/media?parent=89020"}],"wp:term":[{"taxonomy":"category","embeddable":true,"href":"https:\/\/eltrabajo.cl\/portal\/wp-json\/wp\/v2\/categories?post=89020"},{"taxonomy":"post_tag","embeddable":true,"href":"https:\/\/eltrabajo.cl\/portal\/wp-json\/wp\/v2\/tags?post=89020"}],"curies":[{"name":"wp","href":"https:\/\/api.w.org\/{rel}","templated":true}]}}