{"id":89050,"date":"2018-11-09T07:23:01","date_gmt":"2018-11-09T11:23:01","guid":{"rendered":"http:\/\/www.eltrabajo.cl\/2017\/?p=89050"},"modified":"2018-11-09T07:23:01","modified_gmt":"2018-11-09T11:23:01","slug":"dirigentes-realizan-banderazo-en-apoyo-al-paro-convocado-por-la-cut","status":"publish","type":"post","link":"https:\/\/eltrabajo.cl\/portal\/dirigentes-realizan-banderazo-en-apoyo-al-paro-convocado-por-la-cut\/","title":{"rendered":"Dirigentes realizan \u2018Banderazo\u2019 en apoyo al paro convocado por la CUT"},"content":{"rendered":"<figure id=\"attachment_89052\" aria-describedby=\"caption-attachment-89052\" style=\"width: 580px\" class=\"wp-caption alignnone\"><img data-recalc-dims=\"1\" loading=\"lazy\" decoding=\"async\" class=\"size-full wp-image-89052\" src=\"https:\/\/i0.wp.com\/www.eltrabajo.cl\/2017\/wp-content\/uploads\/2018\/11\/banderazo-VTF.jpg?resize=580%2C360\" alt=\"Representantes de los Jardines V\u00eda Transferencia de Fondos (VTF) presentes en el banderazo.\" width=\"580\" height=\"360\" srcset=\"https:\/\/i0.wp.com\/eltrabajo.cl\/portal\/wp-content\/uploads\/2018\/11\/banderazo-VTF.jpg?w=580&amp;ssl=1 580w, https:\/\/i0.wp.com\/eltrabajo.cl\/portal\/wp-content\/uploads\/2018\/11\/banderazo-VTF.jpg?resize=200%2C124&amp;ssl=1 200w, https:\/\/i0.wp.com\/eltrabajo.cl\/portal\/wp-content\/uploads\/2018\/11\/banderazo-VTF.jpg?resize=300%2C186&amp;ssl=1 300w, https:\/\/i0.wp.com\/eltrabajo.cl\/portal\/wp-content\/uploads\/2018\/11\/banderazo-VTF.jpg?resize=242%2C150&amp;ssl=1 242w, https:\/\/i0.wp.com\/eltrabajo.cl\/portal\/wp-content\/uploads\/2018\/11\/banderazo-VTF.jpg?resize=400%2C248&amp;ssl=1 400w\" sizes=\"auto, (max-width: 580px) 100vw, 580px\" \/><figcaption id=\"caption-attachment-89052\" class=\"wp-caption-text\">Representantes de los Jardines V\u00eda Transferencia de Fondos (VTF) presentes en el banderazo.<\/figcaption><\/figure>\n<p>Con un \u2018Banderazo\u2019 dirigentes de distintas instituciones se adhirieron al paro nacional convocado por la CUT a nivel nacional, la ma\u00f1ana de este jueves en la ciudad de San Felipe.<br \/>\nLa actividad estuvo centrada en la plaza c\u00edvica de la ciudad, donde se reunieron. Hubo discursos por parte de los dirigentes, entre ellos la presidenta de la CUT provincia de San Felipe, Mar\u00eda Cuellar, quien dijo: \u201cLa CUT llam\u00f3 a un paro nacional activo; qu\u00e9 quiere decir eso, que cada sector o provincia se organiza de acuerdo a sus propias realidades las distintas actividades posibles de hacer, nosotros como el gremio o sector p\u00fablico no est\u00e1 en paro, es muy dif\u00edcil sacar la gente sin que sufra amedrentamiento o descuento de su sueldo y eso la verdad que duele bastante, por lo tanto bajo esa realidad nosotros quisimos hacer un banderazo donde la gente se puede manifestar, de hecho la mayor\u00edas son dirigentes que son los que pueden salir un ratito a manifestarse y personas naturales que quieran hacerlo\u201d, indic\u00f3 Cuellar.<br \/>\nEn tanto Casandra Gonz\u00e1lez reiter\u00f3 que esta manifestaci\u00f3n est\u00e1 en el contexto del paro nacional que ha llamado la CUT ayer 08 de noviembre, donde hace un llamado en\u00e9rgico para que los trabajadores y las trabajadoras se puedan manifestar en cuanto a muchas reformas que se pretenden realizar en este gobierno; \u201cque en ning\u00fan caso van a beneficiar a los trabajadores en ese aspecto tenemos la reforma de pensiones, de Isapre, en ese sentido como trabajadores de la salud hay mucho que decir y vemos que hay un fortalecimiento incluso del presupuesto que aprob\u00f3 este a\u00f1os para el pr\u00f3ximo a\u00f1o a seguir fortaleciendo el sistema privado de salud, y que cada vez llegan menos recursos al sistema p\u00fablico y tambi\u00e9n en el tema de las AFP seguimos manteniendo nuestra posici\u00f3n clara los trabajadores de Chile han dicho no m\u00e1s AFP\u201d, indic\u00f3 Casandra.<br \/>\nDentro de las instituciones participantes estaban Correos de Chile, Jardines VTF, Fenats Aconcagua.<\/p>\n<figure id=\"attachment_89051\" aria-describedby=\"caption-attachment-89051\" style=\"width: 580px\" class=\"wp-caption alignnone\"><img data-recalc-dims=\"1\" loading=\"lazy\" decoding=\"async\" class=\"size-full wp-image-89051\" src=\"https:\/\/i0.wp.com\/www.eltrabajo.cl\/2017\/wp-content\/uploads\/2018\/11\/banderazo-CUT-2.jpg?resize=580%2C359\" alt=\"Representantes de Fenats y Correos de Chile presentes en el Banderazo.\" width=\"580\" height=\"359\" srcset=\"https:\/\/i0.wp.com\/eltrabajo.cl\/portal\/wp-content\/uploads\/2018\/11\/banderazo-CUT-2.jpg?w=580&amp;ssl=1 580w, https:\/\/i0.wp.com\/eltrabajo.cl\/portal\/wp-content\/uploads\/2018\/11\/banderazo-CUT-2.jpg?resize=200%2C124&amp;ssl=1 200w, https:\/\/i0.wp.com\/eltrabajo.cl\/portal\/wp-content\/uploads\/2018\/11\/banderazo-CUT-2.jpg?resize=300%2C186&amp;ssl=1 300w, https:\/\/i0.wp.com\/eltrabajo.cl\/portal\/wp-content\/uploads\/2018\/11\/banderazo-CUT-2.jpg?resize=242%2C150&amp;ssl=1 242w, https:\/\/i0.wp.com\/eltrabajo.cl\/portal\/wp-content\/uploads\/2018\/11\/banderazo-CUT-2.jpg?resize=400%2C248&amp;ssl=1 400w\" sizes=\"auto, (max-width: 580px) 100vw, 580px\" \/><figcaption id=\"caption-attachment-89051\" class=\"wp-caption-text\">Representantes de Fenats y Correos de Chile presentes en el Banderazo.<\/figcaption><\/figure>\n","protected":false},"excerpt":{"rendered":"<p>Con un \u2018Banderazo\u2019 dirigentes de distintas instituciones se adhirieron al paro nacional convocado por la CUT a nivel nacional, la ma\u00f1ana de este jueves en la ciudad de San Felipe. La actividad&#8230;<\/p>\n","protected":false},"author":1,"featured_media":89052,"comment_status":"open","ping_status":"open","sticky":false,"template":"","format":"standard","meta":{"advanced_seo_description":"","jetpack_seo_html_title":"","jetpack_seo_noindex":false,"_jetpack_memberships_contains_paid_content":false,"footnotes":""},"categories":[1],"tags":[],"class_list":["post-89050","post","type-post","status-publish","format-standard","has-post-thumbnail","hentry","category-cronica"],"jetpack_featured_media_url":"https:\/\/i0.wp.com\/eltrabajo.cl\/portal\/wp-content\/uploads\/2018\/11\/banderazo-VTF.jpg?fit=580%2C360&ssl=1","jetpack_sharing_enabled":true,"jetpack_likes_enabled":true,"jetpack-related-posts":[],"_links":{"self":[{"href":"https:\/\/eltrabajo.cl\/portal\/wp-json\/wp\/v2\/posts\/89050","targetHints":{"allow":["GET"]}}],"collection":[{"href":"https:\/\/eltrabajo.cl\/portal\/wp-json\/wp\/v2\/posts"}],"about":[{"href":"https:\/\/eltrabajo.cl\/portal\/wp-json\/wp\/v2\/types\/post"}],"author":[{"embeddable":true,"href":"https:\/\/eltrabajo.cl\/portal\/wp-json\/wp\/v2\/users\/1"}],"replies":[{"embeddable":true,"href":"https:\/\/eltrabajo.cl\/portal\/wp-json\/wp\/v2\/comments?post=89050"}],"version-history":[{"count":0,"href":"https:\/\/eltrabajo.cl\/portal\/wp-json\/wp\/v2\/posts\/89050\/revisions"}],"wp:featuredmedia":[{"embeddable":true,"href":"https:\/\/eltrabajo.cl\/portal\/wp-json\/wp\/v2\/media\/89052"}],"wp:attachment":[{"href":"https:\/\/eltrabajo.cl\/portal\/wp-json\/wp\/v2\/media?parent=89050"}],"wp:term":[{"taxonomy":"category","embeddable":true,"href":"https:\/\/eltrabajo.cl\/portal\/wp-json\/wp\/v2\/categories?post=89050"},{"taxonomy":"post_tag","embeddable":true,"href":"https:\/\/eltrabajo.cl\/portal\/wp-json\/wp\/v2\/tags?post=89050"}],"curies":[{"name":"wp","href":"https:\/\/api.w.org\/{rel}","templated":true}]}}