{"id":89114,"date":"2018-11-13T05:04:49","date_gmt":"2018-11-13T09:04:49","guid":{"rendered":"http:\/\/www.eltrabajo.cl\/2017\/?p=89114"},"modified":"2018-11-13T05:04:49","modified_gmt":"2018-11-13T09:04:49","slug":"joven-motociclista-sanfelipeno-intervendra-en-la-carrera-mas-larga-del-mundo","status":"publish","type":"post","link":"https:\/\/eltrabajo.cl\/portal\/joven-motociclista-sanfelipeno-intervendra-en-la-carrera-mas-larga-del-mundo\/","title":{"rendered":"Joven motociclista sanfelipe\u00f1o intervendr\u00e1 en la carrera m\u00e1s larga del mundo"},"content":{"rendered":"<figure id=\"attachment_89115\" aria-describedby=\"caption-attachment-89115\" style=\"width: 580px\" class=\"wp-caption alignnone\"><img data-recalc-dims=\"1\" loading=\"lazy\" decoding=\"async\" class=\"size-full wp-image-89115\" src=\"https:\/\/i0.wp.com\/www.eltrabajo.cl\/2017\/wp-content\/uploads\/2018\/11\/javier-perez.jpg?resize=580%2C359\" alt=\"El piloto sanfelipe\u00f1o Javier P\u00e9rez Potzsch, ser\u00e1 parte de la carrera de motos m\u00e1s larga y extenuante del mundo.\" width=\"580\" height=\"359\" srcset=\"https:\/\/i0.wp.com\/eltrabajo.cl\/portal\/wp-content\/uploads\/2018\/11\/javier-perez.jpg?w=580&amp;ssl=1 580w, https:\/\/i0.wp.com\/eltrabajo.cl\/portal\/wp-content\/uploads\/2018\/11\/javier-perez.jpg?resize=200%2C124&amp;ssl=1 200w, https:\/\/i0.wp.com\/eltrabajo.cl\/portal\/wp-content\/uploads\/2018\/11\/javier-perez.jpg?resize=300%2C186&amp;ssl=1 300w, https:\/\/i0.wp.com\/eltrabajo.cl\/portal\/wp-content\/uploads\/2018\/11\/javier-perez.jpg?resize=242%2C150&amp;ssl=1 242w, https:\/\/i0.wp.com\/eltrabajo.cl\/portal\/wp-content\/uploads\/2018\/11\/javier-perez.jpg?resize=400%2C248&amp;ssl=1 400w\" sizes=\"auto, (max-width: 580px) 100vw, 580px\" \/><figcaption id=\"caption-attachment-89115\" class=\"wp-caption-text\">El piloto sanfelipe\u00f1o Javier P\u00e9rez Potzsch, ser\u00e1 parte de la carrera de motos m\u00e1s larga y extenuante del mundo.<\/figcaption><\/figure>\n<p>Este viernes 16 de noviembre, el joven piloto sanfelipe\u00f1o Javier P\u00e9rez Potzsch (26) ser\u00e1 parte de la carrera de motos \u2018Baja 1000\u2019 (Baja California \u2013 M\u00e9xico), la m\u00e1s extenuante del mundo y que forma parte del circuito mundial de esta disciplina deportiva en desierto.<br \/>\nEl que Javier P\u00e9rez Potzsch sea parte de la extenuante prueba en Norteam\u00e9rica es algo que merece ser destacado, porque lo hace en calidad de miembro de un equipo de nombre y no de manera personal. \u201cJunto al team Dynamic Racing trabajamos con mucha seriedad para poder ir por nuestro objetivo de ganar la carrera, y para intentarlo contamos con una moto KTM, la mejor de todas, que adem\u00e1s cuenta con los mejores componentes disponibles en la actualidad\u201d, explic\u00f3 desde M\u00e9xico a El Trabajo Deportivo, el motorista aconcag\u00fcino.<br \/>\nP\u00e9rez Potzsch viaj\u00f3 a M\u00e9xico la semana pasada, con el objetivo de lograr la mejor puesta a punto en todos los aspectos. \u201cEl contar con un equipo que te apoya y que te entrega las mejores prestaciones para competir, es una gran responsabilidad, porque yo solo debo preocuparme de correr\u201d, agreg\u00f3.<br \/>\nCon una carrera en franco ascenso donde destaca el ser el primer piloto chileno en estar dentro del top 5 en la prueba m\u00e1s larga de EEUU, el famoso Vegas To Reno (BITD Series), Javier P\u00e9rez es enf\u00e1tico en afirmar que har\u00e1 y dejar\u00e1 todo para ir en busca de un triunfo que puede catapultarlo de manera definitiva a la elite del motociclismo mundial.<\/p>\n","protected":false},"excerpt":{"rendered":"<p>Este viernes 16 de noviembre, el joven piloto sanfelipe\u00f1o Javier P\u00e9rez Potzsch (26) ser\u00e1 parte de la carrera de motos \u2018Baja 1000\u2019 (Baja California \u2013 M\u00e9xico), la m\u00e1s extenuante del mundo y&#8230;<\/p>\n","protected":false},"author":1,"featured_media":89115,"comment_status":"open","ping_status":"open","sticky":false,"template":"","format":"standard","meta":{"advanced_seo_description":"","jetpack_seo_html_title":"","jetpack_seo_noindex":false,"_jetpack_memberships_contains_paid_content":false,"footnotes":""},"categories":[19],"tags":[],"class_list":["post-89114","post","type-post","status-publish","format-standard","has-post-thumbnail","hentry","category-deportes"],"jetpack_featured_media_url":"https:\/\/i0.wp.com\/eltrabajo.cl\/portal\/wp-content\/uploads\/2018\/11\/javier-perez.jpg?fit=580%2C359&ssl=1","jetpack_sharing_enabled":true,"jetpack_likes_enabled":true,"jetpack-related-posts":[],"_links":{"self":[{"href":"https:\/\/eltrabajo.cl\/portal\/wp-json\/wp\/v2\/posts\/89114","targetHints":{"allow":["GET"]}}],"collection":[{"href":"https:\/\/eltrabajo.cl\/portal\/wp-json\/wp\/v2\/posts"}],"about":[{"href":"https:\/\/eltrabajo.cl\/portal\/wp-json\/wp\/v2\/types\/post"}],"author":[{"embeddable":true,"href":"https:\/\/eltrabajo.cl\/portal\/wp-json\/wp\/v2\/users\/1"}],"replies":[{"embeddable":true,"href":"https:\/\/eltrabajo.cl\/portal\/wp-json\/wp\/v2\/comments?post=89114"}],"version-history":[{"count":0,"href":"https:\/\/eltrabajo.cl\/portal\/wp-json\/wp\/v2\/posts\/89114\/revisions"}],"wp:featuredmedia":[{"embeddable":true,"href":"https:\/\/eltrabajo.cl\/portal\/wp-json\/wp\/v2\/media\/89115"}],"wp:attachment":[{"href":"https:\/\/eltrabajo.cl\/portal\/wp-json\/wp\/v2\/media?parent=89114"}],"wp:term":[{"taxonomy":"category","embeddable":true,"href":"https:\/\/eltrabajo.cl\/portal\/wp-json\/wp\/v2\/categories?post=89114"},{"taxonomy":"post_tag","embeddable":true,"href":"https:\/\/eltrabajo.cl\/portal\/wp-json\/wp\/v2\/tags?post=89114"}],"curies":[{"name":"wp","href":"https:\/\/api.w.org\/{rel}","templated":true}]}}