{"id":89130,"date":"2018-11-14T05:01:12","date_gmt":"2018-11-14T09:01:12","guid":{"rendered":"http:\/\/www.eltrabajo.cl\/2017\/?p=89130"},"modified":"2018-11-14T05:01:12","modified_gmt":"2018-11-14T09:01:12","slug":"natali-rosas-analiza-su-futuro-y-no-descarta-abandonar-el-deporte-aventura","status":"publish","type":"post","link":"https:\/\/eltrabajo.cl\/portal\/natali-rosas-analiza-su-futuro-y-no-descarta-abandonar-el-deporte-aventura\/","title":{"rendered":"Natali Rosas analiza su futuro y no descarta abandonar el Deporte Aventura"},"content":{"rendered":"<figure id=\"attachment_89131\" aria-describedby=\"caption-attachment-89131\" style=\"width: 580px\" class=\"wp-caption alignnone\"><img data-recalc-dims=\"1\" loading=\"lazy\" decoding=\"async\" class=\"size-full wp-image-89131\" src=\"https:\/\/i0.wp.com\/www.eltrabajo.cl\/2017\/wp-content\/uploads\/2018\/11\/natali.jpg?resize=580%2C358\" alt=\"La Uno de Chile en el Deporte Aventura est\u00e1 analizando dejar el Deporte Aventura a ra\u00edz de la falta de auspicios.\" width=\"580\" height=\"358\" srcset=\"https:\/\/i0.wp.com\/eltrabajo.cl\/portal\/wp-content\/uploads\/2018\/11\/natali.jpg?w=580&amp;ssl=1 580w, https:\/\/i0.wp.com\/eltrabajo.cl\/portal\/wp-content\/uploads\/2018\/11\/natali.jpg?resize=200%2C123&amp;ssl=1 200w, https:\/\/i0.wp.com\/eltrabajo.cl\/portal\/wp-content\/uploads\/2018\/11\/natali.jpg?resize=300%2C185&amp;ssl=1 300w, https:\/\/i0.wp.com\/eltrabajo.cl\/portal\/wp-content\/uploads\/2018\/11\/natali.jpg?resize=243%2C150&amp;ssl=1 243w, https:\/\/i0.wp.com\/eltrabajo.cl\/portal\/wp-content\/uploads\/2018\/11\/natali.jpg?resize=400%2C247&amp;ssl=1 400w\" sizes=\"auto, (max-width: 580px) 100vw, 580px\" \/><figcaption id=\"caption-attachment-89131\" class=\"wp-caption-text\">La Uno de Chile en el Deporte Aventura est\u00e1 analizando dejar el Deporte Aventura a ra\u00edz de la falta de auspicios.<\/figcaption><\/figure>\n<p>Muchas interrogantes rondan por estos d\u00edas a Natali Rosas; esto debido a que la destacada deportista aconcag\u00fcina est\u00e1 haciendo frente a un duro momento econ\u00f3mico a ra\u00edz de la falta de auspicios para poder continuar con su exitosa carrera en el Deporte Aventura. \u201cHe tenido muy poca competencia ya que el tema econ\u00f3mico est\u00e1 dif\u00edcil, m\u00e1s todav\u00eda para el Deporte Aventura que es muy dif\u00edcil de costear, as\u00ed que la verdad estoy decidiendo si sigo corriendo o no, porque no hay bolsillo que resista con todos los gastos que debo solventar\u201d, confidenci\u00f3 a nuestro medio.<br \/>\nDesde Villarrica, lugar en el que se encontraba realizando un curso de Treking a gente de esa zona, la atleta aconcag\u00fcina explic\u00f3 como ha sido la segunda parte de este 2018. \u201cHace rato que cerr\u00e9 este a\u00f1o en el Deporte Aventura; por ejemplo, no pude correr la final del Columbia Challenge ya que mi compa\u00f1ero de equipo es uniformado, y por razones profesionales no pudo estar en esa ocasi\u00f3n y me qued\u00e9 con las ganas de haberme quedado con el t\u00edtulo de este a\u00f1o, ya que para ser campeones solo bastaba habernos presentados; pero bueno, eso ya fue\u201d, cont\u00f3.<br \/>\nRespecto a su futuro competitivo, la santamariana profundiz\u00f3: \u201cEst\u00e1 muy dif\u00edcil el asunto de los auspicios, y sin ellos es complejo planificar de manera adecuada; igual agradezco el apoyo de la Municipalidad de Santa Mar\u00eda y el alcalde Claudio Zurita que han sido el gran soporte para m\u00ed durante toda mi carrera, pero ahora debo pensar muy bien las cosas y analizar bien lo que se vendr\u00e1 para el pr\u00f3ximo a\u00f1o\u201d.<br \/>\n<strong>Jorge Vega Oses<\/strong><\/p>\n","protected":false},"excerpt":{"rendered":"<p>Muchas interrogantes rondan por estos d\u00edas a Natali Rosas; esto debido a que la destacada deportista aconcag\u00fcina est\u00e1 haciendo frente a un duro momento econ\u00f3mico a ra\u00edz de la falta de auspicios&#8230;<\/p>\n","protected":false},"author":1,"featured_media":89131,"comment_status":"open","ping_status":"open","sticky":false,"template":"","format":"standard","meta":{"advanced_seo_description":"","jetpack_seo_html_title":"","jetpack_seo_noindex":false,"_jetpack_memberships_contains_paid_content":false,"footnotes":""},"categories":[19],"tags":[],"class_list":["post-89130","post","type-post","status-publish","format-standard","has-post-thumbnail","hentry","category-deportes"],"jetpack_featured_media_url":"https:\/\/i0.wp.com\/eltrabajo.cl\/portal\/wp-content\/uploads\/2018\/11\/natali.jpg?fit=580%2C358&ssl=1","jetpack_sharing_enabled":true,"jetpack_likes_enabled":true,"jetpack-related-posts":[],"_links":{"self":[{"href":"https:\/\/eltrabajo.cl\/portal\/wp-json\/wp\/v2\/posts\/89130","targetHints":{"allow":["GET"]}}],"collection":[{"href":"https:\/\/eltrabajo.cl\/portal\/wp-json\/wp\/v2\/posts"}],"about":[{"href":"https:\/\/eltrabajo.cl\/portal\/wp-json\/wp\/v2\/types\/post"}],"author":[{"embeddable":true,"href":"https:\/\/eltrabajo.cl\/portal\/wp-json\/wp\/v2\/users\/1"}],"replies":[{"embeddable":true,"href":"https:\/\/eltrabajo.cl\/portal\/wp-json\/wp\/v2\/comments?post=89130"}],"version-history":[{"count":0,"href":"https:\/\/eltrabajo.cl\/portal\/wp-json\/wp\/v2\/posts\/89130\/revisions"}],"wp:featuredmedia":[{"embeddable":true,"href":"https:\/\/eltrabajo.cl\/portal\/wp-json\/wp\/v2\/media\/89131"}],"wp:attachment":[{"href":"https:\/\/eltrabajo.cl\/portal\/wp-json\/wp\/v2\/media?parent=89130"}],"wp:term":[{"taxonomy":"category","embeddable":true,"href":"https:\/\/eltrabajo.cl\/portal\/wp-json\/wp\/v2\/categories?post=89130"},{"taxonomy":"post_tag","embeddable":true,"href":"https:\/\/eltrabajo.cl\/portal\/wp-json\/wp\/v2\/tags?post=89130"}],"curies":[{"name":"wp","href":"https:\/\/api.w.org\/{rel}","templated":true}]}}