{"id":89146,"date":"2018-11-15T05:00:47","date_gmt":"2018-11-15T09:00:47","guid":{"rendered":"http:\/\/www.eltrabajo.cl\/2017\/?p=89146"},"modified":"2018-11-15T05:00:47","modified_gmt":"2018-11-15T09:00:47","slug":"este-sabado-se-realizara-el-tercer-open-de-tenis-de-mesa-en-san-felipe","status":"publish","type":"post","link":"https:\/\/eltrabajo.cl\/portal\/este-sabado-se-realizara-el-tercer-open-de-tenis-de-mesa-en-san-felipe\/","title":{"rendered":"Este s\u00e1bado se realizar\u00e1 el Tercer Open de Tenis de Mesa en San Felipe"},"content":{"rendered":"<figure id=\"attachment_89147\" aria-describedby=\"caption-attachment-89147\" style=\"width: 580px\" class=\"wp-caption alignnone\"><img data-recalc-dims=\"1\" loading=\"lazy\" decoding=\"async\" class=\"size-full wp-image-89147\" src=\"https:\/\/i0.wp.com\/www.eltrabajo.cl\/2017\/wp-content\/uploads\/2018\/11\/tenis-de-mesa.jpg?resize=580%2C359\" alt=\"Cerca de un centenar de competidores dar\u00e1n vida al tercer Open de Tenis de Mesa en San Felipe.\" width=\"580\" height=\"359\" srcset=\"https:\/\/i0.wp.com\/eltrabajo.cl\/portal\/wp-content\/uploads\/2018\/11\/tenis-de-mesa.jpg?w=580&amp;ssl=1 580w, https:\/\/i0.wp.com\/eltrabajo.cl\/portal\/wp-content\/uploads\/2018\/11\/tenis-de-mesa.jpg?resize=200%2C124&amp;ssl=1 200w, https:\/\/i0.wp.com\/eltrabajo.cl\/portal\/wp-content\/uploads\/2018\/11\/tenis-de-mesa.jpg?resize=300%2C186&amp;ssl=1 300w, https:\/\/i0.wp.com\/eltrabajo.cl\/portal\/wp-content\/uploads\/2018\/11\/tenis-de-mesa.jpg?resize=242%2C150&amp;ssl=1 242w, https:\/\/i0.wp.com\/eltrabajo.cl\/portal\/wp-content\/uploads\/2018\/11\/tenis-de-mesa.jpg?resize=400%2C248&amp;ssl=1 400w\" sizes=\"auto, (max-width: 580px) 100vw, 580px\" \/><figcaption id=\"caption-attachment-89147\" class=\"wp-caption-text\">Cerca de un centenar de competidores dar\u00e1n vida al tercer Open de Tenis de Mesa en San Felipe.<\/figcaption><\/figure>\n<p>A partir de las nueve de la ma\u00f1ana de este s\u00e1bado 17 de noviembre en el gimnasio del Liceo Corina Urbina de San Felipe, el club de tenis de mesa Aconcagua realizar\u00e1 el tercer Open, en lo que promete ser una atractiva cita deportiva a ra\u00edz que contar\u00e1 con la presencia de destacados exponentes de esta disciplina conocida popularmente como pimp\u00f3n.<br \/>\nEn total ser\u00e1n cerca de 80 los competidores de distintas categor\u00edas y sexo que dar\u00e1n espect\u00e1culo por quedarse con los t\u00edtulos en sus respectivas series. \u201cSer\u00e1 un bonito evento porque habr\u00e1 muy buenos jugadores, entre los que se cuentan varios de nivel regional y nacional, como lo ser\u00e1 por ejemplo el seleccionado chileno Jorge Paredes, el que con su sola presencia le dar\u00e1 realce a este Open\u201d, cont\u00f3 a El Trabajo Deportivo, Cesar \u00c1lvarez, miembro del club organizador que gracias a un enorme esfuerzo de cada uno de sus integrantes, dispondr\u00e1 de una log\u00edstica de primera categor\u00eda, entre las que se cuentan Mesas Profesionales.<br \/>\nQuienes deseen participar y ser parte del Open, deber\u00e1n cancelar una cuota de $ 3.000 (tres mil pesos).<\/p>\n","protected":false},"excerpt":{"rendered":"<p>A partir de las nueve de la ma\u00f1ana de este s\u00e1bado 17 de noviembre en el gimnasio del Liceo Corina Urbina de San Felipe, el club de tenis de mesa Aconcagua realizar\u00e1&#8230;<\/p>\n","protected":false},"author":1,"featured_media":89147,"comment_status":"open","ping_status":"open","sticky":false,"template":"","format":"standard","meta":{"advanced_seo_description":"","jetpack_seo_html_title":"","jetpack_seo_noindex":false,"_jetpack_memberships_contains_paid_content":false,"footnotes":""},"categories":[19],"tags":[],"class_list":["post-89146","post","type-post","status-publish","format-standard","has-post-thumbnail","hentry","category-deportes"],"jetpack_featured_media_url":"https:\/\/i0.wp.com\/eltrabajo.cl\/portal\/wp-content\/uploads\/2018\/11\/tenis-de-mesa.jpg?fit=580%2C359&ssl=1","jetpack_sharing_enabled":true,"jetpack_likes_enabled":true,"jetpack-related-posts":[],"_links":{"self":[{"href":"https:\/\/eltrabajo.cl\/portal\/wp-json\/wp\/v2\/posts\/89146","targetHints":{"allow":["GET"]}}],"collection":[{"href":"https:\/\/eltrabajo.cl\/portal\/wp-json\/wp\/v2\/posts"}],"about":[{"href":"https:\/\/eltrabajo.cl\/portal\/wp-json\/wp\/v2\/types\/post"}],"author":[{"embeddable":true,"href":"https:\/\/eltrabajo.cl\/portal\/wp-json\/wp\/v2\/users\/1"}],"replies":[{"embeddable":true,"href":"https:\/\/eltrabajo.cl\/portal\/wp-json\/wp\/v2\/comments?post=89146"}],"version-history":[{"count":0,"href":"https:\/\/eltrabajo.cl\/portal\/wp-json\/wp\/v2\/posts\/89146\/revisions"}],"wp:featuredmedia":[{"embeddable":true,"href":"https:\/\/eltrabajo.cl\/portal\/wp-json\/wp\/v2\/media\/89147"}],"wp:attachment":[{"href":"https:\/\/eltrabajo.cl\/portal\/wp-json\/wp\/v2\/media?parent=89146"}],"wp:term":[{"taxonomy":"category","embeddable":true,"href":"https:\/\/eltrabajo.cl\/portal\/wp-json\/wp\/v2\/categories?post=89146"},{"taxonomy":"post_tag","embeddable":true,"href":"https:\/\/eltrabajo.cl\/portal\/wp-json\/wp\/v2\/tags?post=89146"}],"curies":[{"name":"wp","href":"https:\/\/api.w.org\/{rel}","templated":true}]}}