{"id":89219,"date":"2018-11-20T05:04:35","date_gmt":"2018-11-20T09:04:35","guid":{"rendered":"http:\/\/www.eltrabajo.cl\/2017\/?p=89219"},"modified":"2018-11-20T05:04:35","modified_gmt":"2018-11-20T09:04:35","slug":"club-san-felipe-voley-se-corona-campeon-de-la-liga-nacional-de-menores","status":"publish","type":"post","link":"https:\/\/eltrabajo.cl\/portal\/club-san-felipe-voley-se-corona-campeon-de-la-liga-nacional-de-menores\/","title":{"rendered":"Club San Felipe Voley se corona campe\u00f3n de la Liga Nacional de Menores"},"content":{"rendered":"<figure id=\"attachment_89221\" aria-describedby=\"caption-attachment-89221\" style=\"width: 580px\" class=\"wp-caption alignnone\"><img data-recalc-dims=\"1\" loading=\"lazy\" decoding=\"async\" class=\"size-full wp-image-89221\" src=\"https:\/\/i0.wp.com\/www.eltrabajo.cl\/2017\/wp-content\/uploads\/2018\/11\/Suelen-Sanhueza-1.jpg?resize=580%2C359\" alt=\"Suelen Sanhueza recibi\u00f3 el premio \u2018Crecimiento Deportivo\u2019 mientras sus compa\u00f1era Emilia Villalobos fue elegida mejor armadora y Valentina Bianchini mejor atacante y mejor jugadora. \" width=\"580\" height=\"359\" srcset=\"https:\/\/i0.wp.com\/eltrabajo.cl\/portal\/wp-content\/uploads\/2018\/11\/Suelen-Sanhueza-1.jpg?w=580&amp;ssl=1 580w, https:\/\/i0.wp.com\/eltrabajo.cl\/portal\/wp-content\/uploads\/2018\/11\/Suelen-Sanhueza-1.jpg?resize=200%2C124&amp;ssl=1 200w, https:\/\/i0.wp.com\/eltrabajo.cl\/portal\/wp-content\/uploads\/2018\/11\/Suelen-Sanhueza-1.jpg?resize=300%2C186&amp;ssl=1 300w, https:\/\/i0.wp.com\/eltrabajo.cl\/portal\/wp-content\/uploads\/2018\/11\/Suelen-Sanhueza-1.jpg?resize=242%2C150&amp;ssl=1 242w, https:\/\/i0.wp.com\/eltrabajo.cl\/portal\/wp-content\/uploads\/2018\/11\/Suelen-Sanhueza-1.jpg?resize=400%2C248&amp;ssl=1 400w\" sizes=\"auto, (max-width: 580px) 100vw, 580px\" \/><figcaption id=\"caption-attachment-89221\" class=\"wp-caption-text\">Suelen Sanhueza recibi\u00f3 el premio \u2018Crecimiento Deportivo\u2019 mientras sus compa\u00f1era Emilia Villalobos fue elegida mejor armadora y Valentina Bianchini mejor atacante y mejor jugadora.<\/figcaption><\/figure>\n<p>El s\u00e1bado reci\u00e9n pasado fue un d\u00eda muy especial para las integrantes de la categor\u00eda sub 12 del club San Felipe Voley, pues se coronaron campeonas nacionales de la Liga Nacional de Menores de la Federaci\u00f3n de Voleibol de Chile. El campeonato se realiz\u00f3 en nuestra ciudad de San Felipe.<br \/>\nA los play off llegaron los cuatro mejores clubes de la categor\u00eda, quienes tuvieron la posibilidad de llegar a esta instancia final despu\u00e9s de participar en los clasificatorios que se disputaron durante todo el a\u00f1o.<br \/>\nEn la final nacional de la categor\u00eda, las deportistas sanfelipe\u00f1as se tuvieron que enfrentar a los equipos de Trakan de Los \u00c1ngeles, Colegio Colonial de Pirque y al club Uni\u00f3n Voley de Los Andes. Luego de encuentros muy disputados, las voleibolistas locales lograron consagrarse campeonas de la instancia final de la Liga Nacional de Menores.<br \/>\nEn esta ocasi\u00f3n, nuevamente dos de las integrantes del club local fueron premiadas dentro de las mejores de la competencia, fue as\u00ed como Emilia Villalobos fue elegida como mejor armadora y Valentina Bianchini, como mejor atacante y mejor jugadora.<br \/>\nEl entrenador Carlos Mercado se\u00f1al\u00f3 a nuestro medio: \u201cEstamos muy conformes con el t\u00edtulo obtenido, el cual es fruto del trabajo en equipo y la identificaci\u00f3n de las ni\u00f1as con el club. Las ni\u00f1as lograron un gran nivel, lo que qued\u00f3 demostrado con el hecho que obtuvimos el primer lugar en todas las fechas clasificatorias de la liga. Por otra parte, el que dos de nuestras ni\u00f1as sean reconocidas dentro de las mejores de la liga nacional, nos deja muy orgullosos\u201d.<br \/>\nPor su parte, Suelen Sanhueza, quien fue reconocida por su crecimiento deportivo, tambi\u00e9n convers\u00f3 con Diario El Trabajo, indicando: \u201cPara m\u00ed la liga fue una experiencia muy bonita, la cual me permiti\u00f3 competir y compartir con las del equipo durante dos a\u00f1os. Este \u00faltimo a\u00f1o como sub 12 me da un poquito de pena porque dejar\u00e9 de compartir durante un per\u00edodo con aquellas ni\u00f1as que lo dan todo en la cancha, ya que subo de categor\u00eda. Pero a la vez me da mucha alegr\u00eda que el esfuerzo que pusimos todas como equipo, junto a los profesores, dio buenos resultados, logrando salir campeonas nacionales en nuestra categor\u00eda\u201d.<br \/>\nRespecto al premio \u2018Crecimiento Deportivo\u2019, agreg\u00f3 que \u201cla verdad es que no me lo esperaba, es lindo saber que el esfuerzo y sacrificio que uno pone a diario en los entrenamientos da sus frutos\u201d.<br \/>\nEste resultado, sumado a los conseguidos en las categor\u00edas superiores, le permiten al club local cerrar un gran a\u00f1o y comenzar a prepararse para los desaf\u00edos que se tienen planteados para el a\u00f1o 2019.<br \/>\nLa modalidad de la Liga Nacional de Voleibol es todos contra todos y sale campe\u00f3n el que mayor puntaje obtiene.<br \/>\nCada equipo disput\u00f3 12 partidos, los partidos ganados por cada equipo son:<br \/>\nSan Felipe Voley: 11<br \/>\nColonial de Pirque: 7<br \/>\nUni\u00f3n Voley Los Andes: 6<br \/>\nTrekan de Los \u00c1ngeles: 5<br \/>\nComo resultado de lo anterior, el primer lugar fue para San Felipe Voley, segundo lugar lo obtuvo Colonial de Pirque, tercero para Uni\u00f3n Voley de Los Andes y cuarto lugar Trekan de Los Angeles.<\/p>\n<figure id=\"attachment_89220\" aria-describedby=\"caption-attachment-89220\" style=\"width: 580px\" class=\"wp-caption alignnone\"><img data-recalc-dims=\"1\" loading=\"lazy\" decoding=\"async\" class=\"size-full wp-image-89220\" src=\"https:\/\/i0.wp.com\/www.eltrabajo.cl\/2017\/wp-content\/uploads\/2018\/11\/Equipo-San-Felipe-Voley.jpg?resize=580%2C360\" alt=\"El equipo de San Felipe Voley se coron\u00f3 campe\u00f3n de la Liga Nacional de Voley menores.\" width=\"580\" height=\"360\" srcset=\"https:\/\/i0.wp.com\/eltrabajo.cl\/portal\/wp-content\/uploads\/2018\/11\/Equipo-San-Felipe-Voley.jpg?w=580&amp;ssl=1 580w, https:\/\/i0.wp.com\/eltrabajo.cl\/portal\/wp-content\/uploads\/2018\/11\/Equipo-San-Felipe-Voley.jpg?resize=200%2C124&amp;ssl=1 200w, https:\/\/i0.wp.com\/eltrabajo.cl\/portal\/wp-content\/uploads\/2018\/11\/Equipo-San-Felipe-Voley.jpg?resize=300%2C186&amp;ssl=1 300w, https:\/\/i0.wp.com\/eltrabajo.cl\/portal\/wp-content\/uploads\/2018\/11\/Equipo-San-Felipe-Voley.jpg?resize=242%2C150&amp;ssl=1 242w, https:\/\/i0.wp.com\/eltrabajo.cl\/portal\/wp-content\/uploads\/2018\/11\/Equipo-San-Felipe-Voley.jpg?resize=400%2C248&amp;ssl=1 400w\" sizes=\"auto, (max-width: 580px) 100vw, 580px\" \/><figcaption id=\"caption-attachment-89220\" class=\"wp-caption-text\">El equipo de San Felipe Voley se coron\u00f3 campe\u00f3n de la Liga Nacional de Voley menores.<\/figcaption><\/figure>\n","protected":false},"excerpt":{"rendered":"<p>El s\u00e1bado reci\u00e9n pasado fue un d\u00eda muy especial para las integrantes de la categor\u00eda sub 12 del club San Felipe Voley, pues se coronaron campeonas nacionales de la Liga Nacional de&#8230;<\/p>\n","protected":false},"author":1,"featured_media":89220,"comment_status":"open","ping_status":"open","sticky":false,"template":"","format":"standard","meta":{"advanced_seo_description":"","jetpack_seo_html_title":"","jetpack_seo_noindex":false,"_jetpack_memberships_contains_paid_content":false,"footnotes":""},"categories":[19],"tags":[],"class_list":["post-89219","post","type-post","status-publish","format-standard","has-post-thumbnail","hentry","category-deportes"],"jetpack_featured_media_url":"https:\/\/i0.wp.com\/eltrabajo.cl\/portal\/wp-content\/uploads\/2018\/11\/Equipo-San-Felipe-Voley.jpg?fit=580%2C360&ssl=1","jetpack_sharing_enabled":true,"jetpack_likes_enabled":true,"jetpack-related-posts":[],"_links":{"self":[{"href":"https:\/\/eltrabajo.cl\/portal\/wp-json\/wp\/v2\/posts\/89219","targetHints":{"allow":["GET"]}}],"collection":[{"href":"https:\/\/eltrabajo.cl\/portal\/wp-json\/wp\/v2\/posts"}],"about":[{"href":"https:\/\/eltrabajo.cl\/portal\/wp-json\/wp\/v2\/types\/post"}],"author":[{"embeddable":true,"href":"https:\/\/eltrabajo.cl\/portal\/wp-json\/wp\/v2\/users\/1"}],"replies":[{"embeddable":true,"href":"https:\/\/eltrabajo.cl\/portal\/wp-json\/wp\/v2\/comments?post=89219"}],"version-history":[{"count":0,"href":"https:\/\/eltrabajo.cl\/portal\/wp-json\/wp\/v2\/posts\/89219\/revisions"}],"wp:featuredmedia":[{"embeddable":true,"href":"https:\/\/eltrabajo.cl\/portal\/wp-json\/wp\/v2\/media\/89220"}],"wp:attachment":[{"href":"https:\/\/eltrabajo.cl\/portal\/wp-json\/wp\/v2\/media?parent=89219"}],"wp:term":[{"taxonomy":"category","embeddable":true,"href":"https:\/\/eltrabajo.cl\/portal\/wp-json\/wp\/v2\/categories?post=89219"},{"taxonomy":"post_tag","embeddable":true,"href":"https:\/\/eltrabajo.cl\/portal\/wp-json\/wp\/v2\/tags?post=89219"}],"curies":[{"name":"wp","href":"https:\/\/api.w.org\/{rel}","templated":true}]}}