{"id":89242,"date":"2018-11-22T05:00:45","date_gmt":"2018-11-22T09:00:45","guid":{"rendered":"http:\/\/www.eltrabajo.cl\/2017\/?p=89242"},"modified":"2018-11-22T05:00:45","modified_gmt":"2018-11-22T09:00:45","slug":"el-prat-se-queda-sin-entrenador","status":"publish","type":"post","link":"https:\/\/eltrabajo.cl\/portal\/el-prat-se-queda-sin-entrenador\/","title":{"rendered":"El Prat se queda sin entrenador"},"content":{"rendered":"<figure id=\"attachment_89243\" aria-describedby=\"caption-attachment-89243\" style=\"width: 580px\" class=\"wp-caption alignnone\"><img data-recalc-dims=\"1\" loading=\"lazy\" decoding=\"async\" class=\"size-full wp-image-89243\" src=\"https:\/\/i0.wp.com\/www.eltrabajo.cl\/2017\/wp-content\/uploads\/2018\/11\/juan-luis-roa.jpg?resize=580%2C359\" alt=\"Es casi seguro que Juan Roa no seguir\u00e1 dirigiendo al Prat en la Liga Nacional de B\u00e1squetbol.\" width=\"580\" height=\"359\" srcset=\"https:\/\/i0.wp.com\/eltrabajo.cl\/portal\/wp-content\/uploads\/2018\/11\/juan-luis-roa.jpg?w=580&amp;ssl=1 580w, https:\/\/i0.wp.com\/eltrabajo.cl\/portal\/wp-content\/uploads\/2018\/11\/juan-luis-roa.jpg?resize=200%2C124&amp;ssl=1 200w, https:\/\/i0.wp.com\/eltrabajo.cl\/portal\/wp-content\/uploads\/2018\/11\/juan-luis-roa.jpg?resize=300%2C186&amp;ssl=1 300w, https:\/\/i0.wp.com\/eltrabajo.cl\/portal\/wp-content\/uploads\/2018\/11\/juan-luis-roa.jpg?resize=242%2C150&amp;ssl=1 242w, https:\/\/i0.wp.com\/eltrabajo.cl\/portal\/wp-content\/uploads\/2018\/11\/juan-luis-roa.jpg?resize=400%2C248&amp;ssl=1 400w\" sizes=\"auto, (max-width: 580px) 100vw, 580px\" \/><figcaption id=\"caption-attachment-89243\" class=\"wp-caption-text\">Es casi seguro que Juan Roa no seguir\u00e1 dirigiendo al Prat en la Liga Nacional de B\u00e1squetbol.<\/figcaption><\/figure>\n<p>No le ha resultado a la rama de b\u00e1squetbol del club Arturo Prat apostar por entrenadores extranjeros; esto a ra\u00edz que es casi seguro que el venezolano Juan Luis Roa, abandonar\u00e1 (o abandon\u00f3) la banca de los pratinos, con lo que los de la calle Santo Domingo volver\u00e1n a repetir la experiencia del primer semestre con el tambi\u00e9n venezolano Yorman Luna.<br \/>\nEn el encuentro frente a Quilicura Basket, Juan Luis Roa fue protagonista de una situaci\u00f3n muy singular y pocas veces vista, al enfrascarse en una discusi\u00f3n p\u00fablica con algunos de sus dirigidos, para posteriormente abandonar el Fort\u00edn Prat aduciendo una descompensaci\u00f3n en su estado de salud.<br \/>\nExequiel Carvallo y Mauro Bull, altos directivos de la rama de b\u00e1squetbol del Prat, reconocieron que la situaci\u00f3n es compleja, pero optaron por poner pa\u00f1os fr\u00edos se\u00f1alando que esperar\u00e1n hasta el viernes para ver si Roa seguir\u00e1 al mando del Prat en la Liga Nacional y el pr\u00f3ximo Campioni del Domani.<br \/>\nFuentes muy confiables indicaron a nuestro medio que es casi un hecho que Juan Roa no seguir\u00e1 siendo el entrenador del Prat, porque se siente inc\u00f3modo en el club. Dato no menor es que el martes no lleg\u00f3 a dirigir, entregando con ello una potente se\u00f1al sobre su alejamiento definitivo del club del marinero.<\/p>\n","protected":false},"excerpt":{"rendered":"<p>No le ha resultado a la rama de b\u00e1squetbol del club Arturo Prat apostar por entrenadores extranjeros; esto a ra\u00edz que es casi seguro que el venezolano Juan Luis Roa, abandonar\u00e1 (o&#8230;<\/p>\n","protected":false},"author":1,"featured_media":89243,"comment_status":"open","ping_status":"open","sticky":false,"template":"","format":"standard","meta":{"advanced_seo_description":"","jetpack_seo_html_title":"","jetpack_seo_noindex":false,"_jetpack_memberships_contains_paid_content":false,"footnotes":""},"categories":[19],"tags":[],"class_list":["post-89242","post","type-post","status-publish","format-standard","has-post-thumbnail","hentry","category-deportes"],"jetpack_featured_media_url":"https:\/\/i0.wp.com\/eltrabajo.cl\/portal\/wp-content\/uploads\/2018\/11\/juan-luis-roa.jpg?fit=580%2C359&ssl=1","jetpack_sharing_enabled":true,"jetpack_likes_enabled":true,"jetpack-related-posts":[],"_links":{"self":[{"href":"https:\/\/eltrabajo.cl\/portal\/wp-json\/wp\/v2\/posts\/89242","targetHints":{"allow":["GET"]}}],"collection":[{"href":"https:\/\/eltrabajo.cl\/portal\/wp-json\/wp\/v2\/posts"}],"about":[{"href":"https:\/\/eltrabajo.cl\/portal\/wp-json\/wp\/v2\/types\/post"}],"author":[{"embeddable":true,"href":"https:\/\/eltrabajo.cl\/portal\/wp-json\/wp\/v2\/users\/1"}],"replies":[{"embeddable":true,"href":"https:\/\/eltrabajo.cl\/portal\/wp-json\/wp\/v2\/comments?post=89242"}],"version-history":[{"count":0,"href":"https:\/\/eltrabajo.cl\/portal\/wp-json\/wp\/v2\/posts\/89242\/revisions"}],"wp:featuredmedia":[{"embeddable":true,"href":"https:\/\/eltrabajo.cl\/portal\/wp-json\/wp\/v2\/media\/89243"}],"wp:attachment":[{"href":"https:\/\/eltrabajo.cl\/portal\/wp-json\/wp\/v2\/media?parent=89242"}],"wp:term":[{"taxonomy":"category","embeddable":true,"href":"https:\/\/eltrabajo.cl\/portal\/wp-json\/wp\/v2\/categories?post=89242"},{"taxonomy":"post_tag","embeddable":true,"href":"https:\/\/eltrabajo.cl\/portal\/wp-json\/wp\/v2\/tags?post=89242"}],"curies":[{"name":"wp","href":"https:\/\/api.w.org\/{rel}","templated":true}]}}