{"id":89245,"date":"2018-11-22T05:01:28","date_gmt":"2018-11-22T09:01:28","guid":{"rendered":"http:\/\/www.eltrabajo.cl\/2017\/?p=89245"},"modified":"2018-11-22T05:01:28","modified_gmt":"2018-11-22T09:01:28","slug":"javier-perez-potzsch-no-pudo-terminar-carrera-de-motos-mas-larga-del-mundo","status":"publish","type":"post","link":"https:\/\/eltrabajo.cl\/portal\/javier-perez-potzsch-no-pudo-terminar-carrera-de-motos-mas-larga-del-mundo\/","title":{"rendered":"Javier P\u00e9rez Potzsch no pudo terminar carrera de motos m\u00e1s larga del mundo"},"content":{"rendered":"<figure id=\"attachment_89246\" aria-describedby=\"caption-attachment-89246\" style=\"width: 580px\" class=\"wp-caption alignnone\"><img data-recalc-dims=\"1\" loading=\"lazy\" decoding=\"async\" class=\"size-full wp-image-89246\" src=\"https:\/\/i0.wp.com\/www.eltrabajo.cl\/2017\/wp-content\/uploads\/2018\/11\/javier-perez-en-mexico.jpg?resize=580%2C359\" alt=\"Una falla mec\u00e1nica impidi\u00f3 a Javier P\u00e9rez (el primero a la derecha en la foto) terminar la carrera Baja 1000 en M\u00e9xico.\" width=\"580\" height=\"359\" srcset=\"https:\/\/i0.wp.com\/eltrabajo.cl\/portal\/wp-content\/uploads\/2018\/11\/javier-perez-en-mexico.jpg?w=580&amp;ssl=1 580w, https:\/\/i0.wp.com\/eltrabajo.cl\/portal\/wp-content\/uploads\/2018\/11\/javier-perez-en-mexico.jpg?resize=200%2C124&amp;ssl=1 200w, https:\/\/i0.wp.com\/eltrabajo.cl\/portal\/wp-content\/uploads\/2018\/11\/javier-perez-en-mexico.jpg?resize=300%2C186&amp;ssl=1 300w, https:\/\/i0.wp.com\/eltrabajo.cl\/portal\/wp-content\/uploads\/2018\/11\/javier-perez-en-mexico.jpg?resize=242%2C150&amp;ssl=1 242w, https:\/\/i0.wp.com\/eltrabajo.cl\/portal\/wp-content\/uploads\/2018\/11\/javier-perez-en-mexico.jpg?resize=400%2C248&amp;ssl=1 400w\" sizes=\"auto, (max-width: 580px) 100vw, 580px\" \/><figcaption id=\"caption-attachment-89246\" class=\"wp-caption-text\">Una falla mec\u00e1nica impidi\u00f3 a Javier P\u00e9rez (el primero a la derecha en la foto) terminar la carrera Baja 1000 en M\u00e9xico.<\/figcaption><\/figure>\n<p>Un fuerte golpe de una piedra en el radiador de su moto, justo cuando remontaba y se encontraba en una expectante sexta posici\u00f3n, provoc\u00f3 que el joven sanfelipe\u00f1o Javier P\u00e9rez Potzsch tuviera que abandonar la carrera \u2018Baja 1000\u2019, las m\u00e1s larga del mundo.<br \/>\nPese al abandono en la prueba realizada en M\u00e9xico, Javier P\u00e9rez no qued\u00f3 del todo inconforme: \u201cLa verdad qued\u00e9 un poco triste por no haber podido terminar; hab\u00edamos recuperado muchos lugares, sabiendo que correr\u00edamos riesgos; en una pasada una roca lleg\u00f3 al radiador y perdimos el l\u00edquido refrigerante, lo que sumado a que est\u00e1bamos lejos de los pits nos llev\u00f3 a perder el embrague. Si terminaba seguro peleaba el podio, pero este tipo de cosas suceden durante las carreras, y hay que saber asumirlas porque dejan lecciones y experiencias para el futuro; ahora hay que salir adelante porque el 2019 se vienen muchas otras cosas\u201d, declar\u00f3 desde Norteam\u00e9rica para El Trabajo Deportivo el promisorio motorista aconcag\u00fcino.<\/p>\n","protected":false},"excerpt":{"rendered":"<p>Un fuerte golpe de una piedra en el radiador de su moto, justo cuando remontaba y se encontraba en una expectante sexta posici\u00f3n, provoc\u00f3 que el joven sanfelipe\u00f1o Javier P\u00e9rez Potzsch tuviera&#8230;<\/p>\n","protected":false},"author":1,"featured_media":89246,"comment_status":"open","ping_status":"open","sticky":false,"template":"","format":"standard","meta":{"advanced_seo_description":"","jetpack_seo_html_title":"","jetpack_seo_noindex":false,"_jetpack_memberships_contains_paid_content":false,"footnotes":""},"categories":[19],"tags":[],"class_list":["post-89245","post","type-post","status-publish","format-standard","has-post-thumbnail","hentry","category-deportes"],"jetpack_featured_media_url":"https:\/\/i0.wp.com\/eltrabajo.cl\/portal\/wp-content\/uploads\/2018\/11\/javier-perez-en-mexico.jpg?fit=580%2C359&ssl=1","jetpack_sharing_enabled":true,"jetpack_likes_enabled":true,"jetpack-related-posts":[],"_links":{"self":[{"href":"https:\/\/eltrabajo.cl\/portal\/wp-json\/wp\/v2\/posts\/89245","targetHints":{"allow":["GET"]}}],"collection":[{"href":"https:\/\/eltrabajo.cl\/portal\/wp-json\/wp\/v2\/posts"}],"about":[{"href":"https:\/\/eltrabajo.cl\/portal\/wp-json\/wp\/v2\/types\/post"}],"author":[{"embeddable":true,"href":"https:\/\/eltrabajo.cl\/portal\/wp-json\/wp\/v2\/users\/1"}],"replies":[{"embeddable":true,"href":"https:\/\/eltrabajo.cl\/portal\/wp-json\/wp\/v2\/comments?post=89245"}],"version-history":[{"count":0,"href":"https:\/\/eltrabajo.cl\/portal\/wp-json\/wp\/v2\/posts\/89245\/revisions"}],"wp:featuredmedia":[{"embeddable":true,"href":"https:\/\/eltrabajo.cl\/portal\/wp-json\/wp\/v2\/media\/89246"}],"wp:attachment":[{"href":"https:\/\/eltrabajo.cl\/portal\/wp-json\/wp\/v2\/media?parent=89245"}],"wp:term":[{"taxonomy":"category","embeddable":true,"href":"https:\/\/eltrabajo.cl\/portal\/wp-json\/wp\/v2\/categories?post=89245"},{"taxonomy":"post_tag","embeddable":true,"href":"https:\/\/eltrabajo.cl\/portal\/wp-json\/wp\/v2\/tags?post=89245"}],"curies":[{"name":"wp","href":"https:\/\/api.w.org\/{rel}","templated":true}]}}