{"id":89361,"date":"2018-12-20T05:00:08","date_gmt":"2018-12-20T09:00:08","guid":{"rendered":"http:\/\/www.eltrabajo.cl\/2017\/?p=89361"},"modified":"2018-12-31T20:41:40","modified_gmt":"2018-12-31T23:41:40","slug":"asociacion-de-futbol-de-san-felipe-no-puede-acceder-a-la-subvencion-municipal","status":"publish","type":"post","link":"https:\/\/eltrabajo.cl\/portal\/asociacion-de-futbol-de-san-felipe-no-puede-acceder-a-la-subvencion-municipal\/","title":{"rendered":"Asociaci\u00f3n de F\u00fatbol de San Felipe no puede acceder a la subvenci\u00f3n municipal"},"content":{"rendered":"<figure id=\"attachment_89363\" aria-describedby=\"caption-attachment-89363\" style=\"width: 580px\" class=\"wp-caption aligncenter\"><a href=\"http:\/\/www.eltrabajo.cl\/portal\/futbol-amateur-3-2\/\"><img data-recalc-dims=\"1\" loading=\"lazy\" decoding=\"async\" class=\"wp-image-89363 size-full\" src=\"https:\/\/i0.wp.com\/www.eltrabajo.cl\/portal\/wp-content\/uploads\/2018\/12\/futbol-amateur.jpg?resize=580%2C360\" alt=\"El f\u00fatbol amateur sanfelipe\u00f1o se encuentra sin recursos econ\u00f3micos.\" width=\"580\" height=\"360\" srcset=\"https:\/\/i0.wp.com\/eltrabajo.cl\/portal\/wp-content\/uploads\/2018\/12\/futbol-amateur.jpg?w=580&amp;ssl=1 580w, https:\/\/i0.wp.com\/eltrabajo.cl\/portal\/wp-content\/uploads\/2018\/12\/futbol-amateur.jpg?resize=200%2C124&amp;ssl=1 200w, https:\/\/i0.wp.com\/eltrabajo.cl\/portal\/wp-content\/uploads\/2018\/12\/futbol-amateur.jpg?resize=300%2C186&amp;ssl=1 300w, https:\/\/i0.wp.com\/eltrabajo.cl\/portal\/wp-content\/uploads\/2018\/12\/futbol-amateur.jpg?resize=242%2C150&amp;ssl=1 242w, https:\/\/i0.wp.com\/eltrabajo.cl\/portal\/wp-content\/uploads\/2018\/12\/futbol-amateur.jpg?resize=400%2C248&amp;ssl=1 400w\" sizes=\"auto, (max-width: 580px) 100vw, 580px\" \/><\/a><figcaption id=\"caption-attachment-89363\" class=\"wp-caption-text\">El f\u00fatbol amateur sanfelipe\u00f1o se encuentra sin recursos econ\u00f3micos.<\/figcaption><\/figure>\n<p>Una situaci\u00f3n en extremo complicada y que tiene a sus jerarcas al borde de un ataque de nervios est\u00e1 atravesando la Asociaci\u00f3n de F\u00fatbol Amateur de San Felipe, luego que ayer se le notificara que no podr\u00e1 cobrar la subvenci\u00f3n municipal, pese a que este beneficio ya fue aprobado por el Concejo Municipal. \u201cNo tenemos plata para nada, y si hago esto p\u00fablico es para que la gente del f\u00fatbol amateur sepa que no contamos con los recursos para temas urgentes como por ejemplo lo es la premiaci\u00f3n por el cierre de torneo\u201d, cont\u00f3 a El Trabajo Deportivo, el dirigente Ra\u00fal Reinoso.<br \/>\nEl m\u00e1ximo directivo del ente rector del balompi\u00e9 aficionado sanfelipe\u00f1o, dio las razones por las que no pueden acceder a la subvenci\u00f3n: \u201cDesde mayo venimos peleando por esto; tengo el decreto en mis manos (ver foto), pero resulta que cuando voy a Finanzas se me dice que no hay fondos para pagar, y que simplemente debo esperar hasta fines de enero para que paguen la subvenci\u00f3n, siempre y cuando el Concejo Municipal lo apruebe, cosa muy extra\u00f1a porque esto ha sido aprobado como tres veces durante este a\u00f1o; la verdad nos sentimos humillados por lo que nos est\u00e1 pasando\u201d, explic\u00f3.<br \/>\nReinoso agreg\u00f3 que si reciben el dinero el a\u00f1o pr\u00f3ximo, generar\u00e1 un problema no menor ya que no pueden optar a dos beneficios durante un mismo periodo. \u201cEso ya nos pas\u00f3 una vez; si la dan en enero, despu\u00e9s nos dir\u00e1n si ya les dimos una; esto es grave porque nos acarrea problemas serios debido a que simplemente no tenemos plata\u201d, dijo.<br \/>\nEl directivo tambi\u00e9n se\u00f1al\u00f3 que en lo personal esto le est\u00e1 trayendo complicaciones con la gente del f\u00fatbol amateur. \u201cA cualquier cancha que voy me gritan \u2018\u00a1ladr\u00f3n qu\u00e9 hiciste con la plata de la subvenci\u00f3n!\u2019, y es por eso que expongo esta situaci\u00f3n, para que todos sepan que no nos han dado un peso durante este a\u00f1o; con dolor debo aguantar que todos los fines de semana se me ofenda de manera gratuita\u201d.<br \/>\nRespecto a qu\u00e9 har\u00e1n para poder comprar los premios, el mandam\u00e1s cont\u00f3: \u201cNo nos quedar\u00e1 m\u00e1s que recurrir a pr\u00e9stamos para poder premiar a los clubes, creo que esta gota definitivamente rebals\u00f3 el vaso\u201d.<br \/>\nAunque no puede cobrar la subvenci\u00f3n, Ra\u00fal Reinoso igual tuvo palabras de agradecimiento para el alcalde Patricio Freire. \u201cDebo ser claro, \u00e9l (Patricio Freire) siempre ha estado de mi parte y siempre intenta solucionar los problemas, pero hay gente que pone piedras en el camino\u201d, culmin\u00f3.<br \/>\n<strong>Jorge Vega Oses<\/strong><\/p>\n<figure id=\"attachment_89362\" aria-describedby=\"caption-attachment-89362\" style=\"width: 579px\" class=\"wp-caption alignleft\"><a href=\"http:\/\/www.eltrabajo.cl\/portal\/futbol-amateur-documento\/\"><img data-recalc-dims=\"1\" loading=\"lazy\" decoding=\"async\" class=\"wp-image-89362 size-full\" src=\"https:\/\/i0.wp.com\/www.eltrabajo.cl\/portal\/wp-content\/uploads\/2018\/12\/futbol-amateur-documento.jpg?resize=579%2C773\" alt=\"Este documento confirma que la subvenci\u00f3n municipal para el f\u00fatbol amateur ya fue aprobada.\" width=\"579\" height=\"773\" srcset=\"https:\/\/i0.wp.com\/eltrabajo.cl\/portal\/wp-content\/uploads\/2018\/12\/futbol-amateur-documento.jpg?w=579&amp;ssl=1 579w, https:\/\/i0.wp.com\/eltrabajo.cl\/portal\/wp-content\/uploads\/2018\/12\/futbol-amateur-documento.jpg?resize=112%2C150&amp;ssl=1 112w, https:\/\/i0.wp.com\/eltrabajo.cl\/portal\/wp-content\/uploads\/2018\/12\/futbol-amateur-documento.jpg?resize=225%2C300&amp;ssl=1 225w, https:\/\/i0.wp.com\/eltrabajo.cl\/portal\/wp-content\/uploads\/2018\/12\/futbol-amateur-documento.jpg?resize=400%2C534&amp;ssl=1 400w\" sizes=\"auto, (max-width: 579px) 100vw, 579px\" \/><\/a><figcaption id=\"caption-attachment-89362\" class=\"wp-caption-text\">Este documento confirma que la subvenci\u00f3n municipal para el f\u00fatbol amateur ya fue aprobada.<\/figcaption><\/figure>\n","protected":false},"excerpt":{"rendered":"<p>Una situaci\u00f3n en extremo complicada y que tiene a sus jerarcas al borde de un ataque de nervios est\u00e1 atravesando la Asociaci\u00f3n de F\u00fatbol Amateur de San Felipe, luego que ayer se&#8230;<\/p>\n","protected":false},"author":1,"featured_media":89363,"comment_status":"open","ping_status":"open","sticky":false,"template":"","format":"standard","meta":{"advanced_seo_description":"","jetpack_seo_html_title":"","jetpack_seo_noindex":false,"_jetpack_memberships_contains_paid_content":false,"footnotes":""},"categories":[19],"tags":[],"class_list":["post-89361","post","type-post","status-publish","format-standard","has-post-thumbnail","hentry","category-deportes"],"jetpack_featured_media_url":"https:\/\/i0.wp.com\/eltrabajo.cl\/portal\/wp-content\/uploads\/2018\/12\/futbol-amateur.jpg?fit=580%2C360&ssl=1","jetpack_sharing_enabled":true,"jetpack_likes_enabled":true,"jetpack-related-posts":[],"_links":{"self":[{"href":"https:\/\/eltrabajo.cl\/portal\/wp-json\/wp\/v2\/posts\/89361","targetHints":{"allow":["GET"]}}],"collection":[{"href":"https:\/\/eltrabajo.cl\/portal\/wp-json\/wp\/v2\/posts"}],"about":[{"href":"https:\/\/eltrabajo.cl\/portal\/wp-json\/wp\/v2\/types\/post"}],"author":[{"embeddable":true,"href":"https:\/\/eltrabajo.cl\/portal\/wp-json\/wp\/v2\/users\/1"}],"replies":[{"embeddable":true,"href":"https:\/\/eltrabajo.cl\/portal\/wp-json\/wp\/v2\/comments?post=89361"}],"version-history":[{"count":0,"href":"https:\/\/eltrabajo.cl\/portal\/wp-json\/wp\/v2\/posts\/89361\/revisions"}],"wp:featuredmedia":[{"embeddable":true,"href":"https:\/\/eltrabajo.cl\/portal\/wp-json\/wp\/v2\/media\/89363"}],"wp:attachment":[{"href":"https:\/\/eltrabajo.cl\/portal\/wp-json\/wp\/v2\/media?parent=89361"}],"wp:term":[{"taxonomy":"category","embeddable":true,"href":"https:\/\/eltrabajo.cl\/portal\/wp-json\/wp\/v2\/categories?post=89361"},{"taxonomy":"post_tag","embeddable":true,"href":"https:\/\/eltrabajo.cl\/portal\/wp-json\/wp\/v2\/tags?post=89361"}],"curies":[{"name":"wp","href":"https:\/\/api.w.org\/{rel}","templated":true}]}}