{"id":89626,"date":"2018-12-28T05:01:03","date_gmt":"2018-12-28T09:01:03","guid":{"rendered":"http:\/\/www.eltrabajo.cl\/2017\/?p=89475"},"modified":"2018-12-31T20:08:43","modified_gmt":"2018-12-31T23:08:43","slug":"natalia-duco-recibiria-un-castigo-de-cuatro-anos-de-suspension","status":"publish","type":"post","link":"https:\/\/eltrabajo.cl\/portal\/natalia-duco-recibiria-un-castigo-de-cuatro-anos-de-suspension\/","title":{"rendered":"Natalia Duco recibir\u00eda un castigo de cuatro a\u00f1os de suspensi\u00f3n"},"content":{"rendered":"<figure id=\"attachment_89577\" aria-describedby=\"caption-attachment-89577\" style=\"width: 580px\" class=\"wp-caption aligncenter\"><a href=\"http:\/\/www.eltrabajo.cl\/portal\/natalia-2-2\/\"><img data-recalc-dims=\"1\" loading=\"lazy\" decoding=\"async\" class=\"size-full wp-image-89577\" src=\"https:\/\/i0.wp.com\/www.eltrabajo.cl\/portal\/wp-content\/uploads\/2018\/12\/natalia.jpg?resize=580%2C360\" alt=\"Seg\u00fan trascendidos de prensa, Natalia Duco ser\u00e1 sancionada con cuatro a\u00f1os de suspensi\u00f3n.\" width=\"580\" height=\"360\" srcset=\"https:\/\/i0.wp.com\/eltrabajo.cl\/portal\/wp-content\/uploads\/2018\/12\/natalia.jpg?w=580&amp;ssl=1 580w, https:\/\/i0.wp.com\/eltrabajo.cl\/portal\/wp-content\/uploads\/2018\/12\/natalia.jpg?resize=200%2C124&amp;ssl=1 200w, https:\/\/i0.wp.com\/eltrabajo.cl\/portal\/wp-content\/uploads\/2018\/12\/natalia.jpg?resize=300%2C186&amp;ssl=1 300w, https:\/\/i0.wp.com\/eltrabajo.cl\/portal\/wp-content\/uploads\/2018\/12\/natalia.jpg?resize=242%2C150&amp;ssl=1 242w, https:\/\/i0.wp.com\/eltrabajo.cl\/portal\/wp-content\/uploads\/2018\/12\/natalia.jpg?resize=400%2C248&amp;ssl=1 400w\" sizes=\"auto, (max-width: 580px) 100vw, 580px\" \/><\/a><figcaption id=\"caption-attachment-89577\" class=\"wp-caption-text\">Seg\u00fan trascendidos de prensa, Natalia Duco ser\u00e1 sancionada con cuatro a\u00f1os de suspensi\u00f3n.<\/figcaption><\/figure>\n<p>Para las primeras semanas del mes de enero pr\u00f3ximo se espera que el Tribunal de Expertos Dopaje (TDS) d\u00e9 a conocer la resoluci\u00f3n definitiva en relaci\u00f3n al doping positivo que arroj\u00f3 la atleta sanfelipe\u00f1a Natalia Duco, a la que se le acusa de haber utilizado la sustancia GHRP \u2013 6.<br \/>\nSeg\u00fan inform\u00f3 diario El Mercurio, la balista aconcag\u00fcina recibir\u00e1 una sanci\u00f3n de cuatro a\u00f1os, lo que sin lugar a dudas ser\u00e1 un golpe casi letal para su carrera ya que se perder\u00eda los Juegos Ol\u00edmpicos de Tokio el 2020 y otros torneos de importancia planetaria.<br \/>\nLa hormona GHRP-6 es un compuesto que propicia la liberaci\u00f3n de la hormona del crecimiento, ayudando a reducir grasa y aumentado la fuerza.<\/p>\n","protected":false},"excerpt":{"rendered":"<p>Para las primeras semanas del mes de enero pr\u00f3ximo se espera que el Tribunal de Expertos Dopaje (TDS) d\u00e9 a conocer la resoluci\u00f3n definitiva en relaci\u00f3n al doping positivo que arroj\u00f3 la&#8230;<\/p>\n","protected":false},"author":1,"featured_media":89577,"comment_status":"open","ping_status":"open","sticky":false,"template":"","format":"standard","meta":{"advanced_seo_description":"","jetpack_seo_html_title":"","jetpack_seo_noindex":false,"_jetpack_memberships_contains_paid_content":false,"footnotes":""},"categories":[19],"tags":[],"class_list":["post-89626","post","type-post","status-publish","format-standard","has-post-thumbnail","hentry","category-deportes"],"jetpack_featured_media_url":"https:\/\/i0.wp.com\/eltrabajo.cl\/portal\/wp-content\/uploads\/2018\/12\/natalia.jpg?fit=580%2C360&ssl=1","jetpack_sharing_enabled":true,"jetpack_likes_enabled":true,"jetpack-related-posts":[],"_links":{"self":[{"href":"https:\/\/eltrabajo.cl\/portal\/wp-json\/wp\/v2\/posts\/89626","targetHints":{"allow":["GET"]}}],"collection":[{"href":"https:\/\/eltrabajo.cl\/portal\/wp-json\/wp\/v2\/posts"}],"about":[{"href":"https:\/\/eltrabajo.cl\/portal\/wp-json\/wp\/v2\/types\/post"}],"author":[{"embeddable":true,"href":"https:\/\/eltrabajo.cl\/portal\/wp-json\/wp\/v2\/users\/1"}],"replies":[{"embeddable":true,"href":"https:\/\/eltrabajo.cl\/portal\/wp-json\/wp\/v2\/comments?post=89626"}],"version-history":[{"count":0,"href":"https:\/\/eltrabajo.cl\/portal\/wp-json\/wp\/v2\/posts\/89626\/revisions"}],"wp:featuredmedia":[{"embeddable":true,"href":"https:\/\/eltrabajo.cl\/portal\/wp-json\/wp\/v2\/media\/89577"}],"wp:attachment":[{"href":"https:\/\/eltrabajo.cl\/portal\/wp-json\/wp\/v2\/media?parent=89626"}],"wp:term":[{"taxonomy":"category","embeddable":true,"href":"https:\/\/eltrabajo.cl\/portal\/wp-json\/wp\/v2\/categories?post=89626"},{"taxonomy":"post_tag","embeddable":true,"href":"https:\/\/eltrabajo.cl\/portal\/wp-json\/wp\/v2\/tags?post=89626"}],"curies":[{"name":"wp","href":"https:\/\/api.w.org\/{rel}","templated":true}]}}