{"id":89701,"date":"2019-01-03T05:00:31","date_gmt":"2019-01-03T08:00:31","guid":{"rendered":"http:\/\/www.eltrabajo.cl\/portal\/?p=89701"},"modified":"2019-01-02T21:19:30","modified_gmt":"2019-01-03T00:19:30","slug":"angel-vildozo-retorna-a-union-san-felipe","status":"publish","type":"post","link":"https:\/\/eltrabajo.cl\/portal\/angel-vildozo-retorna-a-union-san-felipe\/","title":{"rendered":"\u00c1ngel Vildozo retorna a Uni\u00f3n San Felipe"},"content":{"rendered":"<figure id=\"attachment_89703\" aria-describedby=\"caption-attachment-89703\" style=\"width: 580px\" class=\"wp-caption alignnone\"><img data-recalc-dims=\"1\" loading=\"lazy\" decoding=\"async\" class=\"size-full wp-image-89703\" src=\"https:\/\/i0.wp.com\/www.eltrabajo.cl\/portal\/wp-content\/uploads\/2019\/01\/la-nona-mu%C3%B1oz.jpg?resize=580%2C360\" alt=\"El experimentado volante Cristian \u2018La Nona\u2019 Mu\u00f1oz ser\u00e1 uno de los refuerzos del Un\u00ed Un\u00ed esta temporada.\" width=\"580\" height=\"360\" srcset=\"https:\/\/i0.wp.com\/eltrabajo.cl\/portal\/wp-content\/uploads\/2019\/01\/la-nona-mu%C3%B1oz.jpg?w=580&amp;ssl=1 580w, https:\/\/i0.wp.com\/eltrabajo.cl\/portal\/wp-content\/uploads\/2019\/01\/la-nona-mu%C3%B1oz.jpg?resize=200%2C124&amp;ssl=1 200w, https:\/\/i0.wp.com\/eltrabajo.cl\/portal\/wp-content\/uploads\/2019\/01\/la-nona-mu%C3%B1oz.jpg?resize=300%2C186&amp;ssl=1 300w, https:\/\/i0.wp.com\/eltrabajo.cl\/portal\/wp-content\/uploads\/2019\/01\/la-nona-mu%C3%B1oz.jpg?resize=242%2C150&amp;ssl=1 242w, https:\/\/i0.wp.com\/eltrabajo.cl\/portal\/wp-content\/uploads\/2019\/01\/la-nona-mu%C3%B1oz.jpg?resize=400%2C248&amp;ssl=1 400w\" sizes=\"auto, (max-width: 580px) 100vw, 580px\" \/><figcaption id=\"caption-attachment-89703\" class=\"wp-caption-text\">El experimentado volante Cristian \u2018La Nona\u2019 Mu\u00f1oz ser\u00e1 uno de los refuerzos del Un\u00ed Un\u00ed esta temporada.<\/figcaption><\/figure>\n<ul>\n<li><strong>Aparte del destacado ariete argentino, la tienda aconcag\u00fcina anunci\u00f3 la llegada a su plantel de otros dos jugadores.<\/strong><\/li>\n<\/ul>\n<p>El \u00faltimo d\u00eda del 2018 trajo una gran noticia para la hinchada de Uni\u00f3n San Felipe, debido a que se confirm\u00f3 que el ariete \u00c1ngel Vildozo retornar\u00e1 al club aconcag\u00fcino. El delantero dej\u00f3 gratos recuerdos debido a que el aporte del \u2018\u00c1ngel del Gol\u2019 result\u00f3 fundamental hace una d\u00e9cada, cuando el Un\u00ed Un\u00ed gan\u00f3 el torneo de la Primera B y la Copa Chile: \u201cVolver a Uni\u00f3n San Felipe significa mucho para m\u00ed, porque era algo pendiente; deseaba fervientemente que se concretara y el lograrlo es una alegr\u00eda enorme\u201d, declar\u00f3 el jugador al momento de hacerse oficial su retorno a la tienda albirroja.<br \/>\nSabido era que Vildozo (37) ten\u00eda otras ofertas para continuar su carrera; pero el mismo delantero reconoci\u00f3 que el Un\u00ed Un\u00ed es especial y por lo mismo opt\u00f3 por volver: \u201cEleg\u00ed San Felipe por varios motivos, principalmente para buscar el regreso a Primera A, y tambi\u00e9n para devolverle a la gente todo el cari\u00f1o que me han expresado durante todos estos a\u00f1os. Tambi\u00e9n por la dirigencia del club que siempre se comunic\u00f3 conmigo a lo largo de todo este tiempo. Siempre me ofrecieron la posibilidad de volver, pero por distintos motivos eso no se daba; todo eso me motiv\u00f3 a inclinarme por Uni\u00f3n San Felipe\u201d, declar\u00f3.<br \/>\nRespecto al momento y nivel personal en que llega, afirm\u00f3: \u201cEl 2018 jugu\u00e9 casi todos los partidos en el club Comunicaciones, convert\u00ed 8 goles y me siento muy bien en lo f\u00edsico; ahora debo hacer una muy buena pretemporada y acoplarme bien al equipo\u201d.<\/p>\n<p><span style=\"color: #ff0000;\"><strong>SUMA DOS JUGADORES M\u00c1S<\/strong><\/span><br \/>\nEl arribo del \u2018\u00c1ngel del Gol\u2019 hizo pasar a un segundo plano la llegada del experimentado volante Cristian \u2018La Nona\u2019 Mu\u00f1oz y el argentino Leandro Fioravanti.<br \/>\nCristian Mu\u00f1oz tiene 35 a\u00f1os de edad y una dilatada carrera como futbolista profesional, donde destacan sus pasos por la Universidad de Chile (formado), Cobreloa, Santiago Wanderers y Barnechea, su \u00faltimo club antes del Un\u00ed Un\u00ed.<br \/>\nEn tanto el curr\u00edculum de Fioravanti es m\u00e1s modesto, y solo se puede decir que tiene 26 a\u00f1os de edad y que llega proveniente desde el club Mutual Crucero del Norte, que milita en el torneo Federal A (un s\u00edmil de tercera divisi\u00f3n en Chile) de Argentina.<\/p>\n<figure id=\"attachment_89702\" aria-describedby=\"caption-attachment-89702\" style=\"width: 580px\" class=\"wp-caption alignnone\"><img data-recalc-dims=\"1\" loading=\"lazy\" decoding=\"async\" class=\"size-full wp-image-89702\" src=\"https:\/\/i0.wp.com\/www.eltrabajo.cl\/portal\/wp-content\/uploads\/2019\/01\/angel-vildozo.jpg?resize=580%2C359\" alt=\"Despu\u00e9s de una d\u00e9cada \u00c1ngel Vildozo volver\u00e1 a vestir la camiseta de Uni\u00f3n San Felipe.\" width=\"580\" height=\"359\" srcset=\"https:\/\/i0.wp.com\/eltrabajo.cl\/portal\/wp-content\/uploads\/2019\/01\/angel-vildozo.jpg?w=580&amp;ssl=1 580w, https:\/\/i0.wp.com\/eltrabajo.cl\/portal\/wp-content\/uploads\/2019\/01\/angel-vildozo.jpg?resize=200%2C124&amp;ssl=1 200w, https:\/\/i0.wp.com\/eltrabajo.cl\/portal\/wp-content\/uploads\/2019\/01\/angel-vildozo.jpg?resize=300%2C186&amp;ssl=1 300w, https:\/\/i0.wp.com\/eltrabajo.cl\/portal\/wp-content\/uploads\/2019\/01\/angel-vildozo.jpg?resize=242%2C150&amp;ssl=1 242w, https:\/\/i0.wp.com\/eltrabajo.cl\/portal\/wp-content\/uploads\/2019\/01\/angel-vildozo.jpg?resize=400%2C248&amp;ssl=1 400w\" sizes=\"auto, (max-width: 580px) 100vw, 580px\" \/><figcaption id=\"caption-attachment-89702\" class=\"wp-caption-text\">Despu\u00e9s de una d\u00e9cada \u00c1ngel Vildozo volver\u00e1 a vestir la camiseta de Uni\u00f3n San Felipe.<\/figcaption><\/figure>\n<figure id=\"attachment_89704\" aria-describedby=\"caption-attachment-89704\" style=\"width: 580px\" class=\"wp-caption alignnone\"><img data-recalc-dims=\"1\" loading=\"lazy\" decoding=\"async\" class=\"size-full wp-image-89704\" src=\"https:\/\/i0.wp.com\/www.eltrabajo.cl\/portal\/wp-content\/uploads\/2019\/01\/leandro-fioravanti.jpg?resize=580%2C360\" alt=\"Desde el torneo Federal A de Argentina llega  al Un\u00ed Un\u00ed el jugador Leandro Fioravanti.\" width=\"580\" height=\"360\" srcset=\"https:\/\/i0.wp.com\/eltrabajo.cl\/portal\/wp-content\/uploads\/2019\/01\/leandro-fioravanti.jpg?w=580&amp;ssl=1 580w, https:\/\/i0.wp.com\/eltrabajo.cl\/portal\/wp-content\/uploads\/2019\/01\/leandro-fioravanti.jpg?resize=200%2C124&amp;ssl=1 200w, https:\/\/i0.wp.com\/eltrabajo.cl\/portal\/wp-content\/uploads\/2019\/01\/leandro-fioravanti.jpg?resize=300%2C186&amp;ssl=1 300w, https:\/\/i0.wp.com\/eltrabajo.cl\/portal\/wp-content\/uploads\/2019\/01\/leandro-fioravanti.jpg?resize=242%2C150&amp;ssl=1 242w, https:\/\/i0.wp.com\/eltrabajo.cl\/portal\/wp-content\/uploads\/2019\/01\/leandro-fioravanti.jpg?resize=400%2C248&amp;ssl=1 400w\" sizes=\"auto, (max-width: 580px) 100vw, 580px\" \/><figcaption id=\"caption-attachment-89704\" class=\"wp-caption-text\">Desde el torneo Federal A de Argentina llega al Un\u00ed Un\u00ed el jugador Leandro Fioravanti.<\/figcaption><\/figure>\n","protected":false},"excerpt":{"rendered":"<p>Aparte del destacado ariete argentino, la tienda aconcag\u00fcina anunci\u00f3 la llegada a su plantel de otros dos jugadores. El \u00faltimo d\u00eda del 2018 trajo una gran noticia para la hinchada de Uni\u00f3n&#8230;<\/p>\n","protected":false},"author":482,"featured_media":89702,"comment_status":"closed","ping_status":"open","sticky":false,"template":"","format":"standard","meta":{"advanced_seo_description":"","jetpack_seo_html_title":"","jetpack_seo_noindex":false,"_jetpack_memberships_contains_paid_content":false,"footnotes":""},"categories":[19],"tags":[],"class_list":["post-89701","post","type-post","status-publish","format-standard","has-post-thumbnail","hentry","category-deportes"],"jetpack_featured_media_url":"https:\/\/i0.wp.com\/eltrabajo.cl\/portal\/wp-content\/uploads\/2019\/01\/angel-vildozo.jpg?fit=580%2C359&ssl=1","jetpack_sharing_enabled":true,"jetpack_likes_enabled":true,"jetpack-related-posts":[],"_links":{"self":[{"href":"https:\/\/eltrabajo.cl\/portal\/wp-json\/wp\/v2\/posts\/89701","targetHints":{"allow":["GET"]}}],"collection":[{"href":"https:\/\/eltrabajo.cl\/portal\/wp-json\/wp\/v2\/posts"}],"about":[{"href":"https:\/\/eltrabajo.cl\/portal\/wp-json\/wp\/v2\/types\/post"}],"author":[{"embeddable":true,"href":"https:\/\/eltrabajo.cl\/portal\/wp-json\/wp\/v2\/users\/482"}],"replies":[{"embeddable":true,"href":"https:\/\/eltrabajo.cl\/portal\/wp-json\/wp\/v2\/comments?post=89701"}],"version-history":[{"count":0,"href":"https:\/\/eltrabajo.cl\/portal\/wp-json\/wp\/v2\/posts\/89701\/revisions"}],"wp:featuredmedia":[{"embeddable":true,"href":"https:\/\/eltrabajo.cl\/portal\/wp-json\/wp\/v2\/media\/89702"}],"wp:attachment":[{"href":"https:\/\/eltrabajo.cl\/portal\/wp-json\/wp\/v2\/media?parent=89701"}],"wp:term":[{"taxonomy":"category","embeddable":true,"href":"https:\/\/eltrabajo.cl\/portal\/wp-json\/wp\/v2\/categories?post=89701"},{"taxonomy":"post_tag","embeddable":true,"href":"https:\/\/eltrabajo.cl\/portal\/wp-json\/wp\/v2\/tags?post=89701"}],"curies":[{"name":"wp","href":"https:\/\/api.w.org\/{rel}","templated":true}]}}