{"id":89740,"date":"2019-01-04T05:02:38","date_gmt":"2019-01-04T08:02:38","guid":{"rendered":"http:\/\/www.eltrabajo.cl\/portal\/?p=89740"},"modified":"2019-01-03T20:58:33","modified_gmt":"2019-01-03T23:58:33","slug":"jugadora-del-club-san-felipe-basket-a-la-preseleccion-chilena-u14","status":"publish","type":"post","link":"https:\/\/eltrabajo.cl\/portal\/jugadora-del-club-san-felipe-basket-a-la-preseleccion-chilena-u14\/","title":{"rendered":"Jugadora del club San Felipe Basket a la preselecci\u00f3n chilena U14"},"content":{"rendered":"<figure id=\"attachment_89741\" aria-describedby=\"caption-attachment-89741\" style=\"width: 580px\" class=\"wp-caption alignnone\"><img data-recalc-dims=\"1\" loading=\"lazy\" decoding=\"async\" class=\"size-full wp-image-89741\" src=\"https:\/\/i0.wp.com\/www.eltrabajo.cl\/portal\/wp-content\/uploads\/2019\/01\/amaya-veliz.jpg?resize=580%2C358\" alt=\"La jugadora de San Felipe Basket (a la derecha en la foto) fue citada a la concentraci\u00f3n de la selecci\u00f3n chilena U14.\" width=\"580\" height=\"358\" srcset=\"https:\/\/i0.wp.com\/eltrabajo.cl\/portal\/wp-content\/uploads\/2019\/01\/amaya-veliz.jpg?w=580&amp;ssl=1 580w, https:\/\/i0.wp.com\/eltrabajo.cl\/portal\/wp-content\/uploads\/2019\/01\/amaya-veliz.jpg?resize=200%2C123&amp;ssl=1 200w, https:\/\/i0.wp.com\/eltrabajo.cl\/portal\/wp-content\/uploads\/2019\/01\/amaya-veliz.jpg?resize=300%2C185&amp;ssl=1 300w, https:\/\/i0.wp.com\/eltrabajo.cl\/portal\/wp-content\/uploads\/2019\/01\/amaya-veliz.jpg?resize=243%2C150&amp;ssl=1 243w, https:\/\/i0.wp.com\/eltrabajo.cl\/portal\/wp-content\/uploads\/2019\/01\/amaya-veliz.jpg?resize=400%2C247&amp;ssl=1 400w\" sizes=\"auto, (max-width: 580px) 100vw, 580px\" \/><figcaption id=\"caption-attachment-89741\" class=\"wp-caption-text\">La jugadora de San Felipe Basket (a la derecha en la foto) fue citada a la concentraci\u00f3n de la selecci\u00f3n chilena U14.<\/figcaption><\/figure>\n<p>Despu\u00e9s de muchos a\u00f1os en que el b\u00e1squetbol femenino sanfelipe\u00f1o estaba siendo ignorado dentro de la elite chilena, a fines del a\u00f1o pasado la asociaci\u00f3n cestera Alejandro Rivadeneira, fue notificada que su jugadora, Amaya V\u00e9liz, perteneciente al club San Felipe Basket, fue convocada a la preseleccion chilena menor de 14 a\u00f1os.<br \/>\nLa jugadora aconcag\u00fcina se concentr\u00f3 en horas del mi\u00e9rcoles 2 de enero en las instalaciones del colegio Simons de la ciudad de Talcahuano, para ser parte de un ciclo de entrenamientos que se prolongar\u00e1 hasta el domingo 6 de enero.<br \/>\nLa selecci\u00f3n femenina menor de 14 a\u00f1os se encuentra trabajando con miras al torneo Sudamericano de la categor\u00eda que est\u00e1 agendado para el mes de noviembre de este 2019.<\/p>\n","protected":false},"excerpt":{"rendered":"<p>Despu\u00e9s de muchos a\u00f1os en que el b\u00e1squetbol femenino sanfelipe\u00f1o estaba siendo ignorado dentro de la elite chilena, a fines del a\u00f1o pasado la asociaci\u00f3n cestera Alejandro Rivadeneira, fue notificada que su&#8230;<\/p>\n","protected":false},"author":482,"featured_media":89741,"comment_status":"closed","ping_status":"open","sticky":false,"template":"","format":"standard","meta":{"advanced_seo_description":"","jetpack_seo_html_title":"","jetpack_seo_noindex":false,"_jetpack_memberships_contains_paid_content":false,"footnotes":""},"categories":[19],"tags":[],"class_list":["post-89740","post","type-post","status-publish","format-standard","has-post-thumbnail","hentry","category-deportes"],"jetpack_featured_media_url":"https:\/\/i0.wp.com\/eltrabajo.cl\/portal\/wp-content\/uploads\/2019\/01\/amaya-veliz.jpg?fit=580%2C358&ssl=1","jetpack_sharing_enabled":true,"jetpack_likes_enabled":true,"jetpack-related-posts":[],"_links":{"self":[{"href":"https:\/\/eltrabajo.cl\/portal\/wp-json\/wp\/v2\/posts\/89740","targetHints":{"allow":["GET"]}}],"collection":[{"href":"https:\/\/eltrabajo.cl\/portal\/wp-json\/wp\/v2\/posts"}],"about":[{"href":"https:\/\/eltrabajo.cl\/portal\/wp-json\/wp\/v2\/types\/post"}],"author":[{"embeddable":true,"href":"https:\/\/eltrabajo.cl\/portal\/wp-json\/wp\/v2\/users\/482"}],"replies":[{"embeddable":true,"href":"https:\/\/eltrabajo.cl\/portal\/wp-json\/wp\/v2\/comments?post=89740"}],"version-history":[{"count":0,"href":"https:\/\/eltrabajo.cl\/portal\/wp-json\/wp\/v2\/posts\/89740\/revisions"}],"wp:featuredmedia":[{"embeddable":true,"href":"https:\/\/eltrabajo.cl\/portal\/wp-json\/wp\/v2\/media\/89741"}],"wp:attachment":[{"href":"https:\/\/eltrabajo.cl\/portal\/wp-json\/wp\/v2\/media?parent=89740"}],"wp:term":[{"taxonomy":"category","embeddable":true,"href":"https:\/\/eltrabajo.cl\/portal\/wp-json\/wp\/v2\/categories?post=89740"},{"taxonomy":"post_tag","embeddable":true,"href":"https:\/\/eltrabajo.cl\/portal\/wp-json\/wp\/v2\/tags?post=89740"}],"curies":[{"name":"wp","href":"https:\/\/api.w.org\/{rel}","templated":true}]}}