{"id":89780,"date":"2019-01-08T05:00:12","date_gmt":"2019-01-08T08:00:12","guid":{"rendered":"http:\/\/www.eltrabajo.cl\/portal\/?p=89780"},"modified":"2019-01-07T20:42:35","modified_gmt":"2019-01-07T23:42:35","slug":"san-felipe-y-rinconada-avanzan-a-las-semifinales-del-regional-de-mujeres","status":"publish","type":"post","link":"https:\/\/eltrabajo.cl\/portal\/san-felipe-y-rinconada-avanzan-a-las-semifinales-del-regional-de-mujeres\/","title":{"rendered":"San Felipe y Rinconada avanzan a las semifinales del Regional de Mujeres"},"content":{"rendered":"<figure id=\"attachment_89781\" aria-describedby=\"caption-attachment-89781\" style=\"width: 577px\" class=\"wp-caption alignnone\"><img data-recalc-dims=\"1\" loading=\"lazy\" decoding=\"async\" class=\"size-full wp-image-89781\" src=\"https:\/\/i0.wp.com\/www.eltrabajo.cl\/portal\/wp-content\/uploads\/2019\/01\/regional-de-mujeres.jpg?resize=577%2C360\" alt=\"Dos selecciones del valle de Aconcagua (San Felipe y Rinconada) se metieron a las semifinales del Regional de Mujeres.\" width=\"577\" height=\"360\" srcset=\"https:\/\/i0.wp.com\/eltrabajo.cl\/portal\/wp-content\/uploads\/2019\/01\/regional-de-mujeres.jpg?w=577&amp;ssl=1 577w, https:\/\/i0.wp.com\/eltrabajo.cl\/portal\/wp-content\/uploads\/2019\/01\/regional-de-mujeres.jpg?resize=200%2C125&amp;ssl=1 200w, https:\/\/i0.wp.com\/eltrabajo.cl\/portal\/wp-content\/uploads\/2019\/01\/regional-de-mujeres.jpg?resize=300%2C187&amp;ssl=1 300w, https:\/\/i0.wp.com\/eltrabajo.cl\/portal\/wp-content\/uploads\/2019\/01\/regional-de-mujeres.jpg?resize=240%2C150&amp;ssl=1 240w, https:\/\/i0.wp.com\/eltrabajo.cl\/portal\/wp-content\/uploads\/2019\/01\/regional-de-mujeres.jpg?resize=400%2C250&amp;ssl=1 400w\" sizes=\"auto, (max-width: 577px) 100vw, 577px\" \/><figcaption id=\"caption-attachment-89781\" class=\"wp-caption-text\">Dos selecciones del valle de Aconcagua (San Felipe y Rinconada) se metieron a las semifinales del Regional de Mujeres.<\/figcaption><\/figure>\n<p>Las selecciones femeninas de las asociaciones de San Felipe y Rinconada de Los Andes, abrocharon su paso a las semifinales del torneo Regional de F\u00fatbol luego de superar a sus respectivos oponentes en la ronda de los cuatro mejores del certamen, en una instancia que el fin de semana pasado lleg\u00f3 a su fin.<br \/>\nEl combinado sanfelipe\u00f1o consigui\u00f3 un dram\u00e1tico paso a semis ya que debi\u00f3 recurrir a una definici\u00f3n desde los doce pasos tras caer como visitante 2 a 0 ante su similar de Petorca, en un resultado que oblig\u00f3 ir a la tanda de penales que las sanfelipe\u00f1as hicieron suya por 4 a 2. \u201cEs notable lo que est\u00e1n haciendo estas chicas que despu\u00e9s de mucho tiempo est\u00e1n metiendo al f\u00fatbol de San Felipe en grandes alturas\u201d, declar\u00f3 a El Trabajo Deportivo un emocionado Ra\u00fal Reinoso, actual presidente de la Asociaci\u00f3n de balompi\u00e9 aficionado sanfelipe\u00f1a.<br \/>\nPor su parte la selecci\u00f3n de Rinconada avanz\u00f3 tras deshacerse del complicado cuadro de la Asociaci\u00f3n Uni\u00f3n Del Pac\u00edfico (Zapallar), al que le hizo una diferencia muy clara al sacarle 4 de 6 puntos posibles.<br \/>\nLos combinados que entraron a la ronda de semifinales son: San Felipe, Rinconada de Los Andes, Valpara\u00edso y Re\u00f1aca Alto.<\/p>\n","protected":false},"excerpt":{"rendered":"<p>Las selecciones femeninas de las asociaciones de San Felipe y Rinconada de Los Andes, abrocharon su paso a las semifinales del torneo Regional de F\u00fatbol luego de superar a sus respectivos oponentes&#8230;<\/p>\n","protected":false},"author":482,"featured_media":89781,"comment_status":"open","ping_status":"open","sticky":false,"template":"","format":"standard","meta":{"advanced_seo_description":"","jetpack_seo_html_title":"","jetpack_seo_noindex":false,"_jetpack_memberships_contains_paid_content":false,"footnotes":""},"categories":[19],"tags":[],"class_list":["post-89780","post","type-post","status-publish","format-standard","has-post-thumbnail","hentry","category-deportes"],"jetpack_featured_media_url":"https:\/\/i0.wp.com\/eltrabajo.cl\/portal\/wp-content\/uploads\/2019\/01\/regional-de-mujeres.jpg?fit=577%2C360&ssl=1","jetpack_sharing_enabled":true,"jetpack_likes_enabled":true,"jetpack-related-posts":[],"_links":{"self":[{"href":"https:\/\/eltrabajo.cl\/portal\/wp-json\/wp\/v2\/posts\/89780","targetHints":{"allow":["GET"]}}],"collection":[{"href":"https:\/\/eltrabajo.cl\/portal\/wp-json\/wp\/v2\/posts"}],"about":[{"href":"https:\/\/eltrabajo.cl\/portal\/wp-json\/wp\/v2\/types\/post"}],"author":[{"embeddable":true,"href":"https:\/\/eltrabajo.cl\/portal\/wp-json\/wp\/v2\/users\/482"}],"replies":[{"embeddable":true,"href":"https:\/\/eltrabajo.cl\/portal\/wp-json\/wp\/v2\/comments?post=89780"}],"version-history":[{"count":0,"href":"https:\/\/eltrabajo.cl\/portal\/wp-json\/wp\/v2\/posts\/89780\/revisions"}],"wp:featuredmedia":[{"embeddable":true,"href":"https:\/\/eltrabajo.cl\/portal\/wp-json\/wp\/v2\/media\/89781"}],"wp:attachment":[{"href":"https:\/\/eltrabajo.cl\/portal\/wp-json\/wp\/v2\/media?parent=89780"}],"wp:term":[{"taxonomy":"category","embeddable":true,"href":"https:\/\/eltrabajo.cl\/portal\/wp-json\/wp\/v2\/categories?post=89780"},{"taxonomy":"post_tag","embeddable":true,"href":"https:\/\/eltrabajo.cl\/portal\/wp-json\/wp\/v2\/tags?post=89780"}],"curies":[{"name":"wp","href":"https:\/\/api.w.org\/{rel}","templated":true}]}}