{"id":89809,"date":"2019-01-09T05:02:21","date_gmt":"2019-01-09T08:02:21","guid":{"rendered":"http:\/\/www.eltrabajo.cl\/portal\/?p=89809"},"modified":"2019-01-08T21:08:00","modified_gmt":"2019-01-09T00:08:00","slug":"proxima-semana-parte-torneo-de-dobles-en-club-de-tenis-san-felipe","status":"publish","type":"post","link":"https:\/\/eltrabajo.cl\/portal\/proxima-semana-parte-torneo-de-dobles-en-club-de-tenis-san-felipe\/","title":{"rendered":"Pr\u00f3xima semana parte torneo de Dobles en Club de Tenis San Felipe"},"content":{"rendered":"<figure id=\"attachment_89810\" aria-describedby=\"caption-attachment-89810\" style=\"width: 580px\" class=\"wp-caption alignnone\"><img data-recalc-dims=\"1\" loading=\"lazy\" decoding=\"async\" class=\"size-full wp-image-89810\" src=\"https:\/\/i0.wp.com\/www.eltrabajo.cl\/portal\/wp-content\/uploads\/2019\/01\/club-de-tenis.jpg?resize=580%2C358\" alt=\"El lunes 14 se iniciar\u00e1 un torneo de Dobles en el Club de Tenis de San Felipe.\" width=\"580\" height=\"358\" srcset=\"https:\/\/i0.wp.com\/eltrabajo.cl\/portal\/wp-content\/uploads\/2019\/01\/club-de-tenis.jpg?w=580&amp;ssl=1 580w, https:\/\/i0.wp.com\/eltrabajo.cl\/portal\/wp-content\/uploads\/2019\/01\/club-de-tenis.jpg?resize=200%2C123&amp;ssl=1 200w, https:\/\/i0.wp.com\/eltrabajo.cl\/portal\/wp-content\/uploads\/2019\/01\/club-de-tenis.jpg?resize=300%2C185&amp;ssl=1 300w, https:\/\/i0.wp.com\/eltrabajo.cl\/portal\/wp-content\/uploads\/2019\/01\/club-de-tenis.jpg?resize=243%2C150&amp;ssl=1 243w, https:\/\/i0.wp.com\/eltrabajo.cl\/portal\/wp-content\/uploads\/2019\/01\/club-de-tenis.jpg?resize=400%2C247&amp;ssl=1 400w\" sizes=\"auto, (max-width: 580px) 100vw, 580px\" \/><figcaption id=\"caption-attachment-89810\" class=\"wp-caption-text\">El lunes 14 se iniciar\u00e1 un torneo de Dobles en el Club de Tenis de San Felipe.<\/figcaption><\/figure>\n<p>Para el pr\u00f3ximo lunes 14 del presente mes, el club de Tenis de San Felipe ubicado en La Troya, tiene agendado su primer evento del 2019. Se trata de un torneo de dobles todo competidor y dobles mixtos.<br \/>\nLas inscripciones para participar en este abierto que tendr\u00e1 lugar en las excelentes instalaciones del complejo deportivo ubicado en el sector troyano, estar\u00e1n disponibles hasta el s\u00e1bado 12, fecha l\u00edmite debido a que los organizadores deben confeccionar los respectivos cuadros del campeonato que espera reunir a tenistas de ambos sexos de todo San Felipe y el valle de Aconcagua.<br \/>\nLos interesados en participar en este evento deben inscribirse en el Club de Tenis de San Felipe y cancelar la suma de $15.000 (quince mil pesos).<\/p>\n","protected":false},"excerpt":{"rendered":"<p>Para el pr\u00f3ximo lunes 14 del presente mes, el club de Tenis de San Felipe ubicado en La Troya, tiene agendado su primer evento del 2019. Se trata de un torneo de&#8230;<\/p>\n","protected":false},"author":482,"featured_media":89810,"comment_status":"open","ping_status":"open","sticky":false,"template":"","format":"standard","meta":{"advanced_seo_description":"","jetpack_seo_html_title":"","jetpack_seo_noindex":false,"_jetpack_memberships_contains_paid_content":false,"footnotes":""},"categories":[19],"tags":[],"class_list":["post-89809","post","type-post","status-publish","format-standard","has-post-thumbnail","hentry","category-deportes"],"jetpack_featured_media_url":"https:\/\/i0.wp.com\/eltrabajo.cl\/portal\/wp-content\/uploads\/2019\/01\/club-de-tenis.jpg?fit=580%2C358&ssl=1","jetpack_sharing_enabled":true,"jetpack_likes_enabled":true,"jetpack-related-posts":[],"_links":{"self":[{"href":"https:\/\/eltrabajo.cl\/portal\/wp-json\/wp\/v2\/posts\/89809","targetHints":{"allow":["GET"]}}],"collection":[{"href":"https:\/\/eltrabajo.cl\/portal\/wp-json\/wp\/v2\/posts"}],"about":[{"href":"https:\/\/eltrabajo.cl\/portal\/wp-json\/wp\/v2\/types\/post"}],"author":[{"embeddable":true,"href":"https:\/\/eltrabajo.cl\/portal\/wp-json\/wp\/v2\/users\/482"}],"replies":[{"embeddable":true,"href":"https:\/\/eltrabajo.cl\/portal\/wp-json\/wp\/v2\/comments?post=89809"}],"version-history":[{"count":0,"href":"https:\/\/eltrabajo.cl\/portal\/wp-json\/wp\/v2\/posts\/89809\/revisions"}],"wp:featuredmedia":[{"embeddable":true,"href":"https:\/\/eltrabajo.cl\/portal\/wp-json\/wp\/v2\/media\/89810"}],"wp:attachment":[{"href":"https:\/\/eltrabajo.cl\/portal\/wp-json\/wp\/v2\/media?parent=89809"}],"wp:term":[{"taxonomy":"category","embeddable":true,"href":"https:\/\/eltrabajo.cl\/portal\/wp-json\/wp\/v2\/categories?post=89809"},{"taxonomy":"post_tag","embeddable":true,"href":"https:\/\/eltrabajo.cl\/portal\/wp-json\/wp\/v2\/tags?post=89809"}],"curies":[{"name":"wp","href":"https:\/\/api.w.org\/{rel}","templated":true}]}}