{"id":89832,"date":"2019-01-10T05:01:01","date_gmt":"2019-01-10T08:01:01","guid":{"rendered":"http:\/\/www.eltrabajo.cl\/portal\/?p=89832"},"modified":"2019-01-09T21:00:52","modified_gmt":"2019-01-10T00:00:52","slug":"union-san-felipe-suma-otro-jugador-con-recorrido-y-experiencia","status":"publish","type":"post","link":"https:\/\/eltrabajo.cl\/portal\/union-san-felipe-suma-otro-jugador-con-recorrido-y-experiencia\/","title":{"rendered":"Uni\u00f3n San Felipe suma otro jugador con recorrido y experiencia"},"content":{"rendered":"<figure id=\"attachment_89833\" aria-describedby=\"caption-attachment-89833\" style=\"width: 580px\" class=\"wp-caption alignnone\"><img data-recalc-dims=\"1\" loading=\"lazy\" decoding=\"async\" class=\"size-full wp-image-89833\" src=\"https:\/\/i0.wp.com\/www.eltrabajo.cl\/portal\/wp-content\/uploads\/2019\/01\/jose-martinez.jpg?resize=580%2C358\" alt=\"Jos\u00e9 Mart\u00ednez se integr\u00f3 ayer al plantel albirrojo.\" width=\"580\" height=\"358\" srcset=\"https:\/\/i0.wp.com\/eltrabajo.cl\/portal\/wp-content\/uploads\/2019\/01\/jose-martinez.jpg?w=580&amp;ssl=1 580w, https:\/\/i0.wp.com\/eltrabajo.cl\/portal\/wp-content\/uploads\/2019\/01\/jose-martinez.jpg?resize=200%2C123&amp;ssl=1 200w, https:\/\/i0.wp.com\/eltrabajo.cl\/portal\/wp-content\/uploads\/2019\/01\/jose-martinez.jpg?resize=300%2C185&amp;ssl=1 300w, https:\/\/i0.wp.com\/eltrabajo.cl\/portal\/wp-content\/uploads\/2019\/01\/jose-martinez.jpg?resize=243%2C150&amp;ssl=1 243w, https:\/\/i0.wp.com\/eltrabajo.cl\/portal\/wp-content\/uploads\/2019\/01\/jose-martinez.jpg?resize=400%2C247&amp;ssl=1 400w\" sizes=\"auto, (max-width: 580px) 100vw, 580px\" \/><figcaption id=\"caption-attachment-89833\" class=\"wp-caption-text\">Jos\u00e9 Mart\u00ednez se integr\u00f3 ayer al plantel albirrojo.<\/figcaption><\/figure>\n<p>Conforme pasan los d\u00edas, poco a poco el plantel de Uni\u00f3n San Felipe comienza a tomar forma. Ayer en la ma\u00f1ana se integr\u00f3 al plantel albirrojo el lateral izquierdo Jos\u00e9 Mart\u00ednez, quien llega al valle de Aconcagua desde Magallanes.<br \/>\nEl nuevo jugador unionista tiene 27 a\u00f1os de edad y cuenta con un curr\u00edculum muy interesante en el que muestra pasos por Universidad Cat\u00f3lica, San Marcos, Coquimbo, Everton, Puerto Montt y \u00faltimamente Magallanes. \u201cEs rico volver a un camar\u00edn despu\u00e9s de un periodo de vacaciones; estoy contento de llegar a este club donde tengo varios conocidos, as\u00ed que estoy feliz\u201d, declar\u00f3 a El Trabajo Deportivo el refuerzo de los sanfelipe\u00f1os que en su etapa como juvenil fue seleccionado chileno.<br \/>\nSobre sus caracter\u00edsticas de juego, el refuerzo cont\u00f3: \u201cHe jugado de lateral y puntero por la izquierda, con mucha ida y vuelta; tengo un buen estado f\u00edsico y nunca doy un bal\u00f3n por perdido, eso es lo que ver\u00e1 el hincha de este club\u201d.<br \/>\nRespecto a las expectativas con que arriba al Un\u00ed Un\u00ed, dijo: \u201cLa idea de todos los que estamos ac\u00e1 es pelear por cosas importantes, y por lo mismo todos debemos estar en la misma sinton\u00eda para darle alegr\u00edas a la gente\u201d.<\/p>\n","protected":false},"excerpt":{"rendered":"<p>Conforme pasan los d\u00edas, poco a poco el plantel de Uni\u00f3n San Felipe comienza a tomar forma. Ayer en la ma\u00f1ana se integr\u00f3 al plantel albirrojo el lateral izquierdo Jos\u00e9 Mart\u00ednez, quien&#8230;<\/p>\n","protected":false},"author":482,"featured_media":89833,"comment_status":"open","ping_status":"open","sticky":false,"template":"","format":"standard","meta":{"advanced_seo_description":"","jetpack_seo_html_title":"","jetpack_seo_noindex":false,"_jetpack_memberships_contains_paid_content":false,"footnotes":""},"categories":[19],"tags":[],"class_list":["post-89832","post","type-post","status-publish","format-standard","has-post-thumbnail","hentry","category-deportes"],"jetpack_featured_media_url":"https:\/\/i0.wp.com\/eltrabajo.cl\/portal\/wp-content\/uploads\/2019\/01\/jose-martinez.jpg?fit=580%2C358&ssl=1","jetpack_sharing_enabled":true,"jetpack_likes_enabled":true,"jetpack-related-posts":[],"_links":{"self":[{"href":"https:\/\/eltrabajo.cl\/portal\/wp-json\/wp\/v2\/posts\/89832","targetHints":{"allow":["GET"]}}],"collection":[{"href":"https:\/\/eltrabajo.cl\/portal\/wp-json\/wp\/v2\/posts"}],"about":[{"href":"https:\/\/eltrabajo.cl\/portal\/wp-json\/wp\/v2\/types\/post"}],"author":[{"embeddable":true,"href":"https:\/\/eltrabajo.cl\/portal\/wp-json\/wp\/v2\/users\/482"}],"replies":[{"embeddable":true,"href":"https:\/\/eltrabajo.cl\/portal\/wp-json\/wp\/v2\/comments?post=89832"}],"version-history":[{"count":0,"href":"https:\/\/eltrabajo.cl\/portal\/wp-json\/wp\/v2\/posts\/89832\/revisions"}],"wp:featuredmedia":[{"embeddable":true,"href":"https:\/\/eltrabajo.cl\/portal\/wp-json\/wp\/v2\/media\/89833"}],"wp:attachment":[{"href":"https:\/\/eltrabajo.cl\/portal\/wp-json\/wp\/v2\/media?parent=89832"}],"wp:term":[{"taxonomy":"category","embeddable":true,"href":"https:\/\/eltrabajo.cl\/portal\/wp-json\/wp\/v2\/categories?post=89832"},{"taxonomy":"post_tag","embeddable":true,"href":"https:\/\/eltrabajo.cl\/portal\/wp-json\/wp\/v2\/tags?post=89832"}],"curies":[{"name":"wp","href":"https:\/\/api.w.org\/{rel}","templated":true}]}}