{"id":89900,"date":"2019-01-14T05:01:14","date_gmt":"2019-01-14T08:01:14","guid":{"rendered":"http:\/\/www.eltrabajo.cl\/portal\/?p=89900"},"modified":"2019-01-13T21:22:48","modified_gmt":"2019-01-14T00:22:48","slug":"el-prat-cumple-con-su-objetivo-y-se-ubica-entre-los-mejores-en-el-domani-2019","status":"publish","type":"post","link":"https:\/\/eltrabajo.cl\/portal\/el-prat-cumple-con-su-objetivo-y-se-ubica-entre-los-mejores-en-el-domani-2019\/","title":{"rendered":"El Prat cumple con su objetivo y se ubica entre los mejores en el Domani 2019"},"content":{"rendered":"<figure id=\"attachment_89901\" aria-describedby=\"caption-attachment-89901\" style=\"width: 580px\" class=\"wp-caption alignnone\"><img data-recalc-dims=\"1\" loading=\"lazy\" decoding=\"async\" class=\"size-full wp-image-89901\" src=\"https:\/\/i0.wp.com\/www.eltrabajo.cl\/portal\/wp-content\/uploads\/2019\/01\/entrenamiento.jpg?resize=580%2C359\" alt=\"DIO FRUTOS.- Las extenuantes jornadas de entrenamiento tuvieron su recompensa ya que permitieron al Prat estar dentro de los mejores del Domani.\" width=\"580\" height=\"359\" srcset=\"https:\/\/i0.wp.com\/eltrabajo.cl\/portal\/wp-content\/uploads\/2019\/01\/entrenamiento.jpg?w=580&amp;ssl=1 580w, https:\/\/i0.wp.com\/eltrabajo.cl\/portal\/wp-content\/uploads\/2019\/01\/entrenamiento.jpg?resize=200%2C124&amp;ssl=1 200w, https:\/\/i0.wp.com\/eltrabajo.cl\/portal\/wp-content\/uploads\/2019\/01\/entrenamiento.jpg?resize=300%2C186&amp;ssl=1 300w, https:\/\/i0.wp.com\/eltrabajo.cl\/portal\/wp-content\/uploads\/2019\/01\/entrenamiento.jpg?resize=242%2C150&amp;ssl=1 242w, https:\/\/i0.wp.com\/eltrabajo.cl\/portal\/wp-content\/uploads\/2019\/01\/entrenamiento.jpg?resize=400%2C248&amp;ssl=1 400w\" sizes=\"auto, (max-width: 580px) 100vw, 580px\" \/><figcaption id=\"caption-attachment-89901\" class=\"wp-caption-text\">DIO FRUTOS.- Las extenuantes jornadas de entrenamiento tuvieron su recompensa ya que permitieron al Prat estar dentro de los mejores del Domani.<\/figcaption><\/figure>\n<p>Con un plantel que en su gran mayor\u00eda se estructuraba con jugadores muy talentosos, pero con poca experiencia en un torneo de la magnitud del Campioni Del Domani, el Prat se hab\u00eda puesto como gran meta para este a\u00f1o el superar la fase de Grupos para asegurar su presencia estelar para la pr\u00f3xima edici\u00f3n del certamen cestero juvenil m\u00e1s importante y medi\u00e1tico del pa\u00eds.<br \/>\nLa tarea de los de Calle Santo Domingo no era nada sencilla, porque compartieron zona con parte de los mejores equipos del torneo, entre ellos el poderoso Sportiva Italiana. Tras un comienzo algo dubitativo y de la mano de un tridente notable como fue el que conformaron: Amar, Rausch y Villalon, al que se sum\u00f3 Luis Brontis, el Team sanfelipe\u00f1o fue creciendo hasta conseguir avanzar hasta la postemporada al terminar en el tercer lugar del grupo dos, sobre: Boston College, \u00c1nimas de Valdivia y Santiago Imba, siendo solo superado por la Universidad de Chile y Sportiva Italiana que terminaron segundo y primero respectivamente.<br \/>\nEn los cuartos de final el Prat qued\u00f3 emparejado con Sergio Ceppi, el mejor quinteto del grupo uno, un oponente de fuste al que los sanfelipe\u00f1os tuvieron por las cuerdas, pero el cansancio y la falta de regularidad de los pratinos fueron factores determinantes en ese pleito que concluy\u00f3 74 a 65 a favor de capitalinos.<br \/>\nYa sin opciones de luchar por subir al podio los dirigidos afrontaron el duelo del s\u00e1bado con el Club Providencia, frente al cual hicieron un partido m\u00e1s bajo de lo acostumbrado y que explica por si s\u00f3lo el contundente 86 a 68 a favor de los metropolitanos.<br \/>\nAl cierre de la presente edici\u00f3n de Diario El Trabajo el quinteto del Arturo Prat disputaba ante la Universidad de Chile el s\u00e9ptimo lugar de la competencia cestera U19 que se jug\u00f3 en el Stadio Italiano. La final era protagonizada por Sportiva Italiana y Estudiantes Santiago.<\/p>\n<figure id=\"attachment_89902\" aria-describedby=\"caption-attachment-89902\" style=\"width: 580px\" class=\"wp-caption alignnone\"><img data-recalc-dims=\"1\" loading=\"lazy\" decoding=\"async\" class=\"size-full wp-image-89902\" src=\"https:\/\/i0.wp.com\/www.eltrabajo.cl\/portal\/wp-content\/uploads\/2019\/01\/prat.jpg?resize=580%2C359\" alt=\"CUMPLIERON.- La incursi\u00f3n del Prat en la 46\u00ba versi\u00f3n del Campioni Del Domani fue todo un \u00e9xito al lograr avanzar a los Play Offs del principal torneo juvenil del b\u00e1squet chileno.\" width=\"580\" height=\"359\" srcset=\"https:\/\/i0.wp.com\/eltrabajo.cl\/portal\/wp-content\/uploads\/2019\/01\/prat.jpg?w=580&amp;ssl=1 580w, https:\/\/i0.wp.com\/eltrabajo.cl\/portal\/wp-content\/uploads\/2019\/01\/prat.jpg?resize=200%2C124&amp;ssl=1 200w, https:\/\/i0.wp.com\/eltrabajo.cl\/portal\/wp-content\/uploads\/2019\/01\/prat.jpg?resize=300%2C186&amp;ssl=1 300w, https:\/\/i0.wp.com\/eltrabajo.cl\/portal\/wp-content\/uploads\/2019\/01\/prat.jpg?resize=242%2C150&amp;ssl=1 242w, https:\/\/i0.wp.com\/eltrabajo.cl\/portal\/wp-content\/uploads\/2019\/01\/prat.jpg?resize=400%2C248&amp;ssl=1 400w\" sizes=\"auto, (max-width: 580px) 100vw, 580px\" \/><figcaption id=\"caption-attachment-89902\" class=\"wp-caption-text\">CUMPLIERON.- La incursi\u00f3n del Prat en la 46\u00ba versi\u00f3n del Campioni Del Domani fue todo un \u00e9xito al lograr avanzar a los Play Offs del principal torneo juvenil del b\u00e1squet chileno.<\/figcaption><\/figure>\n","protected":false},"excerpt":{"rendered":"<p>Con un plantel que en su gran mayor\u00eda se estructuraba con jugadores muy talentosos, pero con poca experiencia en un torneo de la magnitud del Campioni Del Domani, el Prat se hab\u00eda&#8230;<\/p>\n","protected":false},"author":482,"featured_media":89902,"comment_status":"open","ping_status":"open","sticky":false,"template":"","format":"standard","meta":{"advanced_seo_description":"","jetpack_seo_html_title":"","jetpack_seo_noindex":false,"_jetpack_memberships_contains_paid_content":false,"footnotes":""},"categories":[19],"tags":[],"class_list":["post-89900","post","type-post","status-publish","format-standard","has-post-thumbnail","hentry","category-deportes"],"jetpack_featured_media_url":"https:\/\/i0.wp.com\/eltrabajo.cl\/portal\/wp-content\/uploads\/2019\/01\/prat.jpg?fit=580%2C359&ssl=1","jetpack_sharing_enabled":true,"jetpack_likes_enabled":true,"jetpack-related-posts":[],"_links":{"self":[{"href":"https:\/\/eltrabajo.cl\/portal\/wp-json\/wp\/v2\/posts\/89900","targetHints":{"allow":["GET"]}}],"collection":[{"href":"https:\/\/eltrabajo.cl\/portal\/wp-json\/wp\/v2\/posts"}],"about":[{"href":"https:\/\/eltrabajo.cl\/portal\/wp-json\/wp\/v2\/types\/post"}],"author":[{"embeddable":true,"href":"https:\/\/eltrabajo.cl\/portal\/wp-json\/wp\/v2\/users\/482"}],"replies":[{"embeddable":true,"href":"https:\/\/eltrabajo.cl\/portal\/wp-json\/wp\/v2\/comments?post=89900"}],"version-history":[{"count":0,"href":"https:\/\/eltrabajo.cl\/portal\/wp-json\/wp\/v2\/posts\/89900\/revisions"}],"wp:featuredmedia":[{"embeddable":true,"href":"https:\/\/eltrabajo.cl\/portal\/wp-json\/wp\/v2\/media\/89902"}],"wp:attachment":[{"href":"https:\/\/eltrabajo.cl\/portal\/wp-json\/wp\/v2\/media?parent=89900"}],"wp:term":[{"taxonomy":"category","embeddable":true,"href":"https:\/\/eltrabajo.cl\/portal\/wp-json\/wp\/v2\/categories?post=89900"},{"taxonomy":"post_tag","embeddable":true,"href":"https:\/\/eltrabajo.cl\/portal\/wp-json\/wp\/v2\/tags?post=89900"}],"curies":[{"name":"wp","href":"https:\/\/api.w.org\/{rel}","templated":true}]}}