{"id":89925,"date":"2019-01-15T05:01:06","date_gmt":"2019-01-15T08:01:06","guid":{"rendered":"http:\/\/www.eltrabajo.cl\/portal\/?p=89925"},"modified":"2019-01-14T21:50:20","modified_gmt":"2019-01-15T00:50:20","slug":"el-uni-uni-presentara-a-su-plantel-2019-en-un-amistoso-frente-a-cobreloa","status":"publish","type":"post","link":"https:\/\/eltrabajo.cl\/portal\/el-uni-uni-presentara-a-su-plantel-2019-en-un-amistoso-frente-a-cobreloa\/","title":{"rendered":"El Un\u00ed Un\u00ed presentar\u00e1 a su plantel 2019 en un amistoso frente a Cobreloa"},"content":{"rendered":"<figure id=\"attachment_89926\" aria-describedby=\"caption-attachment-89926\" style=\"width: 580px\" class=\"wp-caption alignnone\"><img data-recalc-dims=\"1\" loading=\"lazy\" decoding=\"async\" class=\"size-full wp-image-89926\" src=\"https:\/\/i0.wp.com\/www.eltrabajo.cl\/portal\/wp-content\/uploads\/2019\/01\/refuerzos.jpg?resize=580%2C360\" alt=\"El pr\u00f3ximo s\u00e1bado Uni\u00f3n San Felipe presentar\u00e1 a sus refuerzos para esta temporada.\" width=\"580\" height=\"360\" srcset=\"https:\/\/i0.wp.com\/eltrabajo.cl\/portal\/wp-content\/uploads\/2019\/01\/refuerzos.jpg?w=580&amp;ssl=1 580w, https:\/\/i0.wp.com\/eltrabajo.cl\/portal\/wp-content\/uploads\/2019\/01\/refuerzos.jpg?resize=200%2C124&amp;ssl=1 200w, https:\/\/i0.wp.com\/eltrabajo.cl\/portal\/wp-content\/uploads\/2019\/01\/refuerzos.jpg?resize=300%2C186&amp;ssl=1 300w, https:\/\/i0.wp.com\/eltrabajo.cl\/portal\/wp-content\/uploads\/2019\/01\/refuerzos.jpg?resize=242%2C150&amp;ssl=1 242w, https:\/\/i0.wp.com\/eltrabajo.cl\/portal\/wp-content\/uploads\/2019\/01\/refuerzos.jpg?resize=400%2C248&amp;ssl=1 400w\" sizes=\"auto, (max-width: 580px) 100vw, 580px\" \/><figcaption id=\"caption-attachment-89926\" class=\"wp-caption-text\">El pr\u00f3ximo s\u00e1bado Uni\u00f3n San Felipe presentar\u00e1 a sus refuerzos para esta temporada.<\/figcaption><\/figure>\n<p>A las 20:00 horas del pr\u00f3ximo s\u00e1bado frente a rival de alcurnia y mucha historia como los es Cobreloa, Uni\u00f3n San Felipe presentar\u00e1 en sociedad su plantel estelar para este a\u00f1o 2019, en el que destacan las figuras del ariete \u00c1ngel Vildozo y el experimentado volante Cristi\u00e1n \u2018La Nona\u2019 Mu\u00f1oz.<br \/>\nFrente a los lo\u00ednos, el cuadro sanfelipe\u00f1o rendir\u00e1 su primer examen formal de la actual pretemporada, y debido a la calidad del rival es que el encuentro ser\u00e1 con p\u00fablico en el estadio Municipal de San Felipe.<br \/>\nPara asegurar una buena concurrencia y de paso que todos los seguidores albirrojos puedan ir al estadio, es que la regencia albirroja dispuso una preventa con entradas a mitad de precio del valor que tendr\u00e1n las entradas el d\u00eda del cotejo.<br \/>\nValores de las entradas:<br \/>\nPreventa<br \/>\nGaler\u00eda Local: $ 2.000<br \/>\nGaler\u00eda Visita: $ 2.000<br \/>\nBlock J: $ 3.000<br \/>\nButacas: $ 5.000<br \/>\nD\u00eda del partido<br \/>\nGaler\u00eda Local: $ 5.000<br \/>\nGaler\u00eda Visita: $ 5.000<br \/>\nBlock J: 7.000<br \/>\nButacas: $ 10.000<br \/>\nNota Importante: Para este partido no tendr\u00e1 validez la Credencial de Abonado.<\/p>\n","protected":false},"excerpt":{"rendered":"<p>A las 20:00 horas del pr\u00f3ximo s\u00e1bado frente a rival de alcurnia y mucha historia como los es Cobreloa, Uni\u00f3n San Felipe presentar\u00e1 en sociedad su plantel estelar para este a\u00f1o 2019,&#8230;<\/p>\n","protected":false},"author":482,"featured_media":89926,"comment_status":"open","ping_status":"open","sticky":false,"template":"","format":"standard","meta":{"advanced_seo_description":"","jetpack_seo_html_title":"","jetpack_seo_noindex":false,"_jetpack_memberships_contains_paid_content":false,"footnotes":""},"categories":[19],"tags":[],"class_list":["post-89925","post","type-post","status-publish","format-standard","has-post-thumbnail","hentry","category-deportes"],"jetpack_featured_media_url":"https:\/\/i0.wp.com\/eltrabajo.cl\/portal\/wp-content\/uploads\/2019\/01\/refuerzos.jpg?fit=580%2C360&ssl=1","jetpack_sharing_enabled":true,"jetpack_likes_enabled":true,"jetpack-related-posts":[],"_links":{"self":[{"href":"https:\/\/eltrabajo.cl\/portal\/wp-json\/wp\/v2\/posts\/89925","targetHints":{"allow":["GET"]}}],"collection":[{"href":"https:\/\/eltrabajo.cl\/portal\/wp-json\/wp\/v2\/posts"}],"about":[{"href":"https:\/\/eltrabajo.cl\/portal\/wp-json\/wp\/v2\/types\/post"}],"author":[{"embeddable":true,"href":"https:\/\/eltrabajo.cl\/portal\/wp-json\/wp\/v2\/users\/482"}],"replies":[{"embeddable":true,"href":"https:\/\/eltrabajo.cl\/portal\/wp-json\/wp\/v2\/comments?post=89925"}],"version-history":[{"count":0,"href":"https:\/\/eltrabajo.cl\/portal\/wp-json\/wp\/v2\/posts\/89925\/revisions"}],"wp:featuredmedia":[{"embeddable":true,"href":"https:\/\/eltrabajo.cl\/portal\/wp-json\/wp\/v2\/media\/89926"}],"wp:attachment":[{"href":"https:\/\/eltrabajo.cl\/portal\/wp-json\/wp\/v2\/media?parent=89925"}],"wp:term":[{"taxonomy":"category","embeddable":true,"href":"https:\/\/eltrabajo.cl\/portal\/wp-json\/wp\/v2\/categories?post=89925"},{"taxonomy":"post_tag","embeddable":true,"href":"https:\/\/eltrabajo.cl\/portal\/wp-json\/wp\/v2\/tags?post=89925"}],"curies":[{"name":"wp","href":"https:\/\/api.w.org\/{rel}","templated":true}]}}