{"id":89928,"date":"2019-01-15T05:02:37","date_gmt":"2019-01-15T08:02:37","guid":{"rendered":"http:\/\/www.eltrabajo.cl\/portal\/?p=89928"},"modified":"2019-01-14T21:51:41","modified_gmt":"2019-01-15T00:51:41","slug":"jugador-del-prat-se-convierte-en-el-goleador-chileno-record-del-domani","status":"publish","type":"post","link":"https:\/\/eltrabajo.cl\/portal\/jugador-del-prat-se-convierte-en-el-goleador-chileno-record-del-domani\/","title":{"rendered":"Jugador del Prat se convierte en el goleador chileno r\u00e9cord del Domani"},"content":{"rendered":"<figure id=\"attachment_89929\" aria-describedby=\"caption-attachment-89929\" style=\"width: 580px\" class=\"wp-caption alignnone\"><img data-recalc-dims=\"1\" loading=\"lazy\" decoding=\"async\" class=\"size-full wp-image-89929\" src=\"https:\/\/i0.wp.com\/www.eltrabajo.cl\/portal\/wp-content\/uploads\/2019\/01\/raul-amar.jpg?resize=580%2C358\" alt=\"El sanfelipe\u00f1o Ra\u00fal Amar se convirti\u00f3 en el jugador chileno que m\u00e1s goles ha anotado en un solo partido en toda la historia del Campioni Del Domani.\" width=\"580\" height=\"358\" srcset=\"https:\/\/i0.wp.com\/eltrabajo.cl\/portal\/wp-content\/uploads\/2019\/01\/raul-amar.jpg?w=580&amp;ssl=1 580w, https:\/\/i0.wp.com\/eltrabajo.cl\/portal\/wp-content\/uploads\/2019\/01\/raul-amar.jpg?resize=200%2C123&amp;ssl=1 200w, https:\/\/i0.wp.com\/eltrabajo.cl\/portal\/wp-content\/uploads\/2019\/01\/raul-amar.jpg?resize=300%2C185&amp;ssl=1 300w, https:\/\/i0.wp.com\/eltrabajo.cl\/portal\/wp-content\/uploads\/2019\/01\/raul-amar.jpg?resize=243%2C150&amp;ssl=1 243w, https:\/\/i0.wp.com\/eltrabajo.cl\/portal\/wp-content\/uploads\/2019\/01\/raul-amar.jpg?resize=400%2C247&amp;ssl=1 400w\" sizes=\"auto, (max-width: 580px) 100vw, 580px\" \/><figcaption id=\"caption-attachment-89929\" class=\"wp-caption-text\">El sanfelipe\u00f1o Ra\u00fal Amar se convirti\u00f3 en el jugador chileno que m\u00e1s goles ha anotado en un solo partido en toda la historia del Campioni Del Domani.<\/figcaption><\/figure>\n<p>En la jornada final del torneo Campioni Del Domani, donde el quinteto del Arturo Prat de San Felipe venci\u00f3 a la Universidad de Chile en un electrizante partido que arroj\u00f3 un score de 95 a 92 a favor de los sanfelipe\u00f1os, el jugador pratino Ra\u00fal Amar pas\u00f3 a la historia del torneo al convertirse en el chileno que m\u00e1s goles ha anotado en un solo partido.<br \/>\nFrente a los universitarios la promisoria figura sanfelipe\u00f1a anot\u00f3 la escalofriante cantidad de 47 puntos, r\u00e9cord absoluto entre los chilenos, siendo solo superado por el argentino Fausto Ruesga, quien hab\u00eda anotado 50.<br \/>\nEl r\u00e9cord de Ra\u00fal Amar ha tenido mucha repercusi\u00f3n en el ambiente cestero local y nacional, ya que con esto el poste del Prat se consolida como uno de los mejores proyectos deportivos de la zona, el que en la versi\u00f3n 46\u00ba del Domani despunt\u00f3 de manera definitiva. \u201cRa\u00fal es un tremendo jugador al que solo le faltaba ser m\u00e1s fuerte en la parte psicol\u00f3gica para consolidarse, por eso trabajamos mucho esa parte con \u00e9l, y felizmente las cosas se dieron en este Domani, donde fue uno de los mejores del equipo y el torneo\u201d, destac\u00f3 el t\u00e9cnico del equipo de la calle Santo Domingo, Mauricio Pe\u00f1a.<\/p>\n","protected":false},"excerpt":{"rendered":"<p>En la jornada final del torneo Campioni Del Domani, donde el quinteto del Arturo Prat de San Felipe venci\u00f3 a la Universidad de Chile en un electrizante partido que arroj\u00f3 un score&#8230;<\/p>\n","protected":false},"author":482,"featured_media":89929,"comment_status":"open","ping_status":"open","sticky":false,"template":"","format":"standard","meta":{"advanced_seo_description":"","jetpack_seo_html_title":"","jetpack_seo_noindex":false,"_jetpack_memberships_contains_paid_content":false,"footnotes":""},"categories":[19],"tags":[],"class_list":["post-89928","post","type-post","status-publish","format-standard","has-post-thumbnail","hentry","category-deportes"],"jetpack_featured_media_url":"https:\/\/i0.wp.com\/eltrabajo.cl\/portal\/wp-content\/uploads\/2019\/01\/raul-amar.jpg?fit=580%2C358&ssl=1","jetpack_sharing_enabled":true,"jetpack_likes_enabled":true,"jetpack-related-posts":[],"_links":{"self":[{"href":"https:\/\/eltrabajo.cl\/portal\/wp-json\/wp\/v2\/posts\/89928","targetHints":{"allow":["GET"]}}],"collection":[{"href":"https:\/\/eltrabajo.cl\/portal\/wp-json\/wp\/v2\/posts"}],"about":[{"href":"https:\/\/eltrabajo.cl\/portal\/wp-json\/wp\/v2\/types\/post"}],"author":[{"embeddable":true,"href":"https:\/\/eltrabajo.cl\/portal\/wp-json\/wp\/v2\/users\/482"}],"replies":[{"embeddable":true,"href":"https:\/\/eltrabajo.cl\/portal\/wp-json\/wp\/v2\/comments?post=89928"}],"version-history":[{"count":0,"href":"https:\/\/eltrabajo.cl\/portal\/wp-json\/wp\/v2\/posts\/89928\/revisions"}],"wp:featuredmedia":[{"embeddable":true,"href":"https:\/\/eltrabajo.cl\/portal\/wp-json\/wp\/v2\/media\/89929"}],"wp:attachment":[{"href":"https:\/\/eltrabajo.cl\/portal\/wp-json\/wp\/v2\/media?parent=89928"}],"wp:term":[{"taxonomy":"category","embeddable":true,"href":"https:\/\/eltrabajo.cl\/portal\/wp-json\/wp\/v2\/categories?post=89928"},{"taxonomy":"post_tag","embeddable":true,"href":"https:\/\/eltrabajo.cl\/portal\/wp-json\/wp\/v2\/tags?post=89928"}],"curies":[{"name":"wp","href":"https:\/\/api.w.org\/{rel}","templated":true}]}}