{"id":89981,"date":"2019-01-17T05:01:03","date_gmt":"2019-01-17T08:01:03","guid":{"rendered":"http:\/\/www.eltrabajo.cl\/portal\/?p=89981"},"modified":"2019-01-16T20:59:39","modified_gmt":"2019-01-16T23:59:39","slug":"seleccion-femenina-de-san-felipe-se-afina-para-la-revancha-ante-valparaiso","status":"publish","type":"post","link":"https:\/\/eltrabajo.cl\/portal\/seleccion-femenina-de-san-felipe-se-afina-para-la-revancha-ante-valparaiso\/","title":{"rendered":"Selecci\u00f3n femenina de San Felipe se afina para la revancha ante Valpara\u00edso"},"content":{"rendered":"<figure id=\"attachment_89983\" aria-describedby=\"caption-attachment-89983\" style=\"width: 580px\" class=\"wp-caption alignnone\"><img data-recalc-dims=\"1\" loading=\"lazy\" decoding=\"async\" class=\"size-full wp-image-89983\" src=\"https:\/\/i0.wp.com\/www.eltrabajo.cl\/portal\/wp-content\/uploads\/2019\/01\/entrenamiento-1.jpg?resize=580%2C360\" alt=\"Como parte de su proceso de preparaci\u00f3n para el decisivo partido de este fin de semana, la selecci\u00f3n femenina de San Felipe entren\u00f3 el martes en el Complejo Deportivo del Un\u00ed Un\u00ed\" width=\"580\" height=\"360\" srcset=\"https:\/\/i0.wp.com\/eltrabajo.cl\/portal\/wp-content\/uploads\/2019\/01\/entrenamiento-1.jpg?w=580&amp;ssl=1 580w, https:\/\/i0.wp.com\/eltrabajo.cl\/portal\/wp-content\/uploads\/2019\/01\/entrenamiento-1.jpg?resize=200%2C124&amp;ssl=1 200w, https:\/\/i0.wp.com\/eltrabajo.cl\/portal\/wp-content\/uploads\/2019\/01\/entrenamiento-1.jpg?resize=300%2C186&amp;ssl=1 300w, https:\/\/i0.wp.com\/eltrabajo.cl\/portal\/wp-content\/uploads\/2019\/01\/entrenamiento-1.jpg?resize=242%2C150&amp;ssl=1 242w, https:\/\/i0.wp.com\/eltrabajo.cl\/portal\/wp-content\/uploads\/2019\/01\/entrenamiento-1.jpg?resize=400%2C248&amp;ssl=1 400w\" sizes=\"auto, (max-width: 580px) 100vw, 580px\" \/><figcaption id=\"caption-attachment-89983\" class=\"wp-caption-text\">Como parte de su proceso de preparaci\u00f3n para el decisivo partido de este fin de semana, la selecci\u00f3n femenina de San Felipe entren\u00f3 el martes en el Complejo Deportivo del Un\u00ed Un\u00ed<\/figcaption><\/figure>\n<p>Gracias a la buena disposici\u00f3n de Uni\u00f3n San Felipe al facilitar su cancha de piso sint\u00e9tico, la selecci\u00f3n femenina sanfelipe\u00f1a pudo entrenar en un campo de juego de similares caracter\u00edsticas al que encontrar\u00e1n en unos d\u00edas m\u00e1s en Valpara\u00edso, en el que ser\u00e1 el pleito de vuelta correspondiente a las semifinales del Regional Femenino Amateur.<br \/>\nPara la directora t\u00e9cnica, Rosario Campos, era muy importante que sus dirigidas pudieran entrenar en una cancha artificial. \u201cQuer\u00edamos jugar harto para que las chicas pudieran tener una realidad de juego, ya que antes, en rondas anteriores, nos cost\u00f3 mucho acostumbrarnos a esta superficie, donde la pelota pica distinto y corre m\u00e1s r\u00e1pido; ojal\u00e1 nos sirva para que tengamos un buen resultado en el partido de revancha\u201d, explic\u00f3 la entrenadora a El Trabajo Deportivo.<br \/>\nEl presidente de la Asociaci\u00f3n de F\u00fatbol de San Felipe, Ra\u00fal Reinoso, valor\u00f3 el que Uni\u00f3n San Felipe haya puesto a disposici\u00f3n del amateurismo local su complejo deportivo. \u201cAntes que nada quiero aprovechar de agradecer p\u00fablicamente a don Ra\u00fal Delgado por permitir a nuestra selecci\u00f3n entrenar ac\u00e1 (complejo), \u00e9l personalmente se encarg\u00f3 que se dieran todas las facilidades para nuestra selecci\u00f3n, en un gesto que hay que destacar ya que con esto Uni\u00f3n San Felipe nos da un tremendo apoyo que esperamos pueda repetirse en el futuro, porque para cualquier selecci\u00f3n es un lujo entrenar en este campo\u201d, afirm\u00f3 el timonel del balompi\u00e9 aficionado de la \u2018Tres Veces Heroica Ciudad\u2019.<\/p>\n<figure id=\"attachment_89982\" aria-describedby=\"caption-attachment-89982\" style=\"width: 580px\" class=\"wp-caption alignnone\"><img data-recalc-dims=\"1\" loading=\"lazy\" decoding=\"async\" class=\"size-full wp-image-89982\" src=\"https:\/\/i0.wp.com\/www.eltrabajo.cl\/portal\/wp-content\/uploads\/2019\/01\/entrenadora.jpg?resize=580%2C360\" alt=\"Para la entrenadora del seleccionado sanfelipe\u00f1o, Rosario Campos, era muy importante que su escuadra pudiera entrenar en una cancha artificial.\" width=\"580\" height=\"360\" srcset=\"https:\/\/i0.wp.com\/eltrabajo.cl\/portal\/wp-content\/uploads\/2019\/01\/entrenadora.jpg?w=580&amp;ssl=1 580w, https:\/\/i0.wp.com\/eltrabajo.cl\/portal\/wp-content\/uploads\/2019\/01\/entrenadora.jpg?resize=200%2C124&amp;ssl=1 200w, https:\/\/i0.wp.com\/eltrabajo.cl\/portal\/wp-content\/uploads\/2019\/01\/entrenadora.jpg?resize=300%2C186&amp;ssl=1 300w, https:\/\/i0.wp.com\/eltrabajo.cl\/portal\/wp-content\/uploads\/2019\/01\/entrenadora.jpg?resize=242%2C150&amp;ssl=1 242w, https:\/\/i0.wp.com\/eltrabajo.cl\/portal\/wp-content\/uploads\/2019\/01\/entrenadora.jpg?resize=400%2C248&amp;ssl=1 400w\" sizes=\"auto, (max-width: 580px) 100vw, 580px\" \/><figcaption id=\"caption-attachment-89982\" class=\"wp-caption-text\">Para la entrenadora del seleccionado sanfelipe\u00f1o, Rosario Campos, era muy importante que su escuadra pudiera entrenar en una cancha artificial.<\/figcaption><\/figure>\n","protected":false},"excerpt":{"rendered":"<p>Gracias a la buena disposici\u00f3n de Uni\u00f3n San Felipe al facilitar su cancha de piso sint\u00e9tico, la selecci\u00f3n femenina sanfelipe\u00f1a pudo entrenar en un campo de juego de similares caracter\u00edsticas al que&#8230;<\/p>\n","protected":false},"author":482,"featured_media":89983,"comment_status":"open","ping_status":"open","sticky":false,"template":"","format":"standard","meta":{"advanced_seo_description":"","jetpack_seo_html_title":"","jetpack_seo_noindex":false,"_jetpack_memberships_contains_paid_content":false,"footnotes":""},"categories":[19],"tags":[],"class_list":["post-89981","post","type-post","status-publish","format-standard","has-post-thumbnail","hentry","category-deportes"],"jetpack_featured_media_url":"https:\/\/i0.wp.com\/eltrabajo.cl\/portal\/wp-content\/uploads\/2019\/01\/entrenamiento-1.jpg?fit=580%2C360&ssl=1","jetpack_sharing_enabled":true,"jetpack_likes_enabled":true,"jetpack-related-posts":[],"_links":{"self":[{"href":"https:\/\/eltrabajo.cl\/portal\/wp-json\/wp\/v2\/posts\/89981","targetHints":{"allow":["GET"]}}],"collection":[{"href":"https:\/\/eltrabajo.cl\/portal\/wp-json\/wp\/v2\/posts"}],"about":[{"href":"https:\/\/eltrabajo.cl\/portal\/wp-json\/wp\/v2\/types\/post"}],"author":[{"embeddable":true,"href":"https:\/\/eltrabajo.cl\/portal\/wp-json\/wp\/v2\/users\/482"}],"replies":[{"embeddable":true,"href":"https:\/\/eltrabajo.cl\/portal\/wp-json\/wp\/v2\/comments?post=89981"}],"version-history":[{"count":0,"href":"https:\/\/eltrabajo.cl\/portal\/wp-json\/wp\/v2\/posts\/89981\/revisions"}],"wp:featuredmedia":[{"embeddable":true,"href":"https:\/\/eltrabajo.cl\/portal\/wp-json\/wp\/v2\/media\/89983"}],"wp:attachment":[{"href":"https:\/\/eltrabajo.cl\/portal\/wp-json\/wp\/v2\/media?parent=89981"}],"wp:term":[{"taxonomy":"category","embeddable":true,"href":"https:\/\/eltrabajo.cl\/portal\/wp-json\/wp\/v2\/categories?post=89981"},{"taxonomy":"post_tag","embeddable":true,"href":"https:\/\/eltrabajo.cl\/portal\/wp-json\/wp\/v2\/tags?post=89981"}],"curies":[{"name":"wp","href":"https:\/\/api.w.org\/{rel}","templated":true}]}}