{"id":90022,"date":"2019-01-18T05:02:13","date_gmt":"2019-01-18T08:02:13","guid":{"rendered":"http:\/\/www.eltrabajo.cl\/portal\/?p=90022"},"modified":"2019-01-17T20:32:02","modified_gmt":"2019-01-17T23:32:02","slug":"san-felipe-va-por-los-pasajes-a-la-gran-final-del-regional-femenino","status":"publish","type":"post","link":"https:\/\/eltrabajo.cl\/portal\/san-felipe-va-por-los-pasajes-a-la-gran-final-del-regional-femenino\/","title":{"rendered":"San Felipe va por los pasajes a la gran final del Regional Femenino"},"content":{"rendered":"<figure id=\"attachment_90023\" aria-describedby=\"caption-attachment-90023\" style=\"width: 580px\" class=\"wp-caption alignnone\"><img data-recalc-dims=\"1\" loading=\"lazy\" decoding=\"async\" class=\"size-full wp-image-90023\" src=\"https:\/\/i0.wp.com\/www.eltrabajo.cl\/portal\/wp-content\/uploads\/2019\/01\/san-felipe.jpg?resize=580%2C360\" alt=\"A la selecci\u00f3n sanfelipe\u00f1a le sirve empatar o ganar para llegar a la final del Regional de Mujeres.\" width=\"580\" height=\"360\" srcset=\"https:\/\/i0.wp.com\/eltrabajo.cl\/portal\/wp-content\/uploads\/2019\/01\/san-felipe.jpg?w=580&amp;ssl=1 580w, https:\/\/i0.wp.com\/eltrabajo.cl\/portal\/wp-content\/uploads\/2019\/01\/san-felipe.jpg?resize=200%2C124&amp;ssl=1 200w, https:\/\/i0.wp.com\/eltrabajo.cl\/portal\/wp-content\/uploads\/2019\/01\/san-felipe.jpg?resize=300%2C186&amp;ssl=1 300w, https:\/\/i0.wp.com\/eltrabajo.cl\/portal\/wp-content\/uploads\/2019\/01\/san-felipe.jpg?resize=242%2C150&amp;ssl=1 242w, https:\/\/i0.wp.com\/eltrabajo.cl\/portal\/wp-content\/uploads\/2019\/01\/san-felipe.jpg?resize=400%2C248&amp;ssl=1 400w\" sizes=\"auto, (max-width: 580px) 100vw, 580px\" \/><figcaption id=\"caption-attachment-90023\" class=\"wp-caption-text\">A la selecci\u00f3n sanfelipe\u00f1a le sirve empatar o ganar para llegar a la final del Regional de Mujeres.<\/figcaption><\/figure>\n<p>A partir de las seis de la tarde de este s\u00e1bado, en Valpara\u00edso, la selecci\u00f3n femenina de San Felipe buscar\u00e1 abrochar su paso a la gran final del primer torneo Regional de F\u00fatbol Femenino. La tarea del conjunto sanfelipe\u00f1o no ser\u00e1 nada f\u00e1cil debido a que al frente estar\u00e1 el buen combinado porte\u00f1o, un equipo que pese a caer en la ida dej\u00f3 una grata impresi\u00f3n en el estadio Municipal.<br \/>\nSi bien es cierto a San Felipe le basta con no perder para avanzar al duelo mayor del campeonato, en su interna prefieren no confiarse y por lo mismo es que durante esta semana han entrenado con mayor frecuencia que antes, adem\u00e1s de hacerlo en piso artificial, que es en el que se jugar\u00e1 el duelo de revancha en Valpara\u00edso. \u201cLa idea era jugar harto para recrear las condiciones del campo de juego para acostumbrarnos; ahora esperamos hacer un partido inteligente con los pies muy bien puestos en la tierra; el objetivo es que no nos anoten en el primer tiempo ya que en revanchas anteriores nos ha pasado eso, lo que despu\u00e9s nos complica mucho. Esperamos no llegar a los penales, por m\u00e1s que tengamos la tranquilidad de que lo peor que nos podr\u00eda pasar es tener que definir as\u00ed\u201d, coment\u00f3 a El Trabajo Deportivo, la entrenadora Rosario Campos.<\/p>\n","protected":false},"excerpt":{"rendered":"<p>A partir de las seis de la tarde de este s\u00e1bado, en Valpara\u00edso, la selecci\u00f3n femenina de San Felipe buscar\u00e1 abrochar su paso a la gran final del primer torneo Regional de&#8230;<\/p>\n","protected":false},"author":482,"featured_media":90023,"comment_status":"open","ping_status":"open","sticky":false,"template":"","format":"standard","meta":{"advanced_seo_description":"","jetpack_seo_html_title":"","jetpack_seo_noindex":false,"_jetpack_memberships_contains_paid_content":false,"footnotes":""},"categories":[19],"tags":[],"class_list":["post-90022","post","type-post","status-publish","format-standard","has-post-thumbnail","hentry","category-deportes"],"jetpack_featured_media_url":"https:\/\/i0.wp.com\/eltrabajo.cl\/portal\/wp-content\/uploads\/2019\/01\/san-felipe.jpg?fit=580%2C360&ssl=1","jetpack_sharing_enabled":true,"jetpack_likes_enabled":true,"jetpack-related-posts":[],"_links":{"self":[{"href":"https:\/\/eltrabajo.cl\/portal\/wp-json\/wp\/v2\/posts\/90022","targetHints":{"allow":["GET"]}}],"collection":[{"href":"https:\/\/eltrabajo.cl\/portal\/wp-json\/wp\/v2\/posts"}],"about":[{"href":"https:\/\/eltrabajo.cl\/portal\/wp-json\/wp\/v2\/types\/post"}],"author":[{"embeddable":true,"href":"https:\/\/eltrabajo.cl\/portal\/wp-json\/wp\/v2\/users\/482"}],"replies":[{"embeddable":true,"href":"https:\/\/eltrabajo.cl\/portal\/wp-json\/wp\/v2\/comments?post=90022"}],"version-history":[{"count":0,"href":"https:\/\/eltrabajo.cl\/portal\/wp-json\/wp\/v2\/posts\/90022\/revisions"}],"wp:featuredmedia":[{"embeddable":true,"href":"https:\/\/eltrabajo.cl\/portal\/wp-json\/wp\/v2\/media\/90023"}],"wp:attachment":[{"href":"https:\/\/eltrabajo.cl\/portal\/wp-json\/wp\/v2\/media?parent=90022"}],"wp:term":[{"taxonomy":"category","embeddable":true,"href":"https:\/\/eltrabajo.cl\/portal\/wp-json\/wp\/v2\/categories?post=90022"},{"taxonomy":"post_tag","embeddable":true,"href":"https:\/\/eltrabajo.cl\/portal\/wp-json\/wp\/v2\/tags?post=90022"}],"curies":[{"name":"wp","href":"https:\/\/api.w.org\/{rel}","templated":true}]}}