{"id":90026,"date":"2019-01-18T05:03:17","date_gmt":"2019-01-18T08:03:17","guid":{"rendered":"http:\/\/www.eltrabajo.cl\/portal\/?p=90026"},"modified":"2019-01-17T20:33:23","modified_gmt":"2019-01-17T23:33:23","slug":"manana-union-san-felipe-presentara-a-su-plantel-estelar","status":"publish","type":"post","link":"https:\/\/eltrabajo.cl\/portal\/manana-union-san-felipe-presentara-a-su-plantel-estelar\/","title":{"rendered":"Ma\u00f1ana Uni\u00f3n San Felipe presentar\u00e1 a su plantel estelar"},"content":{"rendered":"<figure id=\"attachment_90027\" aria-describedby=\"caption-attachment-90027\" style=\"width: 578px\" class=\"wp-caption alignnone\"><img data-recalc-dims=\"1\" loading=\"lazy\" decoding=\"async\" class=\"size-full wp-image-90027\" src=\"https:\/\/i0.wp.com\/www.eltrabajo.cl\/portal\/wp-content\/uploads\/2019\/01\/la-nona.jpg?resize=578%2C360\" alt=\"El experimentado volante Cristian \u2018La Nona\u2019 Mu\u00f1oz ser\u00e1 presentando ma\u00f1ana de manera oficial en la Noche Albirroja.\" width=\"578\" height=\"360\" srcset=\"https:\/\/i0.wp.com\/eltrabajo.cl\/portal\/wp-content\/uploads\/2019\/01\/la-nona.jpg?w=578&amp;ssl=1 578w, https:\/\/i0.wp.com\/eltrabajo.cl\/portal\/wp-content\/uploads\/2019\/01\/la-nona.jpg?resize=200%2C125&amp;ssl=1 200w, https:\/\/i0.wp.com\/eltrabajo.cl\/portal\/wp-content\/uploads\/2019\/01\/la-nona.jpg?resize=300%2C187&amp;ssl=1 300w, https:\/\/i0.wp.com\/eltrabajo.cl\/portal\/wp-content\/uploads\/2019\/01\/la-nona.jpg?resize=241%2C150&amp;ssl=1 241w, https:\/\/i0.wp.com\/eltrabajo.cl\/portal\/wp-content\/uploads\/2019\/01\/la-nona.jpg?resize=400%2C249&amp;ssl=1 400w\" sizes=\"auto, (max-width: 578px) 100vw, 578px\" \/><figcaption id=\"caption-attachment-90027\" class=\"wp-caption-text\">El experimentado volante Cristian \u2018La Nona\u2019 Mu\u00f1oz ser\u00e1 presentando ma\u00f1ana de manera oficial en la Noche Albirroja.<\/figcaption><\/figure>\n<p>Jos\u00e9 Mart\u00ednez, Leandro Fioravantti, Lautaro Palacios, Cristian \u2018La Nona\u2019 Mu\u00f1oz y el \u00eddolo \u00c1ngel Vildozo, ser\u00e1n los protagonistas estelares de la Noche Albirroja, evento que ser\u00e1 albergado por el coloso de la Avenida Maip\u00fa y en el que Uni\u00f3n San Felipe presentar\u00e1 a su plantel de honor para este a\u00f1o 2019.<br \/>\nA este grupo de jugadores se sumar\u00e1n los jugadores juveniles (Rivero, Orme\u00f1o, Silva, Salinas, Carrasco) que firmaron sus contratos como profesionales, m\u00e1s otros referentes como por ejemplo lo es el capit\u00e1n David Fern\u00e1ndez, el jugador m\u00e1s querido de la planilla y que solo abroch\u00f3 su reintegro al cuadro sanfelipe\u00f1o hace poco m\u00e1s de una semana, despu\u00e9s que la hinchada incluso hiciera campa\u00f1as a trav\u00e9s de las redes sociales para que \u2018Davicho\u2019 siguiera en el club.<br \/>\nLa presentaci\u00f3n del plantel se realizar\u00e1 minutos antes del partido entre Uni\u00f3n San Felipe y Cobreloa, en lo que se supone ser\u00e1 un buen espect\u00e1culo deportivo debido a la calidad de los equipos, a lo que se adiciona el peso espec\u00edfico que tienen los lo\u00ednos, que es considerado \u2018el cuarto grande\u2019 del f\u00fatbol chileno.<br \/>\nLos seguidores del Un\u00ed Un\u00ed tendr\u00e1n hasta hoy en la tarde la posibilidad de adquirir las entradas a mitad de precio, debido a que ma\u00f1ana se vender\u00e1n a los precios habituales que se cobran cuando el cuadro albirrojo hace de local.<br \/>\nValores de las entradas:<br \/>\nPreventa<br \/>\nGaler\u00eda Local: $ 2.000<br \/>\nGaler\u00eda Visita: $ 2.000<br \/>\nBlock J: $ 3.000<br \/>\nButacas: $ 5.000<br \/>\nD\u00eda del partido<br \/>\nGaler\u00eda Local: $ 5.000<br \/>\nGaler\u00eda Visita: $ 5.000<br \/>\nBlock J: 7.000<br \/>\nButacas: $ 10.000<br \/>\nNota Importante: Para este partido no tendr\u00e1 validez la Credencial de Abonado.<\/p>\n","protected":false},"excerpt":{"rendered":"<p>Jos\u00e9 Mart\u00ednez, Leandro Fioravantti, Lautaro Palacios, Cristian \u2018La Nona\u2019 Mu\u00f1oz y el \u00eddolo \u00c1ngel Vildozo, ser\u00e1n los protagonistas estelares de la Noche Albirroja, evento que ser\u00e1 albergado por el coloso de la&#8230;<\/p>\n","protected":false},"author":482,"featured_media":90027,"comment_status":"open","ping_status":"open","sticky":false,"template":"","format":"standard","meta":{"advanced_seo_description":"","jetpack_seo_html_title":"","jetpack_seo_noindex":false,"_jetpack_memberships_contains_paid_content":false,"footnotes":""},"categories":[19],"tags":[],"class_list":["post-90026","post","type-post","status-publish","format-standard","has-post-thumbnail","hentry","category-deportes"],"jetpack_featured_media_url":"https:\/\/i0.wp.com\/eltrabajo.cl\/portal\/wp-content\/uploads\/2019\/01\/la-nona.jpg?fit=578%2C360&ssl=1","jetpack_sharing_enabled":true,"jetpack_likes_enabled":true,"jetpack-related-posts":[],"_links":{"self":[{"href":"https:\/\/eltrabajo.cl\/portal\/wp-json\/wp\/v2\/posts\/90026","targetHints":{"allow":["GET"]}}],"collection":[{"href":"https:\/\/eltrabajo.cl\/portal\/wp-json\/wp\/v2\/posts"}],"about":[{"href":"https:\/\/eltrabajo.cl\/portal\/wp-json\/wp\/v2\/types\/post"}],"author":[{"embeddable":true,"href":"https:\/\/eltrabajo.cl\/portal\/wp-json\/wp\/v2\/users\/482"}],"replies":[{"embeddable":true,"href":"https:\/\/eltrabajo.cl\/portal\/wp-json\/wp\/v2\/comments?post=90026"}],"version-history":[{"count":0,"href":"https:\/\/eltrabajo.cl\/portal\/wp-json\/wp\/v2\/posts\/90026\/revisions"}],"wp:featuredmedia":[{"embeddable":true,"href":"https:\/\/eltrabajo.cl\/portal\/wp-json\/wp\/v2\/media\/90027"}],"wp:attachment":[{"href":"https:\/\/eltrabajo.cl\/portal\/wp-json\/wp\/v2\/media?parent=90026"}],"wp:term":[{"taxonomy":"category","embeddable":true,"href":"https:\/\/eltrabajo.cl\/portal\/wp-json\/wp\/v2\/categories?post=90026"},{"taxonomy":"post_tag","embeddable":true,"href":"https:\/\/eltrabajo.cl\/portal\/wp-json\/wp\/v2\/tags?post=90026"}],"curies":[{"name":"wp","href":"https:\/\/api.w.org\/{rel}","templated":true}]}}