{"id":90041,"date":"2019-01-21T05:01:53","date_gmt":"2019-01-21T08:01:53","guid":{"rendered":"http:\/\/www.eltrabajo.cl\/portal\/?p=90041"},"modified":"2019-01-20T20:44:55","modified_gmt":"2019-01-20T23:44:55","slug":"san-felipe-queda-fuera-de-la-final-del-torneo-regional-de-mujeres","status":"publish","type":"post","link":"https:\/\/eltrabajo.cl\/portal\/san-felipe-queda-fuera-de-la-final-del-torneo-regional-de-mujeres\/","title":{"rendered":"San Felipe queda fuera de la final del torneo Regional de mujeres"},"content":{"rendered":"<figure id=\"attachment_90042\" aria-describedby=\"caption-attachment-90042\" style=\"width: 580px\" class=\"wp-caption alignnone\"><img data-recalc-dims=\"1\" loading=\"lazy\" decoding=\"async\" class=\"size-full wp-image-90042\" src=\"https:\/\/i0.wp.com\/www.eltrabajo.cl\/portal\/wp-content\/uploads\/2019\/01\/san-felipe-mujeres.jpg?resize=580%2C358\" alt=\"La selecci\u00f3n de San Felipe no logr\u00f3 llegar a la gran final del Torneo Regional Femenino.\" width=\"580\" height=\"358\" srcset=\"https:\/\/i0.wp.com\/eltrabajo.cl\/portal\/wp-content\/uploads\/2019\/01\/san-felipe-mujeres.jpg?w=580&amp;ssl=1 580w, https:\/\/i0.wp.com\/eltrabajo.cl\/portal\/wp-content\/uploads\/2019\/01\/san-felipe-mujeres.jpg?resize=200%2C123&amp;ssl=1 200w, https:\/\/i0.wp.com\/eltrabajo.cl\/portal\/wp-content\/uploads\/2019\/01\/san-felipe-mujeres.jpg?resize=300%2C185&amp;ssl=1 300w, https:\/\/i0.wp.com\/eltrabajo.cl\/portal\/wp-content\/uploads\/2019\/01\/san-felipe-mujeres.jpg?resize=243%2C150&amp;ssl=1 243w, https:\/\/i0.wp.com\/eltrabajo.cl\/portal\/wp-content\/uploads\/2019\/01\/san-felipe-mujeres.jpg?resize=400%2C247&amp;ssl=1 400w\" sizes=\"auto, (max-width: 580px) 100vw, 580px\" \/><figcaption id=\"caption-attachment-90042\" class=\"wp-caption-text\">La selecci\u00f3n de San Felipe no logr\u00f3 llegar a la gran final del Torneo Regional Femenino.<\/figcaption><\/figure>\n<p>Tras perder por 3 tantos a 0 durante el tiempo reglamentario y posteriormente 4 a 2 en la definici\u00f3n a penales, la selecci\u00f3n de San Felipe fue eliminada en semifinales del Torneo Regional de f\u00fatbol amateur.<br \/>\nEl combinado sanfelipe\u00f1o no puedo sostener la paridad y finalmente termin\u00f3 siendo aplastado por las porte\u00f1as que en la tanda de los doce pasos fueron m\u00e1s precisas, con los que avanzaron a la gran final del Regional, instancia en la cual enfrentar\u00e1n a Rinconada de Los Andes que empat\u00f3 a 1 en la revancha frente a Re\u00f1aca Alto.<\/p>\n","protected":false},"excerpt":{"rendered":"<p>Tras perder por 3 tantos a 0 durante el tiempo reglamentario y posteriormente 4 a 2 en la definici\u00f3n a penales, la selecci\u00f3n de San Felipe fue eliminada en semifinales del Torneo&#8230;<\/p>\n","protected":false},"author":482,"featured_media":90042,"comment_status":"open","ping_status":"open","sticky":false,"template":"","format":"standard","meta":{"advanced_seo_description":"","jetpack_seo_html_title":"","jetpack_seo_noindex":false,"_jetpack_memberships_contains_paid_content":false,"footnotes":""},"categories":[19],"tags":[],"class_list":["post-90041","post","type-post","status-publish","format-standard","has-post-thumbnail","hentry","category-deportes"],"jetpack_featured_media_url":"https:\/\/i0.wp.com\/eltrabajo.cl\/portal\/wp-content\/uploads\/2019\/01\/san-felipe-mujeres.jpg?fit=580%2C358&ssl=1","jetpack_sharing_enabled":true,"jetpack_likes_enabled":true,"jetpack-related-posts":[],"_links":{"self":[{"href":"https:\/\/eltrabajo.cl\/portal\/wp-json\/wp\/v2\/posts\/90041","targetHints":{"allow":["GET"]}}],"collection":[{"href":"https:\/\/eltrabajo.cl\/portal\/wp-json\/wp\/v2\/posts"}],"about":[{"href":"https:\/\/eltrabajo.cl\/portal\/wp-json\/wp\/v2\/types\/post"}],"author":[{"embeddable":true,"href":"https:\/\/eltrabajo.cl\/portal\/wp-json\/wp\/v2\/users\/482"}],"replies":[{"embeddable":true,"href":"https:\/\/eltrabajo.cl\/portal\/wp-json\/wp\/v2\/comments?post=90041"}],"version-history":[{"count":0,"href":"https:\/\/eltrabajo.cl\/portal\/wp-json\/wp\/v2\/posts\/90041\/revisions"}],"wp:featuredmedia":[{"embeddable":true,"href":"https:\/\/eltrabajo.cl\/portal\/wp-json\/wp\/v2\/media\/90042"}],"wp:attachment":[{"href":"https:\/\/eltrabajo.cl\/portal\/wp-json\/wp\/v2\/media?parent=90041"}],"wp:term":[{"taxonomy":"category","embeddable":true,"href":"https:\/\/eltrabajo.cl\/portal\/wp-json\/wp\/v2\/categories?post=90041"},{"taxonomy":"post_tag","embeddable":true,"href":"https:\/\/eltrabajo.cl\/portal\/wp-json\/wp\/v2\/tags?post=90041"}],"curies":[{"name":"wp","href":"https:\/\/api.w.org\/{rel}","templated":true}]}}