{"id":90146,"date":"2019-02-05T05:03:27","date_gmt":"2019-02-05T08:03:27","guid":{"rendered":"http:\/\/www.eltrabajo.cl\/portal\/?p=90146"},"modified":"2019-02-04T21:08:34","modified_gmt":"2019-02-05T00:08:34","slug":"el-nino-record-del-domani-parte-al-basquet-argentino","status":"publish","type":"post","link":"https:\/\/eltrabajo.cl\/portal\/el-nino-record-del-domani-parte-al-basquet-argentino\/","title":{"rendered":"El ni\u00f1o r\u00e9cord del Domani parte al b\u00e1squet argentino"},"content":{"rendered":"<figure id=\"attachment_90147\" aria-describedby=\"caption-attachment-90147\" style=\"width: 580px\" class=\"wp-caption alignnone\"><img data-recalc-dims=\"1\" loading=\"lazy\" decoding=\"async\" class=\"size-full wp-image-90147\" src=\"https:\/\/i0.wp.com\/www.eltrabajo.cl\/portal\/wp-content\/uploads\/2019\/02\/raul-amar.jpg?resize=580%2C359\" alt=\"Su extraordinaria actuaci\u00f3n en el Domani 2019 llev\u00f3 a Ra\u00fal Amar al b\u00e1squetbol argentino.\" width=\"580\" height=\"359\" srcset=\"https:\/\/i0.wp.com\/eltrabajo.cl\/portal\/wp-content\/uploads\/2019\/02\/raul-amar.jpg?w=580&amp;ssl=1 580w, https:\/\/i0.wp.com\/eltrabajo.cl\/portal\/wp-content\/uploads\/2019\/02\/raul-amar.jpg?resize=200%2C124&amp;ssl=1 200w, https:\/\/i0.wp.com\/eltrabajo.cl\/portal\/wp-content\/uploads\/2019\/02\/raul-amar.jpg?resize=300%2C186&amp;ssl=1 300w, https:\/\/i0.wp.com\/eltrabajo.cl\/portal\/wp-content\/uploads\/2019\/02\/raul-amar.jpg?resize=242%2C150&amp;ssl=1 242w, https:\/\/i0.wp.com\/eltrabajo.cl\/portal\/wp-content\/uploads\/2019\/02\/raul-amar.jpg?resize=400%2C248&amp;ssl=1 400w\" sizes=\"auto, (max-width: 580px) 100vw, 580px\" \/><figcaption id=\"caption-attachment-90147\" class=\"wp-caption-text\">Su extraordinaria actuaci\u00f3n en el Domani 2019 llev\u00f3 a Ra\u00fal Amar al b\u00e1squetbol argentino.<\/figcaption><\/figure>\n<p>Ra\u00fal Amar, jugador sanfelipe\u00f1o formado en la rama de b\u00e1squetbol del club Arturo Prat, y que en enero pasado se convirti\u00f3 en el chileno que m\u00e1s goles ha anotado en un partido del torneo Campioni del Domani, ayer parti\u00f3 con rumbo a la Argentina para integrarse a la pretemporada del club Olimpo de Bah\u00eda Blanca.<br \/>\nCon esto Ra\u00fal Amar se convierte en el primer jugador sanfelipe\u00f1o que emigra al extranjero. \u201cTenemos toda la fe en que quedar\u00e1 en el club de Bah\u00eda Blanca, que es la capital del baloncesto argentino; ahora si no le resulta en ese equipo, tiene dos opciones m\u00e1s\u201d, cont\u00f3 a El Trabajo Deportivo, el directivo pratino Exequiel Carvallo.<\/p>\n","protected":false},"excerpt":{"rendered":"<p>Ra\u00fal Amar, jugador sanfelipe\u00f1o formado en la rama de b\u00e1squetbol del club Arturo Prat, y que en enero pasado se convirti\u00f3 en el chileno que m\u00e1s goles ha anotado en un partido&#8230;<\/p>\n","protected":false},"author":482,"featured_media":90147,"comment_status":"open","ping_status":"open","sticky":false,"template":"","format":"standard","meta":{"advanced_seo_description":"","jetpack_seo_html_title":"","jetpack_seo_noindex":false,"_jetpack_memberships_contains_paid_content":false,"footnotes":""},"categories":[19],"tags":[],"class_list":["post-90146","post","type-post","status-publish","format-standard","has-post-thumbnail","hentry","category-deportes"],"jetpack_featured_media_url":"https:\/\/i0.wp.com\/eltrabajo.cl\/portal\/wp-content\/uploads\/2019\/02\/raul-amar.jpg?fit=580%2C359&ssl=1","jetpack_sharing_enabled":true,"jetpack_likes_enabled":true,"jetpack-related-posts":[],"_links":{"self":[{"href":"https:\/\/eltrabajo.cl\/portal\/wp-json\/wp\/v2\/posts\/90146","targetHints":{"allow":["GET"]}}],"collection":[{"href":"https:\/\/eltrabajo.cl\/portal\/wp-json\/wp\/v2\/posts"}],"about":[{"href":"https:\/\/eltrabajo.cl\/portal\/wp-json\/wp\/v2\/types\/post"}],"author":[{"embeddable":true,"href":"https:\/\/eltrabajo.cl\/portal\/wp-json\/wp\/v2\/users\/482"}],"replies":[{"embeddable":true,"href":"https:\/\/eltrabajo.cl\/portal\/wp-json\/wp\/v2\/comments?post=90146"}],"version-history":[{"count":0,"href":"https:\/\/eltrabajo.cl\/portal\/wp-json\/wp\/v2\/posts\/90146\/revisions"}],"wp:featuredmedia":[{"embeddable":true,"href":"https:\/\/eltrabajo.cl\/portal\/wp-json\/wp\/v2\/media\/90147"}],"wp:attachment":[{"href":"https:\/\/eltrabajo.cl\/portal\/wp-json\/wp\/v2\/media?parent=90146"}],"wp:term":[{"taxonomy":"category","embeddable":true,"href":"https:\/\/eltrabajo.cl\/portal\/wp-json\/wp\/v2\/categories?post=90146"},{"taxonomy":"post_tag","embeddable":true,"href":"https:\/\/eltrabajo.cl\/portal\/wp-json\/wp\/v2\/tags?post=90146"}],"curies":[{"name":"wp","href":"https:\/\/api.w.org\/{rel}","templated":true}]}}