{"id":90242,"date":"2019-02-11T05:00:02","date_gmt":"2019-02-11T08:00:02","guid":{"rendered":"http:\/\/www.eltrabajo.cl\/portal\/?p=90242"},"modified":"2019-02-10T20:34:07","modified_gmt":"2019-02-10T23:34:07","slug":"en-su-ultimo-test-antes-del-debut-el-uni-uni-supero-3-a-0-a-trasandino","status":"publish","type":"post","link":"https:\/\/eltrabajo.cl\/portal\/en-su-ultimo-test-antes-del-debut-el-uni-uni-supero-3-a-0-a-trasandino\/","title":{"rendered":"En su \u00faltimo test antes del debut el Un\u00ed Un\u00ed super\u00f3 3 a 0 a Trasandino"},"content":{"rendered":"<p>Con goles de Benjam\u00edn Gazzolo, Cristian \u2018La Nona\u2019 Mu\u00f1oz e Ignacio Mes\u00edas, Uni\u00f3n San Felipe venci\u00f3 por 3 goles a 0 a Trasandino, en el que fue el \u00faltimo juego de preparaci\u00f3n de los albirrojos antes de su debut por el torneo oficial de la B ante Barnechea en la zona oriente de Regi\u00f3n Metropolitana.<br \/>\nLos sanfelipe\u00f1os hicieron diferencias importantes respecto a un rival que reci\u00e9n a inicios de la semana pasada comenz\u00f3 sus trabajos de pretemporada, cosa que no le impidi\u00f3 ser un buen examinador, debido a que el primer tiempo hizo las cosas dif\u00edciles al Un\u00ed Un\u00ed.<br \/>\nTema interesante a dilucidar la ma\u00f1ana del s\u00e1bado era conocer cu\u00e1l ser\u00eda la formaci\u00f3n que en el primer tiempo dispondr\u00eda el t\u00e9cnico Andr\u00e9s Yllana, a ra\u00edz que el mismo estratego hab\u00eda reconocido que esa ser\u00e1 con toda seguridad la base que en cuatro d\u00edas m\u00e1s enfrentar\u00e1 a Barnechea.<br \/>\nUni\u00f3n San Felipe form\u00f3 con: Jonathan Salvador; Benjam\u00edn Gazzolo, David Fern\u00e1ndez, Sergio Catal\u00e1n; Francisco Salinas, Jos\u00e9 Mart\u00ednez; Brian Cort\u00e9s, Osvaldo Carrasco, Cristian Mu\u00f1oz; Jorge Orellana y Miguel Orellana. En el segundo tiempo se registraron una serie de modificaciones, sobresaliendo los ingresos del goleador \u00c1ngel Vildozo y el volante de quite Emmanuel Pio.<br \/>\nDe no suceder nada extraordinario es casi un hecho que la formaci\u00f3n que comenz\u00f3 el juego con \u2018El Tra\u2019 ser\u00e1 la titular, salvo el ingreso de Leandro Fioravantti en lugar de Carrasco, esto debido a que \u2018El Colorado\u2019 sufri\u00f3 una contractura y se encuentra en pleno proceso de recuperaci\u00f3n.<br \/>\nRespecto al ensayo sabatino, el t\u00e9cnico Andr\u00e9s Yllana, analiz\u00f3. \u00abPese a que tenemos algunos lesionados (Cisterna, Fioravantti, Villegas, Pino) igual pudimos parar la base, as\u00ed que en general se estuvo bien, la idea no era forzar nada para no correr riesgos de m\u00e1s; Trasandino fue un buen rival y nos sirvi\u00f3 para terminar de prepararnos para lo que viene el viernes\u00bb.<\/p>\n<figure id=\"attachment_90243\" aria-describedby=\"caption-attachment-90243\" style=\"width: 580px\" class=\"wp-caption alignnone\"><img data-recalc-dims=\"1\" loading=\"lazy\" decoding=\"async\" class=\"size-full wp-image-90243\" src=\"https:\/\/i0.wp.com\/www.eltrabajo.cl\/portal\/wp-content\/uploads\/2019\/02\/amistoso.jpg?resize=580%2C359\" alt=\"El s\u00e1bado pasado el Un\u00ed Un\u00ed enfrent\u00f3 a Trasandino de Los Andes.\" width=\"580\" height=\"359\" srcset=\"https:\/\/i0.wp.com\/eltrabajo.cl\/portal\/wp-content\/uploads\/2019\/02\/amistoso.jpg?w=580&amp;ssl=1 580w, https:\/\/i0.wp.com\/eltrabajo.cl\/portal\/wp-content\/uploads\/2019\/02\/amistoso.jpg?resize=200%2C124&amp;ssl=1 200w, https:\/\/i0.wp.com\/eltrabajo.cl\/portal\/wp-content\/uploads\/2019\/02\/amistoso.jpg?resize=300%2C186&amp;ssl=1 300w, https:\/\/i0.wp.com\/eltrabajo.cl\/portal\/wp-content\/uploads\/2019\/02\/amistoso.jpg?resize=242%2C150&amp;ssl=1 242w, https:\/\/i0.wp.com\/eltrabajo.cl\/portal\/wp-content\/uploads\/2019\/02\/amistoso.jpg?resize=400%2C248&amp;ssl=1 400w\" sizes=\"auto, (max-width: 580px) 100vw, 580px\" \/><figcaption id=\"caption-attachment-90243\" class=\"wp-caption-text\">El s\u00e1bado pasado el Un\u00ed Un\u00ed enfrent\u00f3 a Trasandino de Los Andes.<\/figcaption><\/figure>\n","protected":false},"excerpt":{"rendered":"<p>Con goles de Benjam\u00edn Gazzolo, Cristian \u2018La Nona\u2019 Mu\u00f1oz e Ignacio Mes\u00edas, Uni\u00f3n San Felipe venci\u00f3 por 3 goles a 0 a Trasandino, en el que fue el \u00faltimo juego de preparaci\u00f3n&#8230;<\/p>\n","protected":false},"author":482,"featured_media":90243,"comment_status":"open","ping_status":"open","sticky":false,"template":"","format":"standard","meta":{"advanced_seo_description":"","jetpack_seo_html_title":"","jetpack_seo_noindex":false,"_jetpack_memberships_contains_paid_content":false,"footnotes":""},"categories":[19],"tags":[],"class_list":["post-90242","post","type-post","status-publish","format-standard","has-post-thumbnail","hentry","category-deportes"],"jetpack_featured_media_url":"https:\/\/i0.wp.com\/eltrabajo.cl\/portal\/wp-content\/uploads\/2019\/02\/amistoso.jpg?fit=580%2C359&ssl=1","jetpack_sharing_enabled":true,"jetpack_likes_enabled":true,"jetpack-related-posts":[],"_links":{"self":[{"href":"https:\/\/eltrabajo.cl\/portal\/wp-json\/wp\/v2\/posts\/90242","targetHints":{"allow":["GET"]}}],"collection":[{"href":"https:\/\/eltrabajo.cl\/portal\/wp-json\/wp\/v2\/posts"}],"about":[{"href":"https:\/\/eltrabajo.cl\/portal\/wp-json\/wp\/v2\/types\/post"}],"author":[{"embeddable":true,"href":"https:\/\/eltrabajo.cl\/portal\/wp-json\/wp\/v2\/users\/482"}],"replies":[{"embeddable":true,"href":"https:\/\/eltrabajo.cl\/portal\/wp-json\/wp\/v2\/comments?post=90242"}],"version-history":[{"count":0,"href":"https:\/\/eltrabajo.cl\/portal\/wp-json\/wp\/v2\/posts\/90242\/revisions"}],"wp:featuredmedia":[{"embeddable":true,"href":"https:\/\/eltrabajo.cl\/portal\/wp-json\/wp\/v2\/media\/90243"}],"wp:attachment":[{"href":"https:\/\/eltrabajo.cl\/portal\/wp-json\/wp\/v2\/media?parent=90242"}],"wp:term":[{"taxonomy":"category","embeddable":true,"href":"https:\/\/eltrabajo.cl\/portal\/wp-json\/wp\/v2\/categories?post=90242"},{"taxonomy":"post_tag","embeddable":true,"href":"https:\/\/eltrabajo.cl\/portal\/wp-json\/wp\/v2\/tags?post=90242"}],"curies":[{"name":"wp","href":"https:\/\/api.w.org\/{rel}","templated":true}]}}