{"id":90300,"date":"2019-02-13T05:01:01","date_gmt":"2019-02-13T08:01:01","guid":{"rendered":"http:\/\/www.eltrabajo.cl\/portal\/?p=90300"},"modified":"2019-02-12T20:27:36","modified_gmt":"2019-02-12T23:27:36","slug":"union-san-felipe-abrira-el-campeonato-de-la-primera-b-este-viernes","status":"publish","type":"post","link":"https:\/\/eltrabajo.cl\/portal\/union-san-felipe-abrira-el-campeonato-de-la-primera-b-este-viernes\/","title":{"rendered":"Uni\u00f3n San Felipe abrir\u00e1 el campeonato de la Primera B este viernes"},"content":{"rendered":"<p><span style=\"color: #ff0000;\"><strong>A partir de las 20 horas:<\/strong><\/span><\/p>\n<ul>\n<li><strong>Confirmada la programaci\u00f3n de la primera fecha del torneo de la B<\/strong><\/li>\n<\/ul>\n<p>El pleito de este viernes entre Barnechea y el Un\u00ed Un\u00ed copar\u00e1 la atenci\u00f3n del medio nacional al ser el encargado de abrir el torneo de la Primera B. La primera jornada ya est\u00e1 a firme, y en ella tambi\u00e9n sobresalen los encuentros donde intervendr\u00e1n los equipos con \u2018chapa\u2019 de favoritos como por ejemplo lo son: Cobreloa \u2013 Temuco (el s\u00e1bado) y Santiago Wanderers \u2013 Rangers al mediod\u00eda del pr\u00f3ximo domingo.<br \/>\nProgramaci\u00f3n<br \/>\nfecha 1\u00aa<br \/>\nViernes 15 de febrero<br \/>\n20:00 horas: Barnechea \u2013 Uni\u00f3n San Felipe<br \/>\nS\u00e1bado 16 de febrero<br \/>\n18:00 horas: Magallanes \u2013 San Luis<br \/>\n18:00 horas: Santiago Morning \u2013 Melipilla<br \/>\n18:00 horas: Puerto Montt \u2013 \u00d1ublense<br \/>\n21:00 horas: Cobreloa \u2013 Temuco (CDF)<br \/>\nDomingo 17 de febrero<br \/>\n12:00 horas: Santiago Wanderers \u2013 Rangers<br \/>\n18:00 horas: Valdivia \u2013 Santa Cruz<br \/>\n18:00 horas: Copiap\u00f3 \u2013 La Serena<\/p>\n<figure id=\"attachment_90301\" aria-describedby=\"caption-attachment-90301\" style=\"width: 580px\" class=\"wp-caption alignnone\"><img data-recalc-dims=\"1\" loading=\"lazy\" decoding=\"async\" class=\"size-full wp-image-90301\" src=\"https:\/\/i0.wp.com\/www.eltrabajo.cl\/portal\/wp-content\/uploads\/2019\/02\/yllana.jpg?resize=580%2C360\" alt=\"La escuadra comandada t\u00e9cnicamente por el argentino Andr\u00e9s Yllana dar\u00e1 el puntapi\u00e9 inicial al torneo de la serie de plata del f\u00fatbol chileno.\" width=\"580\" height=\"360\" srcset=\"https:\/\/i0.wp.com\/eltrabajo.cl\/portal\/wp-content\/uploads\/2019\/02\/yllana.jpg?w=580&amp;ssl=1 580w, https:\/\/i0.wp.com\/eltrabajo.cl\/portal\/wp-content\/uploads\/2019\/02\/yllana.jpg?resize=200%2C124&amp;ssl=1 200w, https:\/\/i0.wp.com\/eltrabajo.cl\/portal\/wp-content\/uploads\/2019\/02\/yllana.jpg?resize=300%2C186&amp;ssl=1 300w, https:\/\/i0.wp.com\/eltrabajo.cl\/portal\/wp-content\/uploads\/2019\/02\/yllana.jpg?resize=242%2C150&amp;ssl=1 242w, https:\/\/i0.wp.com\/eltrabajo.cl\/portal\/wp-content\/uploads\/2019\/02\/yllana.jpg?resize=400%2C248&amp;ssl=1 400w\" sizes=\"auto, (max-width: 580px) 100vw, 580px\" \/><figcaption id=\"caption-attachment-90301\" class=\"wp-caption-text\">La escuadra comandada t\u00e9cnicamente por el argentino Andr\u00e9s Yllana dar\u00e1 el puntapi\u00e9 inicial al torneo de la serie de plata del f\u00fatbol chileno.<\/figcaption><\/figure>\n","protected":false},"excerpt":{"rendered":"<p>A partir de las 20 horas: Confirmada la programaci\u00f3n de la primera fecha del torneo de la B El pleito de este viernes entre Barnechea y el Un\u00ed Un\u00ed copar\u00e1 la atenci\u00f3n&#8230;<\/p>\n","protected":false},"author":482,"featured_media":90301,"comment_status":"open","ping_status":"open","sticky":false,"template":"","format":"standard","meta":{"advanced_seo_description":"","jetpack_seo_html_title":"","jetpack_seo_noindex":false,"_jetpack_memberships_contains_paid_content":false,"footnotes":""},"categories":[19],"tags":[],"class_list":["post-90300","post","type-post","status-publish","format-standard","has-post-thumbnail","hentry","category-deportes"],"jetpack_featured_media_url":"https:\/\/i0.wp.com\/eltrabajo.cl\/portal\/wp-content\/uploads\/2019\/02\/yllana.jpg?fit=580%2C360&ssl=1","jetpack_sharing_enabled":true,"jetpack_likes_enabled":true,"jetpack-related-posts":[],"_links":{"self":[{"href":"https:\/\/eltrabajo.cl\/portal\/wp-json\/wp\/v2\/posts\/90300","targetHints":{"allow":["GET"]}}],"collection":[{"href":"https:\/\/eltrabajo.cl\/portal\/wp-json\/wp\/v2\/posts"}],"about":[{"href":"https:\/\/eltrabajo.cl\/portal\/wp-json\/wp\/v2\/types\/post"}],"author":[{"embeddable":true,"href":"https:\/\/eltrabajo.cl\/portal\/wp-json\/wp\/v2\/users\/482"}],"replies":[{"embeddable":true,"href":"https:\/\/eltrabajo.cl\/portal\/wp-json\/wp\/v2\/comments?post=90300"}],"version-history":[{"count":0,"href":"https:\/\/eltrabajo.cl\/portal\/wp-json\/wp\/v2\/posts\/90300\/revisions"}],"wp:featuredmedia":[{"embeddable":true,"href":"https:\/\/eltrabajo.cl\/portal\/wp-json\/wp\/v2\/media\/90301"}],"wp:attachment":[{"href":"https:\/\/eltrabajo.cl\/portal\/wp-json\/wp\/v2\/media?parent=90300"}],"wp:term":[{"taxonomy":"category","embeddable":true,"href":"https:\/\/eltrabajo.cl\/portal\/wp-json\/wp\/v2\/categories?post=90300"},{"taxonomy":"post_tag","embeddable":true,"href":"https:\/\/eltrabajo.cl\/portal\/wp-json\/wp\/v2\/tags?post=90300"}],"curies":[{"name":"wp","href":"https:\/\/api.w.org\/{rel}","templated":true}]}}