{"id":90322,"date":"2019-02-14T05:01:12","date_gmt":"2019-02-14T08:01:12","guid":{"rendered":"http:\/\/www.eltrabajo.cl\/portal\/?p=90322"},"modified":"2019-02-13T20:24:06","modified_gmt":"2019-02-13T23:24:06","slug":"pio-y-caballero-se-perderan-el-debut-por-tener-sanciones-pendientes","status":"publish","type":"post","link":"https:\/\/eltrabajo.cl\/portal\/pio-y-caballero-se-perderan-el-debut-por-tener-sanciones-pendientes\/","title":{"rendered":"P\u00edo y Caballero se perder\u00e1n el debut por tener sanciones pendientes"},"content":{"rendered":"<p>Los jugadores Emmanuel P\u00edo y Franco Caballero, ser\u00e1n bajas obligadas de Uni\u00f3n San Felipe en el inicio del torneo oficial 2019 de la Primera B, esto debido a que arrastran sanciones disciplinarias desde al a\u00f1o pasado.<br \/>\nEl volante de corte est\u00e1 suspendido por un partido a ra\u00edz que lleg\u00f3 al m\u00e1ximo de cartulinas amarillas, mientras que el artillero deber\u00e1 cumplir dos partidos de suspensi\u00f3n por la expulsi\u00f3n que sufri\u00f3 al final del torneo pasado, cuando el Un\u00ed Un\u00ed enfrent\u00f3 a Santiago Morning.<br \/>\nPor su parte Barnechea no tendr\u00e1 bajas por este \u00edtem, ya que no tiene jugadores castigados por el Tribunal de Penalidades de la ANFP.<\/p>\n<figure id=\"attachment_90323\" aria-describedby=\"caption-attachment-90323\" style=\"width: 580px\" class=\"wp-caption alignnone\"><img data-recalc-dims=\"1\" loading=\"lazy\" decoding=\"async\" class=\"size-full wp-image-90323\" src=\"https:\/\/i0.wp.com\/www.eltrabajo.cl\/portal\/wp-content\/uploads\/2019\/02\/cabellero.jpg?resize=580%2C360\" alt=\"Franco Caballero tiene dos partidos de suspensi\u00f3n.\" width=\"580\" height=\"360\" srcset=\"https:\/\/i0.wp.com\/eltrabajo.cl\/portal\/wp-content\/uploads\/2019\/02\/cabellero.jpg?w=580&amp;ssl=1 580w, https:\/\/i0.wp.com\/eltrabajo.cl\/portal\/wp-content\/uploads\/2019\/02\/cabellero.jpg?resize=200%2C124&amp;ssl=1 200w, https:\/\/i0.wp.com\/eltrabajo.cl\/portal\/wp-content\/uploads\/2019\/02\/cabellero.jpg?resize=300%2C186&amp;ssl=1 300w, https:\/\/i0.wp.com\/eltrabajo.cl\/portal\/wp-content\/uploads\/2019\/02\/cabellero.jpg?resize=242%2C150&amp;ssl=1 242w, https:\/\/i0.wp.com\/eltrabajo.cl\/portal\/wp-content\/uploads\/2019\/02\/cabellero.jpg?resize=400%2C248&amp;ssl=1 400w\" sizes=\"auto, (max-width: 580px) 100vw, 580px\" \/><figcaption id=\"caption-attachment-90323\" class=\"wp-caption-text\">Franco Caballero tiene dos partidos de suspensi\u00f3n.<\/figcaption><\/figure>\n","protected":false},"excerpt":{"rendered":"<p>Los jugadores Emmanuel P\u00edo y Franco Caballero, ser\u00e1n bajas obligadas de Uni\u00f3n San Felipe en el inicio del torneo oficial 2019 de la Primera B, esto debido a que arrastran sanciones disciplinarias&#8230;<\/p>\n","protected":false},"author":482,"featured_media":90323,"comment_status":"open","ping_status":"open","sticky":false,"template":"","format":"standard","meta":{"advanced_seo_description":"","jetpack_seo_html_title":"","jetpack_seo_noindex":false,"_jetpack_memberships_contains_paid_content":false,"footnotes":""},"categories":[19],"tags":[],"class_list":["post-90322","post","type-post","status-publish","format-standard","has-post-thumbnail","hentry","category-deportes"],"jetpack_featured_media_url":"https:\/\/i0.wp.com\/eltrabajo.cl\/portal\/wp-content\/uploads\/2019\/02\/cabellero.jpg?fit=580%2C360&ssl=1","jetpack_sharing_enabled":true,"jetpack_likes_enabled":true,"jetpack-related-posts":[],"_links":{"self":[{"href":"https:\/\/eltrabajo.cl\/portal\/wp-json\/wp\/v2\/posts\/90322","targetHints":{"allow":["GET"]}}],"collection":[{"href":"https:\/\/eltrabajo.cl\/portal\/wp-json\/wp\/v2\/posts"}],"about":[{"href":"https:\/\/eltrabajo.cl\/portal\/wp-json\/wp\/v2\/types\/post"}],"author":[{"embeddable":true,"href":"https:\/\/eltrabajo.cl\/portal\/wp-json\/wp\/v2\/users\/482"}],"replies":[{"embeddable":true,"href":"https:\/\/eltrabajo.cl\/portal\/wp-json\/wp\/v2\/comments?post=90322"}],"version-history":[{"count":0,"href":"https:\/\/eltrabajo.cl\/portal\/wp-json\/wp\/v2\/posts\/90322\/revisions"}],"wp:featuredmedia":[{"embeddable":true,"href":"https:\/\/eltrabajo.cl\/portal\/wp-json\/wp\/v2\/media\/90323"}],"wp:attachment":[{"href":"https:\/\/eltrabajo.cl\/portal\/wp-json\/wp\/v2\/media?parent=90322"}],"wp:term":[{"taxonomy":"category","embeddable":true,"href":"https:\/\/eltrabajo.cl\/portal\/wp-json\/wp\/v2\/categories?post=90322"},{"taxonomy":"post_tag","embeddable":true,"href":"https:\/\/eltrabajo.cl\/portal\/wp-json\/wp\/v2\/tags?post=90322"}],"curies":[{"name":"wp","href":"https:\/\/api.w.org\/{rel}","templated":true}]}}