{"id":90441,"date":"2019-02-21T05:02:54","date_gmt":"2019-02-21T08:02:54","guid":{"rendered":"http:\/\/www.eltrabajo.cl\/portal\/?p=90441"},"modified":"2019-02-20T20:20:51","modified_gmt":"2019-02-20T23:20:51","slug":"el-pentzke-organizara-un-torneo-relampago-para-apoyar-a-uno-de-sus-jugadores","status":"publish","type":"post","link":"https:\/\/eltrabajo.cl\/portal\/el-pentzke-organizara-un-torneo-relampago-para-apoyar-a-uno-de-sus-jugadores\/","title":{"rendered":"El Pentzke organizar\u00e1 un torneo rel\u00e1mpago para apoyar a uno de sus jugadores"},"content":{"rendered":"<p>A partir de las 13 horas del s\u00e1bado 23 del presente mes, el club Alberto Pentzke tiene proyectado realizar un Cuadrangular Mixto que ir\u00e1 en beneficio del jugador y socio Jos\u00e9 Moreno, quien en la actualidad se encuentra librando una dura batalla contra una enfermedad muy compleja.<br \/>\nEl evento que tendr\u00e1 lugar en la cancha que los conserveros ocupan regularmente en el Complejo Anfa, no solo ser\u00e1 deportivo, ya que tambi\u00e9n se dispondr\u00e1n algunos stands donde los asistentes podr\u00e1n adquirir alimentos y bebidas. \u00abHacemos un llamado para que la gente, sobre todo del club, nos acompa\u00f1e y colabore con nuestro socio\u00bb, se\u00f1al\u00f3 a El Trabajo Deportivo, el directivo Jonathan Aguilera.<br \/>\nLos equipos que quieran participar del mini torneo deben inscribirse a los siguientes fonos: 950667467 y 995651066. El valor de la inscripci\u00f3n ser\u00e1 de $15.000 las mujeres y $20.000 los hombres, mientras que la entrada costar\u00e1 $1.000.<\/p>\n<figure id=\"attachment_90442\" aria-describedby=\"caption-attachment-90442\" style=\"width: 580px\" class=\"wp-caption alignnone\"><img data-recalc-dims=\"1\" loading=\"lazy\" decoding=\"async\" class=\"size-full wp-image-90442\" src=\"https:\/\/i0.wp.com\/www.eltrabajo.cl\/portal\/wp-content\/uploads\/2019\/02\/jos%C3%A9-moreno.jpg?resize=580%2C358\" alt=\"Este s\u00e1bado el club Alberto Pentzke realizar\u00e1 un evento a beneficio de su socio y jugador Jos\u00e9 Moreno.\" width=\"580\" height=\"358\" srcset=\"https:\/\/i0.wp.com\/eltrabajo.cl\/portal\/wp-content\/uploads\/2019\/02\/jos%C3%A9-moreno.jpg?w=580&amp;ssl=1 580w, https:\/\/i0.wp.com\/eltrabajo.cl\/portal\/wp-content\/uploads\/2019\/02\/jos%C3%A9-moreno.jpg?resize=200%2C123&amp;ssl=1 200w, https:\/\/i0.wp.com\/eltrabajo.cl\/portal\/wp-content\/uploads\/2019\/02\/jos%C3%A9-moreno.jpg?resize=300%2C185&amp;ssl=1 300w, https:\/\/i0.wp.com\/eltrabajo.cl\/portal\/wp-content\/uploads\/2019\/02\/jos%C3%A9-moreno.jpg?resize=243%2C150&amp;ssl=1 243w, https:\/\/i0.wp.com\/eltrabajo.cl\/portal\/wp-content\/uploads\/2019\/02\/jos%C3%A9-moreno.jpg?resize=400%2C247&amp;ssl=1 400w\" sizes=\"auto, (max-width: 580px) 100vw, 580px\" \/><figcaption id=\"caption-attachment-90442\" class=\"wp-caption-text\">Este s\u00e1bado el club Alberto Pentzke realizar\u00e1 un evento a beneficio de su socio y jugador Jos\u00e9 Moreno.<\/figcaption><\/figure>\n","protected":false},"excerpt":{"rendered":"<p>A partir de las 13 horas del s\u00e1bado 23 del presente mes, el club Alberto Pentzke tiene proyectado realizar un Cuadrangular Mixto que ir\u00e1 en beneficio del jugador y socio Jos\u00e9 Moreno,&#8230;<\/p>\n","protected":false},"author":482,"featured_media":90442,"comment_status":"open","ping_status":"open","sticky":false,"template":"","format":"standard","meta":{"advanced_seo_description":"","jetpack_seo_html_title":"","jetpack_seo_noindex":false,"_jetpack_memberships_contains_paid_content":false,"footnotes":""},"categories":[19],"tags":[],"class_list":["post-90441","post","type-post","status-publish","format-standard","has-post-thumbnail","hentry","category-deportes"],"jetpack_featured_media_url":"https:\/\/i0.wp.com\/eltrabajo.cl\/portal\/wp-content\/uploads\/2019\/02\/jos%C3%A9-moreno.jpg?fit=580%2C358&ssl=1","jetpack_sharing_enabled":true,"jetpack_likes_enabled":true,"jetpack-related-posts":[],"_links":{"self":[{"href":"https:\/\/eltrabajo.cl\/portal\/wp-json\/wp\/v2\/posts\/90441","targetHints":{"allow":["GET"]}}],"collection":[{"href":"https:\/\/eltrabajo.cl\/portal\/wp-json\/wp\/v2\/posts"}],"about":[{"href":"https:\/\/eltrabajo.cl\/portal\/wp-json\/wp\/v2\/types\/post"}],"author":[{"embeddable":true,"href":"https:\/\/eltrabajo.cl\/portal\/wp-json\/wp\/v2\/users\/482"}],"replies":[{"embeddable":true,"href":"https:\/\/eltrabajo.cl\/portal\/wp-json\/wp\/v2\/comments?post=90441"}],"version-history":[{"count":0,"href":"https:\/\/eltrabajo.cl\/portal\/wp-json\/wp\/v2\/posts\/90441\/revisions"}],"wp:featuredmedia":[{"embeddable":true,"href":"https:\/\/eltrabajo.cl\/portal\/wp-json\/wp\/v2\/media\/90442"}],"wp:attachment":[{"href":"https:\/\/eltrabajo.cl\/portal\/wp-json\/wp\/v2\/media?parent=90441"}],"wp:term":[{"taxonomy":"category","embeddable":true,"href":"https:\/\/eltrabajo.cl\/portal\/wp-json\/wp\/v2\/categories?post=90441"},{"taxonomy":"post_tag","embeddable":true,"href":"https:\/\/eltrabajo.cl\/portal\/wp-json\/wp\/v2\/tags?post=90441"}],"curies":[{"name":"wp","href":"https:\/\/api.w.org\/{rel}","templated":true}]}}