{"id":90523,"date":"2019-02-26T05:00:02","date_gmt":"2019-02-26T08:00:02","guid":{"rendered":"http:\/\/www.eltrabajo.cl\/portal\/?p=90523"},"modified":"2019-02-25T20:41:01","modified_gmt":"2019-02-25T23:41:01","slug":"adrenalina-pura-en-campeonato-internacional-de-slackline-san-felipe-2019","status":"publish","type":"post","link":"https:\/\/eltrabajo.cl\/portal\/adrenalina-pura-en-campeonato-internacional-de-slackline-san-felipe-2019\/","title":{"rendered":"Adrenalina pura en Campeonato Internacional de SlackLine San Felipe 2019"},"content":{"rendered":"<p><span style=\"color: #ff0000;\"><strong>Brasilero Randley Freitas gan\u00f3 la categor\u00eda Profesional:<\/strong><\/span><\/p>\n<p>Nuevamente el deporte de riesgo se instal\u00f3 durante todo el d\u00eda s\u00e1bado en la Plaza de Armas de San Felipe, se trata del 4\u00ba Campeonato Internacional de SlackLine que se desarrolla en nuestra comuna y en el que participaron exponentes de Brasil, y el resto de varias ciudades de nuestro pa\u00eds. La jornada la desarroll\u00f3 \u00edntegramente el Departamento de Deportes del municipio sanfelipe\u00f1o a cargo de Danilo Pe\u00f1a, quien nos inform\u00f3 que \u00abnuevamente y con caracter\u00edsticas de torneo internacional de SlackLine en nuestra comuna en el que tenemos a tres brasileros compitiendo, los mejores exponentes de Brasil est\u00e1n en nuestra ciudad, ellos son Alisson Ferreira, Lucas Santos y Randley Freitas, tambi\u00e9n por nuestra comuna tenemos a los mejores de este deporte, as\u00ed como expertos de Chill\u00e1n, Temuco, Santiago, Valpara\u00edso y Vi\u00f1a del Mar, tambi\u00e9n llegaron participantes de las escuelas nuevas de nuestras comunas cercanas como Santa Mar\u00eda y San Esteban\u00bb, inform\u00f3 Pe\u00f1a a Diario El Trabajo.<\/p>\n<p><span style=\"color: #ff0000;\"><strong>LOS GANADORES<\/strong><\/span><br \/>\nLa adrenalina fue el principal combustible usado este s\u00e1bado en la Plaza de Armas, pues las acrobacias ejecutadas por estos j\u00f3venes fueron simplemente impresionantes, con un alto grado de dificultad, as\u00ed al final de la tarde los ganadores fueron, seg\u00fan lo indic\u00f3 Pe\u00f1a, \u00aben la categor\u00eda Profesional los primeros tres lugares fueron 1\u00b0 Randley Freitas, 2\u00b0 Alisson Ferreira y 3\u00b0 Kevin Fern\u00e1ndez, en la categor\u00eda Experto 1\u00b0 Crist\u00f3bal Cid, 2\u00b0 Nicol\u00e1s Sep\u00falveda y 3\u00b0 Luzciano Torres, y en la categor\u00eda Amateur 1\u00b0 Juan Diego Orellana, 2\u00b0 Nicol\u00e1s Sep\u00falveda y 3\u00b0 Nicol\u00e1s Carrasco\u00bb, detall\u00f3 Pe\u00f1a.<br \/>\n<strong>Roberto Gonz\u00e1lez Short<\/strong><\/p>\n<figure id=\"attachment_90524\" aria-describedby=\"caption-attachment-90524\" style=\"width: 580px\" class=\"wp-caption alignnone\"><img data-recalc-dims=\"1\" loading=\"lazy\" decoding=\"async\" class=\"size-full wp-image-90524\" src=\"https:\/\/i0.wp.com\/www.eltrabajo.cl\/portal\/wp-content\/uploads\/2019\/02\/SlackLine1.jpg?resize=580%2C360\" alt=\"DEPORTE EXTREMO.- Ellos son parte del gran equipo de competidores del SlackLine que se dieron cita este fin de semana en nuestra comuna.\" width=\"580\" height=\"360\" srcset=\"https:\/\/i0.wp.com\/eltrabajo.cl\/portal\/wp-content\/uploads\/2019\/02\/SlackLine1.jpg?w=580&amp;ssl=1 580w, https:\/\/i0.wp.com\/eltrabajo.cl\/portal\/wp-content\/uploads\/2019\/02\/SlackLine1.jpg?resize=200%2C124&amp;ssl=1 200w, https:\/\/i0.wp.com\/eltrabajo.cl\/portal\/wp-content\/uploads\/2019\/02\/SlackLine1.jpg?resize=300%2C186&amp;ssl=1 300w, https:\/\/i0.wp.com\/eltrabajo.cl\/portal\/wp-content\/uploads\/2019\/02\/SlackLine1.jpg?resize=242%2C150&amp;ssl=1 242w, https:\/\/i0.wp.com\/eltrabajo.cl\/portal\/wp-content\/uploads\/2019\/02\/SlackLine1.jpg?resize=400%2C248&amp;ssl=1 400w\" sizes=\"auto, (max-width: 580px) 100vw, 580px\" \/><figcaption id=\"caption-attachment-90524\" class=\"wp-caption-text\">DEPORTE EXTREMO.- Ellos son parte del gran equipo de competidores del SlackLine que se dieron cita este fin de semana en nuestra comuna.<\/figcaption><\/figure>\n<figure id=\"attachment_90525\" aria-describedby=\"caption-attachment-90525\" style=\"width: 580px\" class=\"wp-caption alignnone\"><img data-recalc-dims=\"1\" loading=\"lazy\" decoding=\"async\" class=\"size-full wp-image-90525\" src=\"https:\/\/i0.wp.com\/www.eltrabajo.cl\/portal\/wp-content\/uploads\/2019\/02\/SlackLine2.jpg?resize=580%2C713\" alt=\"IMPRESIONANTE.- Los nacionales tambi\u00e9n se lucieron como profesionales en este extremo deporte.\" width=\"580\" height=\"713\" srcset=\"https:\/\/i0.wp.com\/eltrabajo.cl\/portal\/wp-content\/uploads\/2019\/02\/SlackLine2.jpg?w=580&amp;ssl=1 580w, https:\/\/i0.wp.com\/eltrabajo.cl\/portal\/wp-content\/uploads\/2019\/02\/SlackLine2.jpg?resize=122%2C150&amp;ssl=1 122w, https:\/\/i0.wp.com\/eltrabajo.cl\/portal\/wp-content\/uploads\/2019\/02\/SlackLine2.jpg?resize=244%2C300&amp;ssl=1 244w, https:\/\/i0.wp.com\/eltrabajo.cl\/portal\/wp-content\/uploads\/2019\/02\/SlackLine2.jpg?resize=400%2C492&amp;ssl=1 400w\" sizes=\"auto, (max-width: 580px) 100vw, 580px\" \/><figcaption id=\"caption-attachment-90525\" class=\"wp-caption-text\">IMPRESIONANTE.- Los nacionales tambi\u00e9n se lucieron como profesionales en este extremo deporte.<\/figcaption><\/figure>\n<figure id=\"attachment_90526\" aria-describedby=\"caption-attachment-90526\" style=\"width: 580px\" class=\"wp-caption alignnone\"><img data-recalc-dims=\"1\" loading=\"lazy\" decoding=\"async\" class=\"size-full wp-image-90526\" src=\"https:\/\/i0.wp.com\/www.eltrabajo.cl\/portal\/wp-content\/uploads\/2019\/02\/SlackLine3.jpg?resize=580%2C718\" alt=\"TRUCO LOCO.- Nuestras c\u00e1maras tuvieron que ser bien enfocadas para poder captar el mejor \u00e1ngulo que nos dieron estos chicos.\" width=\"580\" height=\"718\" srcset=\"https:\/\/i0.wp.com\/eltrabajo.cl\/portal\/wp-content\/uploads\/2019\/02\/SlackLine3.jpg?w=580&amp;ssl=1 580w, https:\/\/i0.wp.com\/eltrabajo.cl\/portal\/wp-content\/uploads\/2019\/02\/SlackLine3.jpg?resize=121%2C150&amp;ssl=1 121w, https:\/\/i0.wp.com\/eltrabajo.cl\/portal\/wp-content\/uploads\/2019\/02\/SlackLine3.jpg?resize=242%2C300&amp;ssl=1 242w, https:\/\/i0.wp.com\/eltrabajo.cl\/portal\/wp-content\/uploads\/2019\/02\/SlackLine3.jpg?resize=400%2C495&amp;ssl=1 400w\" sizes=\"auto, (max-width: 580px) 100vw, 580px\" \/><figcaption id=\"caption-attachment-90526\" class=\"wp-caption-text\">TRUCO LOCO.- Nuestras c\u00e1maras tuvieron que ser bien enfocadas para poder captar el mejor \u00e1ngulo que nos dieron estos chicos.<\/figcaption><\/figure>\n<figure id=\"attachment_90527\" aria-describedby=\"caption-attachment-90527\" style=\"width: 580px\" class=\"wp-caption alignnone\"><img data-recalc-dims=\"1\" loading=\"lazy\" decoding=\"async\" class=\"size-full wp-image-90527\" src=\"https:\/\/i0.wp.com\/www.eltrabajo.cl\/portal\/wp-content\/uploads\/2019\/02\/SlackLine4.jpg?resize=580%2C360\" alt=\"LOCURA DEPORTIVA.- Lucas Santos, de Brasil, hizo de las suyas volando por los aires, uno de los mejores del torneo.\" width=\"580\" height=\"360\" srcset=\"https:\/\/i0.wp.com\/eltrabajo.cl\/portal\/wp-content\/uploads\/2019\/02\/SlackLine4.jpg?w=580&amp;ssl=1 580w, https:\/\/i0.wp.com\/eltrabajo.cl\/portal\/wp-content\/uploads\/2019\/02\/SlackLine4.jpg?resize=200%2C124&amp;ssl=1 200w, https:\/\/i0.wp.com\/eltrabajo.cl\/portal\/wp-content\/uploads\/2019\/02\/SlackLine4.jpg?resize=300%2C186&amp;ssl=1 300w, https:\/\/i0.wp.com\/eltrabajo.cl\/portal\/wp-content\/uploads\/2019\/02\/SlackLine4.jpg?resize=242%2C150&amp;ssl=1 242w, https:\/\/i0.wp.com\/eltrabajo.cl\/portal\/wp-content\/uploads\/2019\/02\/SlackLine4.jpg?resize=400%2C248&amp;ssl=1 400w\" sizes=\"auto, (max-width: 580px) 100vw, 580px\" \/><figcaption id=\"caption-attachment-90527\" class=\"wp-caption-text\">LOCURA DEPORTIVA.- Lucas Santos, de Brasil, hizo de las suyas volando por los aires, uno de los mejores del torneo.<\/figcaption><\/figure>\n<figure id=\"attachment_90528\" aria-describedby=\"caption-attachment-90528\" style=\"width: 580px\" class=\"wp-caption alignnone\"><img data-recalc-dims=\"1\" loading=\"lazy\" decoding=\"async\" class=\"size-full wp-image-90528\" src=\"https:\/\/i0.wp.com\/www.eltrabajo.cl\/portal\/wp-content\/uploads\/2019\/02\/SlackLine5.jpg?resize=580%2C359\" alt=\"LOS CARIOCAS.- Ellos viajaron desde Brasil a San Felipe para disputar este torneo de SlackLine 2019: Alisson Ferreira, Lucas Santos y Randley Freitas. Ellos est\u00e1n compitiendo en varias ciudades del pa\u00eds.\" width=\"580\" height=\"359\" srcset=\"https:\/\/i0.wp.com\/eltrabajo.cl\/portal\/wp-content\/uploads\/2019\/02\/SlackLine5.jpg?w=580&amp;ssl=1 580w, https:\/\/i0.wp.com\/eltrabajo.cl\/portal\/wp-content\/uploads\/2019\/02\/SlackLine5.jpg?resize=200%2C124&amp;ssl=1 200w, https:\/\/i0.wp.com\/eltrabajo.cl\/portal\/wp-content\/uploads\/2019\/02\/SlackLine5.jpg?resize=300%2C186&amp;ssl=1 300w, https:\/\/i0.wp.com\/eltrabajo.cl\/portal\/wp-content\/uploads\/2019\/02\/SlackLine5.jpg?resize=242%2C150&amp;ssl=1 242w, https:\/\/i0.wp.com\/eltrabajo.cl\/portal\/wp-content\/uploads\/2019\/02\/SlackLine5.jpg?resize=400%2C248&amp;ssl=1 400w\" sizes=\"auto, (max-width: 580px) 100vw, 580px\" \/><figcaption id=\"caption-attachment-90528\" class=\"wp-caption-text\">LOS CARIOCAS.- Ellos viajaron desde Brasil a San Felipe para disputar este torneo de SlackLine 2019: Alisson Ferreira, Lucas Santos y Randley Freitas. Ellos est\u00e1n compitiendo en varias ciudades del pa\u00eds.<\/figcaption><\/figure>\n","protected":false},"excerpt":{"rendered":"<p>Brasilero Randley Freitas gan\u00f3 la categor\u00eda Profesional: Nuevamente el deporte de riesgo se instal\u00f3 durante todo el d\u00eda s\u00e1bado en la Plaza de Armas de San Felipe, se trata del 4\u00ba Campeonato&#8230;<\/p>\n","protected":false},"author":482,"featured_media":90527,"comment_status":"open","ping_status":"open","sticky":false,"template":"","format":"standard","meta":{"advanced_seo_description":"","jetpack_seo_html_title":"","jetpack_seo_noindex":false,"_jetpack_memberships_contains_paid_content":false,"footnotes":""},"categories":[19],"tags":[],"class_list":["post-90523","post","type-post","status-publish","format-standard","has-post-thumbnail","hentry","category-deportes"],"jetpack_featured_media_url":"https:\/\/i0.wp.com\/eltrabajo.cl\/portal\/wp-content\/uploads\/2019\/02\/SlackLine4.jpg?fit=580%2C360&ssl=1","jetpack_sharing_enabled":true,"jetpack_likes_enabled":true,"jetpack-related-posts":[],"_links":{"self":[{"href":"https:\/\/eltrabajo.cl\/portal\/wp-json\/wp\/v2\/posts\/90523","targetHints":{"allow":["GET"]}}],"collection":[{"href":"https:\/\/eltrabajo.cl\/portal\/wp-json\/wp\/v2\/posts"}],"about":[{"href":"https:\/\/eltrabajo.cl\/portal\/wp-json\/wp\/v2\/types\/post"}],"author":[{"embeddable":true,"href":"https:\/\/eltrabajo.cl\/portal\/wp-json\/wp\/v2\/users\/482"}],"replies":[{"embeddable":true,"href":"https:\/\/eltrabajo.cl\/portal\/wp-json\/wp\/v2\/comments?post=90523"}],"version-history":[{"count":0,"href":"https:\/\/eltrabajo.cl\/portal\/wp-json\/wp\/v2\/posts\/90523\/revisions"}],"wp:featuredmedia":[{"embeddable":true,"href":"https:\/\/eltrabajo.cl\/portal\/wp-json\/wp\/v2\/media\/90527"}],"wp:attachment":[{"href":"https:\/\/eltrabajo.cl\/portal\/wp-json\/wp\/v2\/media?parent=90523"}],"wp:term":[{"taxonomy":"category","embeddable":true,"href":"https:\/\/eltrabajo.cl\/portal\/wp-json\/wp\/v2\/categories?post=90523"},{"taxonomy":"post_tag","embeddable":true,"href":"https:\/\/eltrabajo.cl\/portal\/wp-json\/wp\/v2\/tags?post=90523"}],"curies":[{"name":"wp","href":"https:\/\/api.w.org\/{rel}","templated":true}]}}