{"id":90530,"date":"2019-02-26T05:01:09","date_gmt":"2019-02-26T08:01:09","guid":{"rendered":"http:\/\/www.eltrabajo.cl\/portal\/?p=90530"},"modified":"2019-02-25T20:43:41","modified_gmt":"2019-02-25T23:43:41","slug":"venezolano-victor-allendes-gana-el-2o-campeonato-de-calistenia","status":"publish","type":"post","link":"https:\/\/eltrabajo.cl\/portal\/venezolano-victor-allendes-gana-el-2o-campeonato-de-calistenia\/","title":{"rendered":"Venezolano V\u00edctor Allendes gana el 2\u00ba Campeonato de Calistenia"},"content":{"rendered":"<p><span style=\"color: #ff0000;\"><strong>Actividad convoc\u00f3 a los mejores en bandej\u00f3n de Yungay:<\/strong><\/span><\/p>\n<p>Con gran fuerza y vigor se desarroll\u00f3 el pasado s\u00e1bado en el bandej\u00f3n de Yungay, propiamente en la cancha de barras, el segundo Campeonato de Calistenia San Felipe 2019, actividad en la que participaron tanto los j\u00f3venes sanfelipe\u00f1os y de otras comunas del valle, as\u00ed como j\u00f3venes que ya est\u00e1n en las Grandes Ligas de esta disciplina gimn\u00e1stica. La actividad fue desarrollada por la Oficina de la Juventud y estuvo a cargo de un equipo humano muy comprometido con los j\u00f3venes que la practican, entre ellos el joven Kevin Ramos y su grupo de colaboradores.<\/p>\n<p><span style=\"color: #ff0000;\"><strong>CREANDO SALIDAS<\/strong><\/span><br \/>\nEntre las autoridades que m\u00e1s est\u00e1n impulsando esta clase de iniciativas a nivel comunal se encuentra Mario Villanueva, quien nos explic\u00f3 que \u00abestamos ac\u00e1 en el Parque de Barras con el segundo Campeonato de Calistenia, deporte que se trabaja con la misma fuerza del cuerpo, un deporte en barra, estamos muy contentos con la tremenda convocatoria que se logr\u00f3, quiero darle las gracias a todas las empresas que nos auspiciaron, Aguas Aconcagua, Enduro Pro, La Hoguera, Discoteca Brava, Restaurante La Ruca y la Municipalidad de San Felipe, felicitar a todos los j\u00f3venes calist\u00e9nicos del Valle de Aconcagua, porque San Felipe hoy d\u00eda est\u00e1 demostrando que es verdaderamente la ciudad del deporte a nivel de toda la V Regi\u00f3n, felicitar tambi\u00e9n por su trabajo en esta jornada a los funcionarios de la Oficina de la Juventud que se ha dedicado a trabajar con fuerza la problem\u00e1tica de estos j\u00f3venes y buscarles soluciones a todo lo que ellos necesitan en lo relacionado a instrumentos e indumentaria y lugares de deporte\u00bb, coment\u00f3 el edil.<br \/>\nAs\u00ed tambi\u00e9n Esteban Herrera, coordinador de la Oficina Multidisciplinaria de la Juventud, destac\u00f3 que \u00abeste a\u00f1o es nuestra segunda versi\u00f3n Batallas del Valle 2 se quiso incentivar con premios m\u00e1s competitivos, con trofeos y medallas, con algunos obsequios de nuestros patrocinadores, por lo cual tambi\u00e9n se reclutaron competidores de otras comunas y provincias, algunos de ellos ya han estado en campeonatos nacionales e internacionales, por ende se quiso subir esta vez el nivel de competencia y la exigencia en fases menos grupales y a la vez de mejor nivel\u00bb, detall\u00f3.<\/p>\n<p><span style=\"color: #ff0000;\"><strong>ES DE RIESGO<\/strong><\/span><br \/>\nEn la parte de organizaci\u00f3n Diario El Trabajo habl\u00f3 con Kevin Ramos, organizador del 2\u00ba Torneo Intercomunal de Calistenia San Felipe 2019, \u00abpese a que este a\u00f1o soy el organizador de esta actividad tambi\u00e9n soy uno de los competidores que est\u00e1 representando al Valle de Aconcagua, la din\u00e1mica de la calistenia es b\u00e1sicamente el entrenamiento con peso corporal que se lleva a cabo a un nivel competitivo y gimn\u00e1stico, este s\u00e1bado han competido chicos que nos representan internacionalmente, tenemos a uno d ellos que es campe\u00f3n en Rusia, en Egipto y en Paraguay tambi\u00e9n (\u2026) este es un deporte de riesgos obviamente especialmente en la parte articular y pueden los atletas sufrir ca\u00eddas\u00bb, dijo Ramos.<br \/>\n<strong>Roberto Gonz\u00e1lez Short<\/strong><\/p>\n<figure id=\"attachment_90531\" aria-describedby=\"caption-attachment-90531\" style=\"width: 580px\" class=\"wp-caption alignnone\"><img data-recalc-dims=\"1\" loading=\"lazy\" decoding=\"async\" class=\"size-full wp-image-90531\" src=\"https:\/\/i0.wp.com\/www.eltrabajo.cl\/portal\/wp-content\/uploads\/2019\/02\/Calistenia1.jpg?resize=580%2C360\" alt=\"DE TODAS LAS EDADES.- Ellos son gran parte de los competidores que este s\u00e1bado dieron vida al 2\u00ba Torneo Intercomunal de Calistenia San Felipe 2019.\" width=\"580\" height=\"360\" srcset=\"https:\/\/i0.wp.com\/eltrabajo.cl\/portal\/wp-content\/uploads\/2019\/02\/Calistenia1.jpg?w=580&amp;ssl=1 580w, https:\/\/i0.wp.com\/eltrabajo.cl\/portal\/wp-content\/uploads\/2019\/02\/Calistenia1.jpg?resize=200%2C124&amp;ssl=1 200w, https:\/\/i0.wp.com\/eltrabajo.cl\/portal\/wp-content\/uploads\/2019\/02\/Calistenia1.jpg?resize=300%2C186&amp;ssl=1 300w, https:\/\/i0.wp.com\/eltrabajo.cl\/portal\/wp-content\/uploads\/2019\/02\/Calistenia1.jpg?resize=242%2C150&amp;ssl=1 242w, https:\/\/i0.wp.com\/eltrabajo.cl\/portal\/wp-content\/uploads\/2019\/02\/Calistenia1.jpg?resize=400%2C248&amp;ssl=1 400w\" sizes=\"auto, (max-width: 580px) 100vw, 580px\" \/><figcaption id=\"caption-attachment-90531\" class=\"wp-caption-text\">DE TODAS LAS EDADES.- Ellos son gran parte de los competidores que este s\u00e1bado dieron vida al 2\u00ba Torneo Intercomunal de Calistenia San Felipe 2019.<\/figcaption><\/figure>\n<figure id=\"attachment_90533\" aria-describedby=\"caption-attachment-90533\" style=\"width: 580px\" class=\"wp-caption alignnone\"><img data-recalc-dims=\"1\" loading=\"lazy\" decoding=\"async\" class=\"size-full wp-image-90533\" src=\"https:\/\/i0.wp.com\/www.eltrabajo.cl\/portal\/wp-content\/uploads\/2019\/02\/Calistenia3.jpg?resize=580%2C359\" alt=\"EL GRAN CAMPE\u00d3N.- \u00c9l es V\u00edctor Allendes, chileno-venezolano que arroll\u00f3 con el primer lugar del campeonato, reside en Santiago.\" width=\"580\" height=\"359\" srcset=\"https:\/\/i0.wp.com\/eltrabajo.cl\/portal\/wp-content\/uploads\/2019\/02\/Calistenia3.jpg?w=580&amp;ssl=1 580w, https:\/\/i0.wp.com\/eltrabajo.cl\/portal\/wp-content\/uploads\/2019\/02\/Calistenia3.jpg?resize=200%2C124&amp;ssl=1 200w, https:\/\/i0.wp.com\/eltrabajo.cl\/portal\/wp-content\/uploads\/2019\/02\/Calistenia3.jpg?resize=300%2C186&amp;ssl=1 300w, https:\/\/i0.wp.com\/eltrabajo.cl\/portal\/wp-content\/uploads\/2019\/02\/Calistenia3.jpg?resize=242%2C150&amp;ssl=1 242w, https:\/\/i0.wp.com\/eltrabajo.cl\/portal\/wp-content\/uploads\/2019\/02\/Calistenia3.jpg?resize=400%2C248&amp;ssl=1 400w\" sizes=\"auto, (max-width: 580px) 100vw, 580px\" \/><figcaption id=\"caption-attachment-90533\" class=\"wp-caption-text\">EL GRAN CAMPE\u00d3N.- \u00c9l es V\u00edctor Allendes, chileno-venezolano que arroll\u00f3 con el primer lugar del campeonato, reside en Santiago.<\/figcaption><\/figure>\n<figure id=\"attachment_90534\" aria-describedby=\"caption-attachment-90534\" style=\"width: 580px\" class=\"wp-caption alignnone\"><img data-recalc-dims=\"1\" loading=\"lazy\" decoding=\"async\" class=\"size-full wp-image-90534\" src=\"https:\/\/i0.wp.com\/www.eltrabajo.cl\/portal\/wp-content\/uploads\/2019\/02\/Calistenia4.jpg?resize=580%2C359\" alt=\"JORNADA FAMILIAR.- El p\u00fablico fue variado, llegaron ni\u00f1os, adultos mayores y familias enteras para apoyar a sus competidores.\" width=\"580\" height=\"359\" srcset=\"https:\/\/i0.wp.com\/eltrabajo.cl\/portal\/wp-content\/uploads\/2019\/02\/Calistenia4.jpg?w=580&amp;ssl=1 580w, https:\/\/i0.wp.com\/eltrabajo.cl\/portal\/wp-content\/uploads\/2019\/02\/Calistenia4.jpg?resize=200%2C124&amp;ssl=1 200w, https:\/\/i0.wp.com\/eltrabajo.cl\/portal\/wp-content\/uploads\/2019\/02\/Calistenia4.jpg?resize=300%2C186&amp;ssl=1 300w, https:\/\/i0.wp.com\/eltrabajo.cl\/portal\/wp-content\/uploads\/2019\/02\/Calistenia4.jpg?resize=242%2C150&amp;ssl=1 242w, https:\/\/i0.wp.com\/eltrabajo.cl\/portal\/wp-content\/uploads\/2019\/02\/Calistenia4.jpg?resize=400%2C248&amp;ssl=1 400w\" sizes=\"auto, (max-width: 580px) 100vw, 580px\" \/><figcaption id=\"caption-attachment-90534\" class=\"wp-caption-text\">JORNADA FAMILIAR.- El p\u00fablico fue variado, llegaron ni\u00f1os, adultos mayores y familias enteras para apoyar a sus competidores.<\/figcaption><\/figure>\n<figure id=\"attachment_90532\" aria-describedby=\"caption-attachment-90532\" style=\"width: 579px\" class=\"wp-caption alignnone\"><img data-recalc-dims=\"1\" loading=\"lazy\" decoding=\"async\" class=\"size-full wp-image-90532\" src=\"https:\/\/i0.wp.com\/www.eltrabajo.cl\/portal\/wp-content\/uploads\/2019\/02\/Calistenia2.jpg?resize=579%2C714\" alt=\"DE LO NUESTRO LO MEJOR.- Aqu\u00ed tenemos al sanfelipe\u00f1o Alessandro Cancino, experto que nos representa regularmente a nivel internacional.\" width=\"579\" height=\"714\" srcset=\"https:\/\/i0.wp.com\/eltrabajo.cl\/portal\/wp-content\/uploads\/2019\/02\/Calistenia2.jpg?w=579&amp;ssl=1 579w, https:\/\/i0.wp.com\/eltrabajo.cl\/portal\/wp-content\/uploads\/2019\/02\/Calistenia2.jpg?resize=122%2C150&amp;ssl=1 122w, https:\/\/i0.wp.com\/eltrabajo.cl\/portal\/wp-content\/uploads\/2019\/02\/Calistenia2.jpg?resize=243%2C300&amp;ssl=1 243w, https:\/\/i0.wp.com\/eltrabajo.cl\/portal\/wp-content\/uploads\/2019\/02\/Calistenia2.jpg?resize=400%2C493&amp;ssl=1 400w\" sizes=\"auto, (max-width: 579px) 100vw, 579px\" \/><figcaption id=\"caption-attachment-90532\" class=\"wp-caption-text\">DE LO NUESTRO LO MEJOR.- Aqu\u00ed tenemos al sanfelipe\u00f1o Alessandro Cancino, experto que nos representa regularmente a nivel internacional.<\/figcaption><\/figure>\n","protected":false},"excerpt":{"rendered":"<p>Actividad convoc\u00f3 a los mejores en bandej\u00f3n de Yungay: Con gran fuerza y vigor se desarroll\u00f3 el pasado s\u00e1bado en el bandej\u00f3n de Yungay, propiamente en la cancha de barras, el segundo&#8230;<\/p>\n","protected":false},"author":482,"featured_media":90533,"comment_status":"open","ping_status":"open","sticky":false,"template":"","format":"standard","meta":{"advanced_seo_description":"","jetpack_seo_html_title":"","jetpack_seo_noindex":false,"_jetpack_memberships_contains_paid_content":false,"footnotes":""},"categories":[19],"tags":[],"class_list":["post-90530","post","type-post","status-publish","format-standard","has-post-thumbnail","hentry","category-deportes"],"jetpack_featured_media_url":"https:\/\/i0.wp.com\/eltrabajo.cl\/portal\/wp-content\/uploads\/2019\/02\/Calistenia3.jpg?fit=580%2C359&ssl=1","jetpack_sharing_enabled":true,"jetpack_likes_enabled":true,"jetpack-related-posts":[],"_links":{"self":[{"href":"https:\/\/eltrabajo.cl\/portal\/wp-json\/wp\/v2\/posts\/90530","targetHints":{"allow":["GET"]}}],"collection":[{"href":"https:\/\/eltrabajo.cl\/portal\/wp-json\/wp\/v2\/posts"}],"about":[{"href":"https:\/\/eltrabajo.cl\/portal\/wp-json\/wp\/v2\/types\/post"}],"author":[{"embeddable":true,"href":"https:\/\/eltrabajo.cl\/portal\/wp-json\/wp\/v2\/users\/482"}],"replies":[{"embeddable":true,"href":"https:\/\/eltrabajo.cl\/portal\/wp-json\/wp\/v2\/comments?post=90530"}],"version-history":[{"count":0,"href":"https:\/\/eltrabajo.cl\/portal\/wp-json\/wp\/v2\/posts\/90530\/revisions"}],"wp:featuredmedia":[{"embeddable":true,"href":"https:\/\/eltrabajo.cl\/portal\/wp-json\/wp\/v2\/media\/90533"}],"wp:attachment":[{"href":"https:\/\/eltrabajo.cl\/portal\/wp-json\/wp\/v2\/media?parent=90530"}],"wp:term":[{"taxonomy":"category","embeddable":true,"href":"https:\/\/eltrabajo.cl\/portal\/wp-json\/wp\/v2\/categories?post=90530"},{"taxonomy":"post_tag","embeddable":true,"href":"https:\/\/eltrabajo.cl\/portal\/wp-json\/wp\/v2\/tags?post=90530"}],"curies":[{"name":"wp","href":"https:\/\/api.w.org\/{rel}","templated":true}]}}