{"id":90589,"date":"2019-02-28T05:01:11","date_gmt":"2019-02-28T08:01:11","guid":{"rendered":"http:\/\/www.eltrabajo.cl\/portal\/?p=90589"},"modified":"2019-02-27T20:25:18","modified_gmt":"2019-02-27T23:25:18","slug":"cadete-de-union-san-felipe-fue-convocado-a-la-seleccion-chilena-sub-15","status":"publish","type":"post","link":"https:\/\/eltrabajo.cl\/portal\/cadete-de-union-san-felipe-fue-convocado-a-la-seleccion-chilena-sub-15\/","title":{"rendered":"Cadete de Uni\u00f3n San Felipe fue convocado a la Selecci\u00f3n Chilena Sub-15"},"content":{"rendered":"<p>El defensa central perteneciente a las series cadetes de Uni\u00f3n San Felipe, Basti\u00e1n Roco, fue convocado a la Selecci\u00f3n Chilena U15, combinado que inici\u00f3 su proceso de preparaci\u00f3n con miras al torneo Sudamericano de la categor\u00eda.<br \/>\nBasti\u00e1n Roco se present\u00f3 en horas de la ma\u00f1ana del lunes reci\u00e9n pasado en el Complejo Quil\u00edn, para iniciar las pr\u00e1cticas que se prolongar\u00e1n hasta ma\u00f1ana, d\u00eda en el que finalizar\u00e1 la concentraci\u00f3n correspondiente a este micro ciclo de entrenamientos.<br \/>\nPese a que \u2018La Rojita\u2019 est\u00e1 prepar\u00e1ndose para la cita continental, a\u00fan no existe claridad la fecha y sede en que \u00e9sta tendr\u00e1 lugar, debido que todav\u00eda no son asignadas por la Conmebol.<br \/>\nEl promisorio canterano albirrojo se reintegrar\u00e1 este viernes a los entrenamientos de las fuerzas b\u00e1sicas del Un\u00ed Un\u00ed, las que se encuentran muy cerca de iniciar su participaci\u00f3n en el pr\u00f3ximo torneo de F\u00fatbol Joven de la ANFP.<\/p>\n<figure id=\"attachment_90590\" aria-describedby=\"caption-attachment-90590\" style=\"width: 580px\" class=\"wp-caption alignnone\"><img data-recalc-dims=\"1\" loading=\"lazy\" decoding=\"async\" class=\"size-full wp-image-90590\" src=\"https:\/\/i0.wp.com\/www.eltrabajo.cl\/portal\/wp-content\/uploads\/2019\/02\/bastian-roco.jpg?resize=580%2C359\" alt=\"El cadete del Un\u00ed Un\u00ed, Basti\u00e1n Roco, integrar\u00e1 la Selecci\u00f3n Chilena menor de 15 a\u00f1os.\" width=\"580\" height=\"359\" srcset=\"https:\/\/i0.wp.com\/eltrabajo.cl\/portal\/wp-content\/uploads\/2019\/02\/bastian-roco.jpg?w=580&amp;ssl=1 580w, https:\/\/i0.wp.com\/eltrabajo.cl\/portal\/wp-content\/uploads\/2019\/02\/bastian-roco.jpg?resize=200%2C124&amp;ssl=1 200w, https:\/\/i0.wp.com\/eltrabajo.cl\/portal\/wp-content\/uploads\/2019\/02\/bastian-roco.jpg?resize=300%2C186&amp;ssl=1 300w, https:\/\/i0.wp.com\/eltrabajo.cl\/portal\/wp-content\/uploads\/2019\/02\/bastian-roco.jpg?resize=242%2C150&amp;ssl=1 242w, https:\/\/i0.wp.com\/eltrabajo.cl\/portal\/wp-content\/uploads\/2019\/02\/bastian-roco.jpg?resize=400%2C248&amp;ssl=1 400w\" sizes=\"auto, (max-width: 580px) 100vw, 580px\" \/><figcaption id=\"caption-attachment-90590\" class=\"wp-caption-text\">El cadete del Un\u00ed Un\u00ed, Basti\u00e1n Roco, integrar\u00e1 la Selecci\u00f3n Chilena menor de 15 a\u00f1os.<\/figcaption><\/figure>\n","protected":false},"excerpt":{"rendered":"<p>El defensa central perteneciente a las series cadetes de Uni\u00f3n San Felipe, Basti\u00e1n Roco, fue convocado a la Selecci\u00f3n Chilena U15, combinado que inici\u00f3 su proceso de preparaci\u00f3n con miras al torneo&#8230;<\/p>\n","protected":false},"author":482,"featured_media":90590,"comment_status":"open","ping_status":"open","sticky":false,"template":"","format":"standard","meta":{"advanced_seo_description":"","jetpack_seo_html_title":"","jetpack_seo_noindex":false,"_jetpack_memberships_contains_paid_content":false,"footnotes":""},"categories":[19],"tags":[],"class_list":["post-90589","post","type-post","status-publish","format-standard","has-post-thumbnail","hentry","category-deportes"],"jetpack_featured_media_url":"https:\/\/i0.wp.com\/eltrabajo.cl\/portal\/wp-content\/uploads\/2019\/02\/bastian-roco.jpg?fit=580%2C359&ssl=1","jetpack_sharing_enabled":true,"jetpack_likes_enabled":true,"jetpack-related-posts":[],"_links":{"self":[{"href":"https:\/\/eltrabajo.cl\/portal\/wp-json\/wp\/v2\/posts\/90589","targetHints":{"allow":["GET"]}}],"collection":[{"href":"https:\/\/eltrabajo.cl\/portal\/wp-json\/wp\/v2\/posts"}],"about":[{"href":"https:\/\/eltrabajo.cl\/portal\/wp-json\/wp\/v2\/types\/post"}],"author":[{"embeddable":true,"href":"https:\/\/eltrabajo.cl\/portal\/wp-json\/wp\/v2\/users\/482"}],"replies":[{"embeddable":true,"href":"https:\/\/eltrabajo.cl\/portal\/wp-json\/wp\/v2\/comments?post=90589"}],"version-history":[{"count":0,"href":"https:\/\/eltrabajo.cl\/portal\/wp-json\/wp\/v2\/posts\/90589\/revisions"}],"wp:featuredmedia":[{"embeddable":true,"href":"https:\/\/eltrabajo.cl\/portal\/wp-json\/wp\/v2\/media\/90590"}],"wp:attachment":[{"href":"https:\/\/eltrabajo.cl\/portal\/wp-json\/wp\/v2\/media?parent=90589"}],"wp:term":[{"taxonomy":"category","embeddable":true,"href":"https:\/\/eltrabajo.cl\/portal\/wp-json\/wp\/v2\/categories?post=90589"},{"taxonomy":"post_tag","embeddable":true,"href":"https:\/\/eltrabajo.cl\/portal\/wp-json\/wp\/v2\/tags?post=90589"}],"curies":[{"name":"wp","href":"https:\/\/api.w.org\/{rel}","templated":true}]}}