{"id":90852,"date":"2019-03-14T05:00:12","date_gmt":"2019-03-14T08:00:12","guid":{"rendered":"http:\/\/www.eltrabajo.cl\/portal\/?p=90852"},"modified":"2019-03-13T22:46:19","modified_gmt":"2019-03-14T01:46:19","slug":"mauro-peralta-dirigira-interinamente-al-uni-uni-ante-santa-cruz","status":"publish","type":"post","link":"https:\/\/eltrabajo.cl\/portal\/mauro-peralta-dirigira-interinamente-al-uni-uni-ante-santa-cruz\/","title":{"rendered":"Mauro Peralta dirigir\u00e1 interinamente al Un\u00ed Un\u00ed ante Santa Cruz"},"content":{"rendered":"<p>El jefe t\u00e9cnico de las series cadetes albirrojas, Mauro Peralta, ser\u00e1 el encargado de conducir t\u00e9cnicamente a Uni\u00f3n San Felipe en el partido con Deportes Santa Cruz, rival ante el cual el conjunto sanfelipe\u00f1o buscar\u00e1 poner freno a su desastroso inicio de torneo.<br \/>\nEl profesor Peralta asumi\u00f3 la conducci\u00f3n del primer equipo el lunes pasado, y si bien es cierto la tarea puede catalogarse como muy complicada debido al momento, el profesional le resta dramatismo y opta por la calma y cautela. \u00abEstas son cosas que pasan en el f\u00fatbol, yo debo apoyar al club y hoy me toca hacerlo desde este lugar; la idea es que durante la semana se lleve una buena convivencia y tratar de ser simples para sacar las cosas adelante. El interinato es algo que siempre sucede en el f\u00fatbol, por eso hay que tomar las cosas con calma\u00bb, declar\u00f3 el estratego a El Trabajo Deportivo.<br \/>\nSobre cual ser\u00e1 su propuesta para este s\u00e1bado, el profesional fue muy claro en sus apreciaciones: \u00abNos estamos centrando en sacar el partido adelante, ver nuestras fortalezas, llevar a cabo nuestra estrategia y ser fuertes de mente. Los jugadores han tenido la mejor recepci\u00f3n para la labor que estamos haciendo; lo concreto es que entre todos debemos sacar esto adelante\u00bb, se\u00f1al\u00f3.<\/p>\n<figure id=\"attachment_90853\" aria-describedby=\"caption-attachment-90853\" style=\"width: 580px\" class=\"wp-caption alignnone\"><img data-recalc-dims=\"1\" loading=\"lazy\" decoding=\"async\" class=\"size-full wp-image-90853\" src=\"https:\/\/i0.wp.com\/www.eltrabajo.cl\/portal\/wp-content\/uploads\/2019\/03\/mauro-peralta.jpg?resize=580%2C360\" alt=\"Mauro Peralta dirigiendo una pr\u00e1ctica del primer equipo del Un\u00ed Un\u00ed.\" width=\"580\" height=\"360\" srcset=\"https:\/\/i0.wp.com\/eltrabajo.cl\/portal\/wp-content\/uploads\/2019\/03\/mauro-peralta.jpg?w=580&amp;ssl=1 580w, https:\/\/i0.wp.com\/eltrabajo.cl\/portal\/wp-content\/uploads\/2019\/03\/mauro-peralta.jpg?resize=200%2C124&amp;ssl=1 200w, https:\/\/i0.wp.com\/eltrabajo.cl\/portal\/wp-content\/uploads\/2019\/03\/mauro-peralta.jpg?resize=300%2C186&amp;ssl=1 300w, https:\/\/i0.wp.com\/eltrabajo.cl\/portal\/wp-content\/uploads\/2019\/03\/mauro-peralta.jpg?resize=242%2C150&amp;ssl=1 242w, https:\/\/i0.wp.com\/eltrabajo.cl\/portal\/wp-content\/uploads\/2019\/03\/mauro-peralta.jpg?resize=400%2C248&amp;ssl=1 400w\" sizes=\"auto, (max-width: 580px) 100vw, 580px\" \/><figcaption id=\"caption-attachment-90853\" class=\"wp-caption-text\">Mauro Peralta dirigiendo una pr\u00e1ctica del primer equipo del Un\u00ed Un\u00ed.<\/figcaption><\/figure>\n","protected":false},"excerpt":{"rendered":"<p>El jefe t\u00e9cnico de las series cadetes albirrojas, Mauro Peralta, ser\u00e1 el encargado de conducir t\u00e9cnicamente a Uni\u00f3n San Felipe en el partido con Deportes Santa Cruz, rival ante el cual el&#8230;<\/p>\n","protected":false},"author":482,"featured_media":90853,"comment_status":"open","ping_status":"open","sticky":false,"template":"","format":"standard","meta":{"advanced_seo_description":"","jetpack_seo_html_title":"","jetpack_seo_noindex":false,"_jetpack_memberships_contains_paid_content":false,"footnotes":""},"categories":[19],"tags":[],"class_list":["post-90852","post","type-post","status-publish","format-standard","has-post-thumbnail","hentry","category-deportes"],"jetpack_featured_media_url":"https:\/\/i0.wp.com\/eltrabajo.cl\/portal\/wp-content\/uploads\/2019\/03\/mauro-peralta.jpg?fit=580%2C360&ssl=1","jetpack_sharing_enabled":true,"jetpack_likes_enabled":true,"jetpack-related-posts":[],"_links":{"self":[{"href":"https:\/\/eltrabajo.cl\/portal\/wp-json\/wp\/v2\/posts\/90852","targetHints":{"allow":["GET"]}}],"collection":[{"href":"https:\/\/eltrabajo.cl\/portal\/wp-json\/wp\/v2\/posts"}],"about":[{"href":"https:\/\/eltrabajo.cl\/portal\/wp-json\/wp\/v2\/types\/post"}],"author":[{"embeddable":true,"href":"https:\/\/eltrabajo.cl\/portal\/wp-json\/wp\/v2\/users\/482"}],"replies":[{"embeddable":true,"href":"https:\/\/eltrabajo.cl\/portal\/wp-json\/wp\/v2\/comments?post=90852"}],"version-history":[{"count":0,"href":"https:\/\/eltrabajo.cl\/portal\/wp-json\/wp\/v2\/posts\/90852\/revisions"}],"wp:featuredmedia":[{"embeddable":true,"href":"https:\/\/eltrabajo.cl\/portal\/wp-json\/wp\/v2\/media\/90853"}],"wp:attachment":[{"href":"https:\/\/eltrabajo.cl\/portal\/wp-json\/wp\/v2\/media?parent=90852"}],"wp:term":[{"taxonomy":"category","embeddable":true,"href":"https:\/\/eltrabajo.cl\/portal\/wp-json\/wp\/v2\/categories?post=90852"},{"taxonomy":"post_tag","embeddable":true,"href":"https:\/\/eltrabajo.cl\/portal\/wp-json\/wp\/v2\/tags?post=90852"}],"curies":[{"name":"wp","href":"https:\/\/api.w.org\/{rel}","templated":true}]}}