{"id":90910,"date":"2019-03-18T05:01:03","date_gmt":"2019-03-18T08:01:03","guid":{"rendered":"http:\/\/www.eltrabajo.cl\/portal\/?p=90910"},"modified":"2019-03-18T00:23:40","modified_gmt":"2019-03-18T03:23:40","slug":"el-uni-uni-cae-2-a-0-con-santa-cruz-y-sigue-con-las-manos-vacias","status":"publish","type":"post","link":"https:\/\/eltrabajo.cl\/portal\/el-uni-uni-cae-2-a-0-con-santa-cruz-y-sigue-con-las-manos-vacias\/","title":{"rendered":"El Un\u00ed Un\u00ed cae 2 a 0 con Santa Cruz y sigue con las manos vac\u00edas"},"content":{"rendered":"<p>Cuando ya han corrido cinco largas fechas y definitivamente no se puede hablar de un \u2018arranque\u2019 en falso, es muy preocupante lo que est\u00e1 pasando con Uni\u00f3n San Felipe en la actual temporada, donde s\u00f3lo sabe de derrotas y momentos amargos.<br \/>\nPara el partido del s\u00e1bado contra Deportes Santa Cruz, la escuadra aconcag\u00fcina mostraba algunas novedades, partiendo por un t\u00e9cnico interino (Mauro Peralta), una modificaci\u00f3n en su sistema de juego -volvi\u00f3 a la tradicional l\u00ednea de 4 atr\u00e1s-, aparte de cambios en su formaci\u00f3n titular, en la que destacaba y llamaba la atenci\u00f3n la presencia de muchos juveniles.<br \/>\nAnte el conjunto sure\u00f1o reci\u00e9n ascendido a la Primera B, Uni\u00f3n San Felipe fue un equipo timorato, con poca chispa, sin ideas, y lo m\u00e1s preocupante de todo, sin el m\u00e1s m\u00ednimo poder de reacci\u00f3n; condiciones que explican por s\u00ed solas la derrota por 2 goles a 0.<br \/>\nEn el f\u00fatbol se dice que cuando las cosas vienen mal pueden ponerse peor, y al parecer el Un\u00ed Un\u00ed est\u00e1 sufriendo con eso, porque de otra forma no se puede entender que reci\u00e9n a los 10 minutos del partido los sanfelipe\u00f1os se hayan quedado con un hombre menos tras la expulsi\u00f3n de Jes\u00fas Pino, aparte de conceder un penal al rival despu\u00e9s de una salida infantil (los manuales dicen que el portero siempre debe jugar hacia afuera, y no al centro del \u00e1rea) en la cual hubo nula comunicaci\u00f3n entre el arquero Andr\u00e9s Fern\u00e1ndez y el mismo Pino.<br \/>\nPara fortuna de los aconcag\u00fcinos Rodrigo Gattas sirvi\u00f3 mal la pena m\u00e1xima y permiti\u00f3 el lucimiento del joven arquero sanfelipe\u00f1o que con su intervenci\u00f3n permiti\u00f3 que el marcador se mantuviera en cero por todo el primer tiempo, en el cual el Un\u00ed Un\u00ed s\u00f3lo se dedic\u00f3 a defenderse, dejando de lado las tareas ofensivas.<br \/>\nPara el segundo lapso desde el banco t\u00e9cnico albirrojo se profundiz\u00f3 en las tareas defensivas, lo que se tradujo en que adelante todo depend\u00eda a alguna acci\u00f3n individual que pudiera salir de los botines de Lautaro Palacios, Jimmy Cisterna o \u00c1ngel Vildozo.<br \/>\nPreocupados m\u00e1s de cuidarse y nula vocaci\u00f3n ofensiva, los dirigidos de Mauro Peralta facilitaron mucho la tarea de Santa Cruz, que al no sentir nada de presi\u00f3n en su zona de riesgo se dedic\u00f3 a cargar con frecuencia sobre las huestes de los aconcag\u00fcinos que a ratos parec\u00edan un boxeador de esos que recurren a las cuerdas para dejar pasar el tiempo y evitar caer a la lona.<br \/>\nCon un Gaete (el mismo de la teleserie de verano en Colo Colo) encendido por fuera, era s\u00f3lo cosa de tiempo que cayera el gol para los anfitriones. San Felipe les facilit\u00f3 mucho las cosas al introducir cambios casi inentendibles al sacar delanteros para poner hombres tapones, en vez de jugadores m\u00e1s amigos de la creaci\u00f3n, como por ejemplo los es \u2018La Nona\u2019 Mu\u00f1oz, quien le habr\u00eda dado la pausa y la organizaci\u00f3n que requer\u00eda en esos momentos el Un\u00ed Un\u00ed.<br \/>\nSanta Cruz acept\u00f3 la invitaci\u00f3n y se fue con todo sobre el arco de Andr\u00e9s Fern\u00e1ndez, quien incre\u00edblemente en la apertura del marcador fue batido a los 78\u2019 por el volante Leandro Fioravanti, quien en sus ansias de evitar da\u00f1os no hizo nada m\u00e1s que enviar el bal\u00f3n a su propia puerta.<br \/>\nLo m\u00e1s de 12 minutos restantes estuvieron casi de m\u00e1s, pese a que en una ocasi\u00f3n los visitantes se asomaron en territorio hostil. En el final Benjam\u00edn Mu\u00f1oz clav\u00f3 la segunda estocada a un Uni\u00f3n San Felipe que no mejora nada, y que, por lo mismo, aunque suene incre\u00edble est\u00e1 como colista del torneo con cero puntos.<\/p>\n<p><span style=\"color: #ff0000;\"><strong>Ficha T\u00e9cnica<\/strong><\/span><br \/>\nFecha 5\u00aa<br \/>\nTorneo Primera Divisi\u00f3n B.<br \/>\nEstadio: Joaqu\u00edn Mu\u00f1oz Garc\u00eda.<br \/>\nArbitro: Felipe Jara.<br \/>\nSanta Cruz (2): Rodrigo Paillaqueo; Isa\u00edas Meneses, Diego Silva, Javier Lemar\u00ed (Pontigo), Jos\u00e9 Antonio Rojas; Pablo Sanhueza, Braulio Avalos, C\u00e9sar Gonz\u00e1lez (Mu\u00f1oz), Carlos Oyaneder (Gamble), Juan Carlos Gaete, Rodrigo Gattas. DT: Osvaldo Hurtado.<br \/>\nUni\u00f3n San Felipe (0): Andr\u00e9s Fern\u00e1ndez; Francisco Salinas, Benjam\u00edn Gazzolo, Jes\u00fas Pino, Jos\u00e9 Vargas; David Fern\u00e1ndez, Leandro Fioravanti, Bairo Rivero (Gonzalo Villegas), Jimmy Cisterna (Osvaldo Carrasco); Lautaro Palacios, \u00c1ngel Vildozo (Enzo Orme\u00f1o). DT: Mauro Peralta.<br \/>\nGoles: 1-0, 78\u2019, Leandro Fioravanti (autogol SC).<br \/>\n2-0, 90, Benjam\u00edn Mu\u00f1oz (SC).<br \/>\nExpulsado:<br \/>\nJes\u00fas Pino (USF).<\/p>\n<figure id=\"attachment_90911\" aria-describedby=\"caption-attachment-90911\" style=\"width: 580px\" class=\"wp-caption alignnone\"><img data-recalc-dims=\"1\" loading=\"lazy\" decoding=\"async\" class=\"size-full wp-image-90911\" src=\"https:\/\/i0.wp.com\/www.eltrabajo.cl\/portal\/wp-content\/uploads\/2019\/03\/fernandez.jpg?resize=580%2C359\" alt=\"De no ser por la actuaci\u00f3n del arquero Andr\u00e9s Fern\u00e1ndez, el marcador hubiera sido m\u00e1s abultado en contra de los sanfelipe\u00f1os.\" width=\"580\" height=\"359\" srcset=\"https:\/\/i0.wp.com\/eltrabajo.cl\/portal\/wp-content\/uploads\/2019\/03\/fernandez.jpg?w=580&amp;ssl=1 580w, https:\/\/i0.wp.com\/eltrabajo.cl\/portal\/wp-content\/uploads\/2019\/03\/fernandez.jpg?resize=200%2C124&amp;ssl=1 200w, https:\/\/i0.wp.com\/eltrabajo.cl\/portal\/wp-content\/uploads\/2019\/03\/fernandez.jpg?resize=300%2C186&amp;ssl=1 300w, https:\/\/i0.wp.com\/eltrabajo.cl\/portal\/wp-content\/uploads\/2019\/03\/fernandez.jpg?resize=242%2C150&amp;ssl=1 242w, https:\/\/i0.wp.com\/eltrabajo.cl\/portal\/wp-content\/uploads\/2019\/03\/fernandez.jpg?resize=400%2C248&amp;ssl=1 400w\" sizes=\"auto, (max-width: 580px) 100vw, 580px\" \/><figcaption id=\"caption-attachment-90911\" class=\"wp-caption-text\">De no ser por la actuaci\u00f3n del arquero Andr\u00e9s Fern\u00e1ndez, el marcador hubiera sido m\u00e1s abultado en contra de los sanfelipe\u00f1os.<\/figcaption><\/figure>\n<figure id=\"attachment_90912\" aria-describedby=\"caption-attachment-90912\" style=\"width: 580px\" class=\"wp-caption alignnone\"><img data-recalc-dims=\"1\" loading=\"lazy\" decoding=\"async\" class=\"size-full wp-image-90912\" src=\"https:\/\/i0.wp.com\/www.eltrabajo.cl\/portal\/wp-content\/uploads\/2019\/03\/santa-cruz-uni-uni.jpg?resize=580%2C359\" alt=\"Ante Santa Cruz el Un\u00ed Un\u00ed mostr\u00f3 escaso f\u00fatbol y solo se dedic\u00f3 a defenderse, pero igual termin\u00f3 con las manos vac\u00edas. (Foto gentileza: Jos\u00e9 Manuel Vera) \" width=\"580\" height=\"359\" srcset=\"https:\/\/i0.wp.com\/eltrabajo.cl\/portal\/wp-content\/uploads\/2019\/03\/santa-cruz-uni-uni.jpg?w=580&amp;ssl=1 580w, https:\/\/i0.wp.com\/eltrabajo.cl\/portal\/wp-content\/uploads\/2019\/03\/santa-cruz-uni-uni.jpg?resize=200%2C124&amp;ssl=1 200w, https:\/\/i0.wp.com\/eltrabajo.cl\/portal\/wp-content\/uploads\/2019\/03\/santa-cruz-uni-uni.jpg?resize=300%2C186&amp;ssl=1 300w, https:\/\/i0.wp.com\/eltrabajo.cl\/portal\/wp-content\/uploads\/2019\/03\/santa-cruz-uni-uni.jpg?resize=242%2C150&amp;ssl=1 242w, https:\/\/i0.wp.com\/eltrabajo.cl\/portal\/wp-content\/uploads\/2019\/03\/santa-cruz-uni-uni.jpg?resize=400%2C248&amp;ssl=1 400w\" sizes=\"auto, (max-width: 580px) 100vw, 580px\" \/><figcaption id=\"caption-attachment-90912\" class=\"wp-caption-text\">Ante Santa Cruz el Un\u00ed Un\u00ed mostr\u00f3 escaso f\u00fatbol y solo se dedic\u00f3 a defenderse, pero igual termin\u00f3 con las manos vac\u00edas. (Foto gentileza: Jos\u00e9 Manuel Vera)<\/figcaption><\/figure>\n","protected":false},"excerpt":{"rendered":"<p>Cuando ya han corrido cinco largas fechas y definitivamente no se puede hablar de un \u2018arranque\u2019 en falso, es muy preocupante lo que est\u00e1 pasando con Uni\u00f3n San Felipe en la actual&#8230;<\/p>\n","protected":false},"author":482,"featured_media":90912,"comment_status":"open","ping_status":"open","sticky":false,"template":"","format":"standard","meta":{"advanced_seo_description":"","jetpack_seo_html_title":"","jetpack_seo_noindex":false,"_jetpack_memberships_contains_paid_content":false,"footnotes":""},"categories":[19],"tags":[],"class_list":["post-90910","post","type-post","status-publish","format-standard","has-post-thumbnail","hentry","category-deportes"],"jetpack_featured_media_url":"https:\/\/i0.wp.com\/eltrabajo.cl\/portal\/wp-content\/uploads\/2019\/03\/santa-cruz-uni-uni.jpg?fit=580%2C359&ssl=1","jetpack_sharing_enabled":true,"jetpack_likes_enabled":true,"jetpack-related-posts":[],"_links":{"self":[{"href":"https:\/\/eltrabajo.cl\/portal\/wp-json\/wp\/v2\/posts\/90910","targetHints":{"allow":["GET"]}}],"collection":[{"href":"https:\/\/eltrabajo.cl\/portal\/wp-json\/wp\/v2\/posts"}],"about":[{"href":"https:\/\/eltrabajo.cl\/portal\/wp-json\/wp\/v2\/types\/post"}],"author":[{"embeddable":true,"href":"https:\/\/eltrabajo.cl\/portal\/wp-json\/wp\/v2\/users\/482"}],"replies":[{"embeddable":true,"href":"https:\/\/eltrabajo.cl\/portal\/wp-json\/wp\/v2\/comments?post=90910"}],"version-history":[{"count":0,"href":"https:\/\/eltrabajo.cl\/portal\/wp-json\/wp\/v2\/posts\/90910\/revisions"}],"wp:featuredmedia":[{"embeddable":true,"href":"https:\/\/eltrabajo.cl\/portal\/wp-json\/wp\/v2\/media\/90912"}],"wp:attachment":[{"href":"https:\/\/eltrabajo.cl\/portal\/wp-json\/wp\/v2\/media?parent=90910"}],"wp:term":[{"taxonomy":"category","embeddable":true,"href":"https:\/\/eltrabajo.cl\/portal\/wp-json\/wp\/v2\/categories?post=90910"},{"taxonomy":"post_tag","embeddable":true,"href":"https:\/\/eltrabajo.cl\/portal\/wp-json\/wp\/v2\/tags?post=90910"}],"curies":[{"name":"wp","href":"https:\/\/api.w.org\/{rel}","templated":true}]}}