{"id":90933,"date":"2019-03-19T01:21:05","date_gmt":"2019-03-19T04:21:05","guid":{"rendered":"http:\/\/www.eltrabajo.cl\/portal\/?p=90933"},"modified":"2019-03-19T01:21:05","modified_gmt":"2019-03-19T04:21:05","slug":"german-corengia-sera-el-nuevo-entrenador-de-union-san-felipe","status":"publish","type":"post","link":"https:\/\/eltrabajo.cl\/portal\/german-corengia-sera-el-nuevo-entrenador-de-union-san-felipe\/","title":{"rendered":"Germ\u00e1n Corengia ser\u00e1 el nuevo entrenador de Uni\u00f3n San Felipe"},"content":{"rendered":"<p>Por medio de sus plataformas en redes sociales Uni\u00f3n San Felipe inform\u00f3 que el entrenador de nacionalidad trasandina, Germ\u00e1n Corengia, ser\u00e1 el encargado de conducir t\u00e9cnicamente al ahora atribulado primer equipo albirrojo.<br \/>\nEl adiestrador de 37 a\u00f1os de edad ya tuvo un paso que puede catalogarse como regular por la tienda sanfelipe\u00f1a durante la temporada 2015 &#8211; 2016, en la que sorpresivamente fue cesado de sus funciones debido a diferencias de conceptos futbol\u00edsticos con la dirigencia unionista, pese a que en ese momento el equipo estaba a muy pocos puntos de distancia de la liguilla del ascenso.<br \/>\nEl desembarco de Corengia se produce en uno de los momentos deportivos m\u00e1s bajos del Un\u00ed Un\u00ed en toda su historia, donde en la actualidad no sabe de puntos tras cinco fechas, siendo el colista absoluto de la Primera B.<br \/>\nLa dirigencia del Un\u00ed Un\u00ed se inclin\u00f3 por Corengia debido a que es un conocedor de la categor\u00eda. En la tarde de ayer el entrenador dirigi\u00f3 su primera pr\u00e1ctica al mando del plantel de honor de los aconcag\u00fcinos.<\/p>\n<figure id=\"attachment_90934\" aria-describedby=\"caption-attachment-90934\" style=\"width: 580px\" class=\"wp-caption alignnone\"><img data-recalc-dims=\"1\" loading=\"lazy\" decoding=\"async\" class=\"size-full wp-image-90934\" src=\"https:\/\/i0.wp.com\/www.eltrabajo.cl\/portal\/wp-content\/uploads\/2019\/03\/german-corengia.jpg?resize=580%2C359\" alt=\"Germ\u00e1n Corengia tendr\u00e1 otra oportunidad en el Un\u00ed Un\u00ed.\" width=\"580\" height=\"359\" srcset=\"https:\/\/i0.wp.com\/eltrabajo.cl\/portal\/wp-content\/uploads\/2019\/03\/german-corengia.jpg?w=580&amp;ssl=1 580w, https:\/\/i0.wp.com\/eltrabajo.cl\/portal\/wp-content\/uploads\/2019\/03\/german-corengia.jpg?resize=200%2C124&amp;ssl=1 200w, https:\/\/i0.wp.com\/eltrabajo.cl\/portal\/wp-content\/uploads\/2019\/03\/german-corengia.jpg?resize=300%2C186&amp;ssl=1 300w, https:\/\/i0.wp.com\/eltrabajo.cl\/portal\/wp-content\/uploads\/2019\/03\/german-corengia.jpg?resize=242%2C150&amp;ssl=1 242w, https:\/\/i0.wp.com\/eltrabajo.cl\/portal\/wp-content\/uploads\/2019\/03\/german-corengia.jpg?resize=400%2C248&amp;ssl=1 400w\" sizes=\"auto, (max-width: 580px) 100vw, 580px\" \/><figcaption id=\"caption-attachment-90934\" class=\"wp-caption-text\">Germ\u00e1n Corengia tendr\u00e1 otra oportunidad en el Un\u00ed Un\u00ed.<\/figcaption><\/figure>\n","protected":false},"excerpt":{"rendered":"<p>Por medio de sus plataformas en redes sociales Uni\u00f3n San Felipe inform\u00f3 que el entrenador de nacionalidad trasandina, Germ\u00e1n Corengia, ser\u00e1 el encargado de conducir t\u00e9cnicamente al ahora atribulado primer equipo albirrojo&#8230;.<\/p>\n","protected":false},"author":482,"featured_media":90934,"comment_status":"open","ping_status":"open","sticky":false,"template":"","format":"standard","meta":{"advanced_seo_description":"","jetpack_seo_html_title":"","jetpack_seo_noindex":false,"_jetpack_memberships_contains_paid_content":false,"footnotes":""},"categories":[19],"tags":[],"class_list":["post-90933","post","type-post","status-publish","format-standard","has-post-thumbnail","hentry","category-deportes"],"jetpack_featured_media_url":"https:\/\/i0.wp.com\/eltrabajo.cl\/portal\/wp-content\/uploads\/2019\/03\/german-corengia.jpg?fit=580%2C359&ssl=1","jetpack_sharing_enabled":true,"jetpack_likes_enabled":true,"jetpack-related-posts":[],"_links":{"self":[{"href":"https:\/\/eltrabajo.cl\/portal\/wp-json\/wp\/v2\/posts\/90933","targetHints":{"allow":["GET"]}}],"collection":[{"href":"https:\/\/eltrabajo.cl\/portal\/wp-json\/wp\/v2\/posts"}],"about":[{"href":"https:\/\/eltrabajo.cl\/portal\/wp-json\/wp\/v2\/types\/post"}],"author":[{"embeddable":true,"href":"https:\/\/eltrabajo.cl\/portal\/wp-json\/wp\/v2\/users\/482"}],"replies":[{"embeddable":true,"href":"https:\/\/eltrabajo.cl\/portal\/wp-json\/wp\/v2\/comments?post=90933"}],"version-history":[{"count":0,"href":"https:\/\/eltrabajo.cl\/portal\/wp-json\/wp\/v2\/posts\/90933\/revisions"}],"wp:featuredmedia":[{"embeddable":true,"href":"https:\/\/eltrabajo.cl\/portal\/wp-json\/wp\/v2\/media\/90934"}],"wp:attachment":[{"href":"https:\/\/eltrabajo.cl\/portal\/wp-json\/wp\/v2\/media?parent=90933"}],"wp:term":[{"taxonomy":"category","embeddable":true,"href":"https:\/\/eltrabajo.cl\/portal\/wp-json\/wp\/v2\/categories?post=90933"},{"taxonomy":"post_tag","embeddable":true,"href":"https:\/\/eltrabajo.cl\/portal\/wp-json\/wp\/v2\/tags?post=90933"}],"curies":[{"name":"wp","href":"https:\/\/api.w.org\/{rel}","templated":true}]}}