{"id":91039,"date":"2019-03-25T01:57:58","date_gmt":"2019-03-25T04:57:58","guid":{"rendered":"http:\/\/www.eltrabajo.cl\/portal\/?p=91039"},"modified":"2019-03-25T01:57:58","modified_gmt":"2019-03-25T04:57:58","slug":"trasandino-elimina-a-san-luis-y-da-el-golpe-a-la-catedra-en-la-copa-chile","status":"publish","type":"post","link":"https:\/\/eltrabajo.cl\/portal\/trasandino-elimina-a-san-luis-y-da-el-golpe-a-la-catedra-en-la-copa-chile\/","title":{"rendered":"Trasandino elimina a San Luis y da el golpe a la catedra en la Copa Chile"},"content":{"rendered":"<p>Contra todos los pron\u00f3sticos previos ya que enfrentaba a un equipo como San Luis que hace largo est\u00e1 en funcionamiento, mientras que ellos se encuentran en pleno proceso de rodaje, Trasandino super\u00f3 la primera fase de la Copa Chile al imponerse 4 a 1 a los quillotanos en la tanda de los lanzamientos penales.<br \/>\nEl pleito jugado en el Estadio Regional de Los Andes que se caracteriz\u00f3 por su intensidad y buen ritmo, termin\u00f3 en blanco tras los 90 minutos de juego, lo que oblig\u00f3 a ir a la definici\u00f3n desde los doce pasos, instancia en la que \u2018El C\u00f3ndor\u2019 fue m\u00e1s certero al anotar todos los tiros de los que dispuso.<br \/>\nLos ejecutantes andinos fueron: Sebasti\u00e1n Pino, Alejandro Fari\u00f1a, Sim\u00f3n Arias y Janson Novoa; por San Luis el \u00fanico que anot\u00f3 fue el U20 Sebasti\u00e1n Parada.<br \/>\nFrente a San Luis, el conjunto de los Andes que adiestra Christian Mu\u00f1oz, aline\u00f3 con: V\u00edctor G\u00e1lvez; Fabian Barboza, Alejandro Fari\u00f1a, Reinaldo Ahumada, Janson Novoa; Vicente Olivares, Hern\u00e1n Veras (Gald\u00e1mez), Sim\u00f3n Arias, Jorge Uribe (Sotomayor); Matias P\u00e9rez (Contreras) y Sebasti\u00e1n Pino.<\/p>\n<figure id=\"attachment_91040\" aria-describedby=\"caption-attachment-91040\" style=\"width: 580px\" class=\"wp-caption alignnone\"><img data-recalc-dims=\"1\" loading=\"lazy\" decoding=\"async\" class=\"size-full wp-image-91040\" src=\"https:\/\/i0.wp.com\/www.eltrabajo.cl\/portal\/wp-content\/uploads\/2019\/03\/trasandino-san-luis.jpg?resize=580%2C360\" alt=\"Por la Copa Chile Trasandino enfrent\u00f3 en el Regional de Los Andes a San Luis de Quillota. \" width=\"580\" height=\"360\" srcset=\"https:\/\/i0.wp.com\/eltrabajo.cl\/portal\/wp-content\/uploads\/2019\/03\/trasandino-san-luis.jpg?w=580&amp;ssl=1 580w, https:\/\/i0.wp.com\/eltrabajo.cl\/portal\/wp-content\/uploads\/2019\/03\/trasandino-san-luis.jpg?resize=200%2C124&amp;ssl=1 200w, https:\/\/i0.wp.com\/eltrabajo.cl\/portal\/wp-content\/uploads\/2019\/03\/trasandino-san-luis.jpg?resize=300%2C186&amp;ssl=1 300w, https:\/\/i0.wp.com\/eltrabajo.cl\/portal\/wp-content\/uploads\/2019\/03\/trasandino-san-luis.jpg?resize=242%2C150&amp;ssl=1 242w, https:\/\/i0.wp.com\/eltrabajo.cl\/portal\/wp-content\/uploads\/2019\/03\/trasandino-san-luis.jpg?resize=400%2C248&amp;ssl=1 400w\" sizes=\"auto, (max-width: 580px) 100vw, 580px\" \/><figcaption id=\"caption-attachment-91040\" class=\"wp-caption-text\">Por la Copa Chile Trasandino enfrent\u00f3 en el Regional de Los Andes a San Luis de Quillota.<\/figcaption><\/figure>\n","protected":false},"excerpt":{"rendered":"<p>Contra todos los pron\u00f3sticos previos ya que enfrentaba a un equipo como San Luis que hace largo est\u00e1 en funcionamiento, mientras que ellos se encuentran en pleno proceso de rodaje, Trasandino super\u00f3&#8230;<\/p>\n","protected":false},"author":482,"featured_media":91040,"comment_status":"open","ping_status":"open","sticky":false,"template":"","format":"standard","meta":{"advanced_seo_description":"","jetpack_seo_html_title":"","jetpack_seo_noindex":false,"_jetpack_memberships_contains_paid_content":false,"footnotes":""},"categories":[19],"tags":[],"class_list":["post-91039","post","type-post","status-publish","format-standard","has-post-thumbnail","hentry","category-deportes"],"jetpack_featured_media_url":"https:\/\/i0.wp.com\/eltrabajo.cl\/portal\/wp-content\/uploads\/2019\/03\/trasandino-san-luis.jpg?fit=580%2C360&ssl=1","jetpack_sharing_enabled":true,"jetpack_likes_enabled":true,"jetpack-related-posts":[],"_links":{"self":[{"href":"https:\/\/eltrabajo.cl\/portal\/wp-json\/wp\/v2\/posts\/91039","targetHints":{"allow":["GET"]}}],"collection":[{"href":"https:\/\/eltrabajo.cl\/portal\/wp-json\/wp\/v2\/posts"}],"about":[{"href":"https:\/\/eltrabajo.cl\/portal\/wp-json\/wp\/v2\/types\/post"}],"author":[{"embeddable":true,"href":"https:\/\/eltrabajo.cl\/portal\/wp-json\/wp\/v2\/users\/482"}],"replies":[{"embeddable":true,"href":"https:\/\/eltrabajo.cl\/portal\/wp-json\/wp\/v2\/comments?post=91039"}],"version-history":[{"count":0,"href":"https:\/\/eltrabajo.cl\/portal\/wp-json\/wp\/v2\/posts\/91039\/revisions"}],"wp:featuredmedia":[{"embeddable":true,"href":"https:\/\/eltrabajo.cl\/portal\/wp-json\/wp\/v2\/media\/91040"}],"wp:attachment":[{"href":"https:\/\/eltrabajo.cl\/portal\/wp-json\/wp\/v2\/media?parent=91039"}],"wp:term":[{"taxonomy":"category","embeddable":true,"href":"https:\/\/eltrabajo.cl\/portal\/wp-json\/wp\/v2\/categories?post=91039"},{"taxonomy":"post_tag","embeddable":true,"href":"https:\/\/eltrabajo.cl\/portal\/wp-json\/wp\/v2\/tags?post=91039"}],"curies":[{"name":"wp","href":"https:\/\/api.w.org\/{rel}","templated":true}]}}