{"id":91041,"date":"2019-03-25T01:59:08","date_gmt":"2019-03-25T04:59:08","guid":{"rendered":"http:\/\/www.eltrabajo.cl\/portal\/?p=91041"},"modified":"2019-03-25T01:59:08","modified_gmt":"2019-03-25T04:59:08","slug":"terremoto-en-afava-y-selim-amar-pozo","status":"publish","type":"post","link":"https:\/\/eltrabajo.cl\/portal\/terremoto-en-afava-y-selim-amar-pozo\/","title":{"rendered":"Terremoto en Afava y Selim Amar Pozo"},"content":{"rendered":"<p>La noche del jueves reci\u00e9n pasado los torneos de f\u00fatbol estivales m\u00e1s importantes del Valle de Aconcagua: \u2018Selim Amar Pozo, Por Amor a la Camiseta\u2019 y \u2018Afava\u2019, se remecieron al confirmarse que los presidentes de ambos directorios: Juan Torrej\u00f3n (Selim Amar Pozo) y Juan Villarroel (Afava) fueron removidos por la regencia de Arfa Quinta Regi\u00f3n, ente que habr\u00eda detectado una serie de faltas a las bases de esos torneos.<br \/>\nCon bastante anticipaci\u00f3n el presidente del balompi\u00e9 aficionado regional, Christian Ibaceta, hab\u00eda advertido que este a\u00f1o el ente rector del balompi\u00e9 aficionado de la regi\u00f3n pondr\u00eda especial atenci\u00f3n en estos eventos deportivos aconcag\u00fcinos que re\u00fanen a parte de los principales clubes de la zona.<br \/>\nSi bien es cierto a\u00fan no hay una versi\u00f3n oficial de Arfa Quinta -se sabr\u00e1 hoy- los trascendidos hablan que los hechos que llevaron a los cambios de presidentes no revestir\u00edan mayor gravedad, pero para evitar suspicacias y futuros malos entendidos se habr\u00eda optado por esta in\u00e9dita medida administrativa, que sin mayor objeci\u00f3n aceptaron Villarroel y Torrej\u00f3n, quienes igual seguir\u00e1n ligados a los campeonatos como miembros de sus respectivos directorios.<br \/>\nFuentes muy confiables informaron a El Trabajo Deportivo que los directivos Sergio Ferrada y Edgardo Donoso asumir\u00e1n las presidencias de dichos campeonatos.<\/p>\n<figure id=\"attachment_91042\" aria-describedby=\"caption-attachment-91042\" style=\"width: 580px\" class=\"wp-caption alignnone\"><img data-recalc-dims=\"1\" loading=\"lazy\" decoding=\"async\" class=\"size-full wp-image-91042\" src=\"https:\/\/i0.wp.com\/www.eltrabajo.cl\/portal\/wp-content\/uploads\/2019\/03\/torneos.jpg?resize=580%2C359\" alt=\"En los torneos Afava y Selim Amar Pozo hubo cambio de presidentes.\" width=\"580\" height=\"359\" srcset=\"https:\/\/i0.wp.com\/eltrabajo.cl\/portal\/wp-content\/uploads\/2019\/03\/torneos.jpg?w=580&amp;ssl=1 580w, https:\/\/i0.wp.com\/eltrabajo.cl\/portal\/wp-content\/uploads\/2019\/03\/torneos.jpg?resize=200%2C124&amp;ssl=1 200w, https:\/\/i0.wp.com\/eltrabajo.cl\/portal\/wp-content\/uploads\/2019\/03\/torneos.jpg?resize=300%2C186&amp;ssl=1 300w, https:\/\/i0.wp.com\/eltrabajo.cl\/portal\/wp-content\/uploads\/2019\/03\/torneos.jpg?resize=242%2C150&amp;ssl=1 242w, https:\/\/i0.wp.com\/eltrabajo.cl\/portal\/wp-content\/uploads\/2019\/03\/torneos.jpg?resize=400%2C248&amp;ssl=1 400w\" sizes=\"auto, (max-width: 580px) 100vw, 580px\" \/><figcaption id=\"caption-attachment-91042\" class=\"wp-caption-text\">En los torneos Afava y Selim Amar Pozo hubo cambio de presidentes.<\/figcaption><\/figure>\n","protected":false},"excerpt":{"rendered":"<p>La noche del jueves reci\u00e9n pasado los torneos de f\u00fatbol estivales m\u00e1s importantes del Valle de Aconcagua: \u2018Selim Amar Pozo, Por Amor a la Camiseta\u2019 y \u2018Afava\u2019, se remecieron al confirmarse que&#8230;<\/p>\n","protected":false},"author":482,"featured_media":91042,"comment_status":"open","ping_status":"open","sticky":false,"template":"","format":"standard","meta":{"advanced_seo_description":"","jetpack_seo_html_title":"","jetpack_seo_noindex":false,"_jetpack_memberships_contains_paid_content":false,"footnotes":""},"categories":[19],"tags":[],"class_list":["post-91041","post","type-post","status-publish","format-standard","has-post-thumbnail","hentry","category-deportes"],"jetpack_featured_media_url":"https:\/\/i0.wp.com\/eltrabajo.cl\/portal\/wp-content\/uploads\/2019\/03\/torneos.jpg?fit=580%2C359&ssl=1","jetpack_sharing_enabled":true,"jetpack_likes_enabled":true,"jetpack-related-posts":[],"_links":{"self":[{"href":"https:\/\/eltrabajo.cl\/portal\/wp-json\/wp\/v2\/posts\/91041","targetHints":{"allow":["GET"]}}],"collection":[{"href":"https:\/\/eltrabajo.cl\/portal\/wp-json\/wp\/v2\/posts"}],"about":[{"href":"https:\/\/eltrabajo.cl\/portal\/wp-json\/wp\/v2\/types\/post"}],"author":[{"embeddable":true,"href":"https:\/\/eltrabajo.cl\/portal\/wp-json\/wp\/v2\/users\/482"}],"replies":[{"embeddable":true,"href":"https:\/\/eltrabajo.cl\/portal\/wp-json\/wp\/v2\/comments?post=91041"}],"version-history":[{"count":0,"href":"https:\/\/eltrabajo.cl\/portal\/wp-json\/wp\/v2\/posts\/91041\/revisions"}],"wp:featuredmedia":[{"embeddable":true,"href":"https:\/\/eltrabajo.cl\/portal\/wp-json\/wp\/v2\/media\/91042"}],"wp:attachment":[{"href":"https:\/\/eltrabajo.cl\/portal\/wp-json\/wp\/v2\/media?parent=91041"}],"wp:term":[{"taxonomy":"category","embeddable":true,"href":"https:\/\/eltrabajo.cl\/portal\/wp-json\/wp\/v2\/categories?post=91041"},{"taxonomy":"post_tag","embeddable":true,"href":"https:\/\/eltrabajo.cl\/portal\/wp-json\/wp\/v2\/tags?post=91041"}],"curies":[{"name":"wp","href":"https:\/\/api.w.org\/{rel}","templated":true}]}}