{"id":91043,"date":"2019-03-25T01:59:51","date_gmt":"2019-03-25T04:59:51","guid":{"rendered":"http:\/\/www.eltrabajo.cl\/portal\/?p=91043"},"modified":"2019-03-25T01:59:51","modified_gmt":"2019-03-25T04:59:51","slug":"el-uni-supera-primera-etapa-copa-chile-al-vencer-a-penales-a-recoleta","status":"publish","type":"post","link":"https:\/\/eltrabajo.cl\/portal\/el-uni-supera-primera-etapa-copa-chile-al-vencer-a-penales-a-recoleta\/","title":{"rendered":"El Un\u00ed supera primera etapa Copa Chile al vencer a penales a Recoleta"},"content":{"rendered":"<p><span style=\"color: #ff0000;\"><strong>En los 90 minutos reglamentarios el pleito termin\u00f3 en cero.<\/strong><\/span><\/p>\n<p>En el estadio Municipal de Recoleta, ante el equipo que lleva el mismo nombre de esa populosa comuna capitalina, Uni\u00f3n San Felipe rindi\u00f3 su primer examen en la era del t\u00e9cnico trasandino Germ\u00e1n Corengia.<br \/>\nEl duelo dej\u00f3 mucho que desear en su primera etapa, debido a que en el campo de juego se vio a dos equipos muy imprecisos y poca producci\u00f3n futbolista; eso llev\u00f3 a que durante los 45 minutos iniciales no se produjera ninguna ocasi\u00f3n real para romper el cero.<br \/>\nEn el segundo tiempo el Un\u00ed Un\u00ed mejor\u00f3 mucho, principalmente en la ofensiva, cre\u00e1ndose varias ocasiones de gol, pero los hombres (Palacios, Mes\u00edas, \u00c1lvarez) que dispusieron de ellas, las desperdiciaron de manera lamentable, en lo que fue una imagen gr\u00e1fica del nulo poder de gol que tiene este a\u00f1o el cuadro aconcag\u00fcino.<br \/>\nLa igualdad en blanco oblig\u00f3 a una definici\u00f3n a penales, la que finalmente qued\u00f3 en manos de Uni\u00f3n San Felipe por 7 a 6.<br \/>\nPor el Un\u00ed Un\u00ed marcaron: Caballero, Cort\u00e9s, \u00c1lvarez, Fioravanti, Gazzolo, Martini y Andr\u00e9s Fern\u00e1ndez.<\/p>\n<p><span style=\"color: #ff0000;\"><strong>Ficha T\u00e9cnica<\/strong><\/span><br \/>\nPartido Copa Chile<br \/>\nEstadio: Leonel S\u00e1nchez<br \/>\n\u00c1rbitro: Rodrigo Carvajal<br \/>\nDeportes Recoleta (0) (6): Leandro Ca\u00f1ete; Christopher Ross, Cristian Sep\u00falveda, Diego Diaz, Matias Aguilar; Vicente Starikoff, Alejandro Hincapi\u00e9, \u00c1ngel Rojas; Luis Pacheco, Diego Cuellar, Felipe Venegas (Moya). DT: Fabian Marzuca<br \/>\nUni\u00f3n San Felipe (0) (7): Andr\u00e9s Fern\u00e1ndez; Francisco Salinas, David Fern\u00e1ndez, Benjam\u00edn Gazzolo, Gonzalo Villegas; Leandro Fioravanti, Brian Cort\u00e9s, Christian Mu\u00f1oz (Bruno Martini), Gonzalo \u00c1lvarez; Lautaro Palacios (Franco Caballero), Miguel Orellana (Ignacio Mes\u00edas). DT: Germ\u00e1n Corengia<\/p>\n<figure id=\"attachment_91044\" aria-describedby=\"caption-attachment-91044\" style=\"width: 580px\" class=\"wp-caption alignnone\"><img data-recalc-dims=\"1\" loading=\"lazy\" decoding=\"async\" class=\"size-full wp-image-91044\" src=\"https:\/\/i0.wp.com\/www.eltrabajo.cl\/portal\/wp-content\/uploads\/2019\/03\/corengia.jpg?resize=580%2C360\" alt=\"Por la Copa Chile se produjo el reestreno de Germ\u00e1n Corengia al mando del Un\u00ed Un\u00ed.\" width=\"580\" height=\"360\" srcset=\"https:\/\/i0.wp.com\/eltrabajo.cl\/portal\/wp-content\/uploads\/2019\/03\/corengia.jpg?w=580&amp;ssl=1 580w, https:\/\/i0.wp.com\/eltrabajo.cl\/portal\/wp-content\/uploads\/2019\/03\/corengia.jpg?resize=200%2C124&amp;ssl=1 200w, https:\/\/i0.wp.com\/eltrabajo.cl\/portal\/wp-content\/uploads\/2019\/03\/corengia.jpg?resize=300%2C186&amp;ssl=1 300w, https:\/\/i0.wp.com\/eltrabajo.cl\/portal\/wp-content\/uploads\/2019\/03\/corengia.jpg?resize=242%2C150&amp;ssl=1 242w, https:\/\/i0.wp.com\/eltrabajo.cl\/portal\/wp-content\/uploads\/2019\/03\/corengia.jpg?resize=400%2C248&amp;ssl=1 400w\" sizes=\"auto, (max-width: 580px) 100vw, 580px\" \/><figcaption id=\"caption-attachment-91044\" class=\"wp-caption-text\">Por la Copa Chile se produjo el reestreno de Germ\u00e1n Corengia al mando del Un\u00ed Un\u00ed.<\/figcaption><\/figure>\n","protected":false},"excerpt":{"rendered":"<p>En los 90 minutos reglamentarios el pleito termin\u00f3 en cero. En el estadio Municipal de Recoleta, ante el equipo que lleva el mismo nombre de esa populosa comuna capitalina, Uni\u00f3n San Felipe&#8230;<\/p>\n","protected":false},"author":482,"featured_media":91044,"comment_status":"open","ping_status":"open","sticky":false,"template":"","format":"standard","meta":{"advanced_seo_description":"","jetpack_seo_html_title":"","jetpack_seo_noindex":false,"_jetpack_memberships_contains_paid_content":false,"footnotes":""},"categories":[19],"tags":[],"class_list":["post-91043","post","type-post","status-publish","format-standard","has-post-thumbnail","hentry","category-deportes"],"jetpack_featured_media_url":"https:\/\/i0.wp.com\/eltrabajo.cl\/portal\/wp-content\/uploads\/2019\/03\/corengia.jpg?fit=580%2C360&ssl=1","jetpack_sharing_enabled":true,"jetpack_likes_enabled":true,"jetpack-related-posts":[],"_links":{"self":[{"href":"https:\/\/eltrabajo.cl\/portal\/wp-json\/wp\/v2\/posts\/91043","targetHints":{"allow":["GET"]}}],"collection":[{"href":"https:\/\/eltrabajo.cl\/portal\/wp-json\/wp\/v2\/posts"}],"about":[{"href":"https:\/\/eltrabajo.cl\/portal\/wp-json\/wp\/v2\/types\/post"}],"author":[{"embeddable":true,"href":"https:\/\/eltrabajo.cl\/portal\/wp-json\/wp\/v2\/users\/482"}],"replies":[{"embeddable":true,"href":"https:\/\/eltrabajo.cl\/portal\/wp-json\/wp\/v2\/comments?post=91043"}],"version-history":[{"count":0,"href":"https:\/\/eltrabajo.cl\/portal\/wp-json\/wp\/v2\/posts\/91043\/revisions"}],"wp:featuredmedia":[{"embeddable":true,"href":"https:\/\/eltrabajo.cl\/portal\/wp-json\/wp\/v2\/media\/91044"}],"wp:attachment":[{"href":"https:\/\/eltrabajo.cl\/portal\/wp-json\/wp\/v2\/media?parent=91043"}],"wp:term":[{"taxonomy":"category","embeddable":true,"href":"https:\/\/eltrabajo.cl\/portal\/wp-json\/wp\/v2\/categories?post=91043"},{"taxonomy":"post_tag","embeddable":true,"href":"https:\/\/eltrabajo.cl\/portal\/wp-json\/wp\/v2\/tags?post=91043"}],"curies":[{"name":"wp","href":"https:\/\/api.w.org\/{rel}","templated":true}]}}