{"id":91085,"date":"2019-03-27T01:54:12","date_gmt":"2019-03-27T04:54:12","guid":{"rendered":"http:\/\/www.eltrabajo.cl\/portal\/?p=91085"},"modified":"2019-03-27T01:54:12","modified_gmt":"2019-03-27T04:54:12","slug":"lanzador-sanfelipeno-queda-tercero-en-el-nacional-de-chillan","status":"publish","type":"post","link":"https:\/\/eltrabajo.cl\/portal\/lanzador-sanfelipeno-queda-tercero-en-el-nacional-de-chillan\/","title":{"rendered":"Lanzador sanfelipe\u00f1o queda tercero en el Nacional de Chill\u00e1n"},"content":{"rendered":"<p>No pod\u00eda ser de mejor manera el retorno del lanzador m\u00e1ster sanfelipe\u00f1o Jorge Ovalle a los torneos de alta competici\u00f3n, al quedar en el tercer lugar general en la prueba de Lanzamientos en el Nacional de Pruebas Combinadas realizado durante el fin de semana pasado en la ciudad de Chill\u00e1n.<br \/>\nEl atleta aconcag\u00fcino compiti\u00f3 en la disciplina del Pentatl\u00f3n Moderno (Bala, Disco, Martillo, Martellete), obteniendo el tercer lugar luego de una ardua y extenuante competencia: \u201cEstoy muy contento porque de verdad despu\u00e9s de la lesi\u00f3n que sufr\u00ed en noviembre pasado, pens\u00e9 que no lograr\u00eda esto, m\u00e1s todav\u00eda si se tiene en cuenta que es mi primera competencia del a\u00f1o\u201d, apunt\u00f3 Ovalle a El Trabajo Deportivo.<br \/>\nEl recuento para que el sanfelipe\u00f1o pudiera hacerse un espacio en el podio del nacional que reuni\u00f3 a m\u00e1s de 200 competidores, fue el siguiente:<br \/>\nBala: 1\u00ba<br \/>\nDisco: 3\u00ba<br \/>\nMartillo: 2\u00ba<br \/>\nMartellete: 3\u00ba<br \/>\nJorge Ovalle aport\u00f3 adem\u00e1s que al evento chillanejo que tuvo como escenario el estadio atl\u00e9tico Quilamapu, tambi\u00e9n llegaron delegaciones invitadas de Per\u00fa, Colombia y Argentina, lo que le dio un grado de dificultad extra a la competencia.<\/p>\n<figure id=\"attachment_91086\" aria-describedby=\"caption-attachment-91086\" style=\"width: 580px\" class=\"wp-caption alignnone\"><img data-recalc-dims=\"1\" loading=\"lazy\" decoding=\"async\" class=\"size-full wp-image-91086\" src=\"https:\/\/i0.wp.com\/www.eltrabajo.cl\/portal\/wp-content\/uploads\/2019\/03\/jorge-ovalle.jpg?resize=580%2C359\" alt=\"En su retorno a las competencias el lanzador Jorge Ovalle (segundo de derecha a izquierda en la foto) fue tercero en el Nacional de Pruebas Combinadas.\" width=\"580\" height=\"359\" srcset=\"https:\/\/i0.wp.com\/eltrabajo.cl\/portal\/wp-content\/uploads\/2019\/03\/jorge-ovalle.jpg?w=580&amp;ssl=1 580w, https:\/\/i0.wp.com\/eltrabajo.cl\/portal\/wp-content\/uploads\/2019\/03\/jorge-ovalle.jpg?resize=200%2C124&amp;ssl=1 200w, https:\/\/i0.wp.com\/eltrabajo.cl\/portal\/wp-content\/uploads\/2019\/03\/jorge-ovalle.jpg?resize=300%2C186&amp;ssl=1 300w, https:\/\/i0.wp.com\/eltrabajo.cl\/portal\/wp-content\/uploads\/2019\/03\/jorge-ovalle.jpg?resize=242%2C150&amp;ssl=1 242w, https:\/\/i0.wp.com\/eltrabajo.cl\/portal\/wp-content\/uploads\/2019\/03\/jorge-ovalle.jpg?resize=400%2C248&amp;ssl=1 400w\" sizes=\"auto, (max-width: 580px) 100vw, 580px\" \/><figcaption id=\"caption-attachment-91086\" class=\"wp-caption-text\">En su retorno a las competencias el lanzador Jorge Ovalle (segundo de derecha a izquierda en la foto) fue tercero en el Nacional de Pruebas Combinadas.<\/figcaption><\/figure>\n","protected":false},"excerpt":{"rendered":"<p>No pod\u00eda ser de mejor manera el retorno del lanzador m\u00e1ster sanfelipe\u00f1o Jorge Ovalle a los torneos de alta competici\u00f3n, al quedar en el tercer lugar general en la prueba de Lanzamientos&#8230;<\/p>\n","protected":false},"author":482,"featured_media":91086,"comment_status":"open","ping_status":"open","sticky":false,"template":"","format":"standard","meta":{"advanced_seo_description":"","jetpack_seo_html_title":"","jetpack_seo_noindex":false,"_jetpack_memberships_contains_paid_content":false,"footnotes":""},"categories":[19],"tags":[],"class_list":["post-91085","post","type-post","status-publish","format-standard","has-post-thumbnail","hentry","category-deportes"],"jetpack_featured_media_url":"https:\/\/i0.wp.com\/eltrabajo.cl\/portal\/wp-content\/uploads\/2019\/03\/jorge-ovalle.jpg?fit=580%2C359&ssl=1","jetpack_sharing_enabled":true,"jetpack_likes_enabled":true,"jetpack-related-posts":[],"_links":{"self":[{"href":"https:\/\/eltrabajo.cl\/portal\/wp-json\/wp\/v2\/posts\/91085","targetHints":{"allow":["GET"]}}],"collection":[{"href":"https:\/\/eltrabajo.cl\/portal\/wp-json\/wp\/v2\/posts"}],"about":[{"href":"https:\/\/eltrabajo.cl\/portal\/wp-json\/wp\/v2\/types\/post"}],"author":[{"embeddable":true,"href":"https:\/\/eltrabajo.cl\/portal\/wp-json\/wp\/v2\/users\/482"}],"replies":[{"embeddable":true,"href":"https:\/\/eltrabajo.cl\/portal\/wp-json\/wp\/v2\/comments?post=91085"}],"version-history":[{"count":0,"href":"https:\/\/eltrabajo.cl\/portal\/wp-json\/wp\/v2\/posts\/91085\/revisions"}],"wp:featuredmedia":[{"embeddable":true,"href":"https:\/\/eltrabajo.cl\/portal\/wp-json\/wp\/v2\/media\/91086"}],"wp:attachment":[{"href":"https:\/\/eltrabajo.cl\/portal\/wp-json\/wp\/v2\/media?parent=91085"}],"wp:term":[{"taxonomy":"category","embeddable":true,"href":"https:\/\/eltrabajo.cl\/portal\/wp-json\/wp\/v2\/categories?post=91085"},{"taxonomy":"post_tag","embeddable":true,"href":"https:\/\/eltrabajo.cl\/portal\/wp-json\/wp\/v2\/tags?post=91085"}],"curies":[{"name":"wp","href":"https:\/\/api.w.org\/{rel}","templated":true}]}}